{"id":4975,"date":"2023-05-28T07:45:15","date_gmt":"2023-05-28T07:45:15","guid":{"rendered":"https:\/\/newsmediadirectories.com\/es\/el-terrorismo-no-tiene-lugar-en-nuestra-sociedad-una-llamada-a-la-accion-por-la-paz\/"},"modified":"2023-05-28T07:45:15","modified_gmt":"2023-05-28T07:45:15","slug":"el-terrorismo-no-tiene-lugar-en-nuestra-sociedad-una-llamada-a-la-accion-por-la-paz","status":"publish","type":"post","link":"https:\/\/newsmediadirectories.com\/es\/el-terrorismo-no-tiene-lugar-en-nuestra-sociedad-una-llamada-a-la-accion-por-la-paz\/","title":{"rendered":"El terrorismo no tiene lugar en nuestra sociedad: una llamada a la acci\u00f3n por la paz"},"content":{"rendered":"<p>El tema del terrorismo no s\u00f3lo es relevante sino tambi\u00e9n fundamental en el mundo en el que vivimos. Se trata de una amenaza constante que afecta a todas las sociedades, comunidades y naciones, y que debemos combatir con firmeza y determinaci\u00f3n. Es por eso que debemos abogar por la paz y trabajar juntos para erradicar el terrorismo.<\/p>\n<p>Es necesario recordar que el terrorismo no tiene lugar en nuestra sociedad porque sus acciones atentan contra los valores fundamentales de la humanidad, como la vida, la libertad, la igualdad, la justicia y el respeto a los derechos humanos. Sus ataques indiscriminados y brutales no s\u00f3lo cobran vidas humanas, sino que tambi\u00e9n causan da\u00f1os irreparables a las infraestructuras, la econom\u00eda, el medio ambiente y la estabilidad pol\u00edtica.<\/p>\n<p>En este sentido, es imprescindible que todos los sectores de la sociedad se unan en contra del terrorismo y se comprometan en la lucha por la paz. Los gobiernos, las organizaciones internacionales, las empresas, las comunidades religiosas, la sociedad civil y los ciudadanos tienen la responsabilidad de trabajar juntos para prevenir, detectar y combatir el terrorismo.<\/p>\n<p>Para ello, es necesario que se implementen medidas efectivas en todos los \u00e1mbitos, desde la prevenci\u00f3n y la investigaci\u00f3n hasta la educaci\u00f3n, el di\u00e1logo y la cooperaci\u00f3n internacional. Es importante, adem\u00e1s, que se garantice el respeto a los derechos humanos y se promueva la justicia social como una forma de prevenir la radicalizaci\u00f3n y el extremismo.<\/p>\n<p>En conclusi\u00f3n, el terrorismo es una amenaza real y presente en nuestra sociedad que debemos abordar con compromiso y decisi\u00f3n. Todos tenemos un papel que desempe\u00f1ar en esta lucha por la paz, y es necesario que trabajemos juntos y con un mismo prop\u00f3sito para lograrlo. S\u00f3lo as\u00ed podremos construir una sociedad m\u00e1s justa, libre y segura.<\/p>\n<p>Nota express publicada por <a href=\"https:\/\/mediastarpress.com\/\" target=\"_blank\" rel=\"noopener\">MediaStar | Agencia de Medios<\/a>.<\/p>\n","protected":false},"excerpt":{"rendered":"<p>El tema del terrorismo no s\u00f3lo es relevante sino tambi\u00e9n fundamental en el mundo en el que vivimos. Se trata de una amenaza constante que afecta a todas las sociedades, comunidades y naciones, y que debemos combatir con firmeza y determinaci\u00f3n. Es por eso que debemos abogar por la paz y trabajar juntos para erradicar [&hellip;]<\/p>\n","protected":false},"author":1,"featured_media":3727,"comment_status":"open","ping_status":"open","sticky":false,"template":"","format":"standard","meta":{"inline_featured_image":false,"footnotes":""},"categories":[1],"tags":[],"wf_post_folders":[],"class_list":{"0":"post-4975","1":"post","2":"type-post","3":"status-publish","4":"format-standard","5":"has-post-thumbnail","7":"category-noticias"},"yoast_head":"<!-- This site is optimized with the Yoast SEO plugin v24.1 - https:\/\/yoast.com\/wordpress\/plugins\/seo\/ -->\n<title>El terrorismo no tiene lugar en nuestra sociedad: una llamada a la acci\u00f3n por la paz<\/title>\n<meta name=\"robots\" content=\"index, follow, max-snippet:-1, max-image-preview:large, max-video-preview:-1\" \/>\n<link rel=\"canonical\" href=\"https:\/\/newsmediadirectories.com\/es\/el-terrorismo-no-tiene-lugar-en-nuestra-sociedad-una-llamada-a-la-accion-por-la-paz\/\" \/>\n<meta property=\"og:locale\" content=\"es_ES\" \/>\n<meta property=\"og:type\" content=\"article\" \/>\n<meta property=\"og:title\" content=\"El terrorismo no tiene lugar en nuestra sociedad: una llamada a la acci\u00f3n por la paz\" \/>\n<meta property=\"og:description\" content=\"El tema del terrorismo no s\u00f3lo es relevante sino tambi\u00e9n fundamental en el mundo en el que vivimos. Se trata de una amenaza constante que afecta a todas las sociedades, comunidades y naciones, y que debemos combatir con firmeza y determinaci\u00f3n. Es por eso que debemos abogar por la paz y trabajar juntos para erradicar [&hellip;]\" \/>\n<meta property=\"og:url\" content=\"https:\/\/newsmediadirectories.com\/es\/el-terrorismo-no-tiene-lugar-en-nuestra-sociedad-una-llamada-a-la-accion-por-la-paz\/\" \/>\n<meta property=\"og:site_name\" content=\"News Media Directories - Noticias Online\" \/>\n<meta property=\"article:published_time\" content=\"2023-05-28T07:45:15+00:00\" \/>\n<meta property=\"og:image\" content=\"https:\/\/newsmediadirectories.com\/es\/wp-content\/uploads\/2023\/05\/01-109.jpg\" \/>\n\t<meta property=\"og:image:width\" content=\"1100\" \/>\n\t<meta property=\"og:image:height\" content=\"825\" \/>\n\t<meta property=\"og:image:type\" content=\"image\/jpeg\" \/>\n<meta name=\"author\" content=\"Valeria Catillo\" \/>\n<meta name=\"twitter:card\" content=\"summary_large_image\" \/>\n<meta name=\"twitter:label1\" content=\"Escrito por\" \/>\n\t<meta name=\"twitter:data1\" content=\"Valeria Catillo\" \/>\n\t<meta name=\"twitter:label2\" content=\"Tiempo de lectura\" \/>\n\t<meta name=\"twitter:data2\" content=\"2 minutos\" \/>\n<script type=\"application\/ld+json\" class=\"yoast-schema-graph\">{\"@context\":\"https:\/\/schema.org\",\"@graph\":[{\"@type\":\"WebPage\",\"@id\":\"https:\/\/newsmediadirectories.com\/es\/el-terrorismo-no-tiene-lugar-en-nuestra-sociedad-una-llamada-a-la-accion-por-la-paz\/\",\"url\":\"https:\/\/newsmediadirectories.com\/es\/el-terrorismo-no-tiene-lugar-en-nuestra-sociedad-una-llamada-a-la-accion-por-la-paz\/\",\"name\":\"El terrorismo no tiene lugar en nuestra sociedad: una llamada a la acci\u00f3n por la paz\",\"isPartOf\":{\"@id\":\"https:\/\/newsmediadirectories.com\/es\/#website\"},\"primaryImageOfPage\":{\"@id\":\"https:\/\/newsmediadirectories.com\/es\/el-terrorismo-no-tiene-lugar-en-nuestra-sociedad-una-llamada-a-la-accion-por-la-paz\/#primaryimage\"},\"image\":{\"@id\":\"https:\/\/newsmediadirectories.com\/es\/el-terrorismo-no-tiene-lugar-en-nuestra-sociedad-una-llamada-a-la-accion-por-la-paz\/#primaryimage\"},\"thumbnailUrl\":\"https:\/\/newsmediadirectories.com\/es\/wp-content\/uploads\/2023\/05\/01-109.jpg\",\"datePublished\":\"2023-05-28T07:45:15+00:00\",\"dateModified\":\"2023-05-28T07:45:15+00:00\",\"author\":{\"@id\":\"https:\/\/newsmediadirectories.com\/es\/#\/schema\/person\/d936c9a5f74cd01c7ff4e2b559363063\"},\"inLanguage\":\"es\",\"potentialAction\":[{\"@type\":\"ReadAction\",\"target\":[\"https:\/\/newsmediadirectories.com\/es\/el-terrorismo-no-tiene-lugar-en-nuestra-sociedad-una-llamada-a-la-accion-por-la-paz\/\"]}]},{\"@type\":\"ImageObject\",\"inLanguage\":\"es\",\"@id\":\"https:\/\/newsmediadirectories.com\/es\/el-terrorismo-no-tiene-lugar-en-nuestra-sociedad-una-llamada-a-la-accion-por-la-paz\/#primaryimage\",\"url\":\"https:\/\/newsmediadirectories.com\/es\/wp-content\/uploads\/2023\/05\/01-109.jpg\",\"contentUrl\":\"https:\/\/newsmediadirectories.com\/es\/wp-content\/uploads\/2023\/05\/01-109.jpg\",\"width\":1100,\"height\":825},{\"@type\":\"WebSite\",\"@id\":\"https:\/\/newsmediadirectories.com\/es\/#website\",\"url\":\"https:\/\/newsmediadirectories.com\/es\/\",\"name\":\"News Media Directories - Noticias Online\",\"description\":\"News Media Directories - Noticias Online\",\"potentialAction\":[{\"@type\":\"SearchAction\",\"target\":{\"@type\":\"EntryPoint\",\"urlTemplate\":\"https:\/\/newsmediadirectories.com\/es\/?s={search_term_string}\"},\"query-input\":{\"@type\":\"PropertyValueSpecification\",\"valueRequired\":true,\"valueName\":\"search_term_string\"}}],\"inLanguage\":\"es\"},{\"@type\":\"Person\",\"@id\":\"https:\/\/newsmediadirectories.com\/es\/#\/schema\/person\/d936c9a5f74cd01c7ff4e2b559363063\",\"name\":\"Valeria Catillo\",\"image\":{\"@type\":\"ImageObject\",\"inLanguage\":\"es\",\"@id\":\"https:\/\/newsmediadirectories.com\/es\/#\/schema\/person\/image\/\",\"url\":\"https:\/\/secure.gravatar.com\/avatar\/1b6716d8318da7cd8a049a1c7b480328?s=96&d=mm&r=g\",\"contentUrl\":\"https:\/\/secure.gravatar.com\/avatar\/1b6716d8318da7cd8a049a1c7b480328?s=96&d=mm&r=g\",\"caption\":\"Valeria Catillo\"},\"sameAs\":[\"https:\/\/newsmediadirectories.com\/es\"]}]}<\/script>\n<!-- \/ Yoast SEO plugin. -->","yoast_head_json":{"title":"El terrorismo no tiene lugar en nuestra sociedad: una llamada a la acci\u00f3n por la paz","robots":{"index":"index","follow":"follow","max-snippet":"max-snippet:-1","max-image-preview":"max-image-preview:large","max-video-preview":"max-video-preview:-1"},"canonical":"https:\/\/newsmediadirectories.com\/es\/el-terrorismo-no-tiene-lugar-en-nuestra-sociedad-una-llamada-a-la-accion-por-la-paz\/","og_locale":"es_ES","og_type":"article","og_title":"El terrorismo no tiene lugar en nuestra sociedad: una llamada a la acci\u00f3n por la paz","og_description":"El tema del terrorismo no s\u00f3lo es relevante sino tambi\u00e9n fundamental en el mundo en el que vivimos. Se trata de una amenaza constante que afecta a todas las sociedades, comunidades y naciones, y que debemos combatir con firmeza y determinaci\u00f3n. Es por eso que debemos abogar por la paz y trabajar juntos para erradicar [&hellip;]","og_url":"https:\/\/newsmediadirectories.com\/es\/el-terrorismo-no-tiene-lugar-en-nuestra-sociedad-una-llamada-a-la-accion-por-la-paz\/","og_site_name":"News Media Directories - Noticias Online","article_published_time":"2023-05-28T07:45:15+00:00","og_image":[{"width":1100,"height":825,"url":"https:\/\/newsmediadirectories.com\/es\/wp-content\/uploads\/2023\/05\/01-109.jpg","type":"image\/jpeg"}],"author":"Valeria Catillo","twitter_card":"summary_large_image","twitter_misc":{"Escrito por":"Valeria Catillo","Tiempo de lectura":"2 minutos"},"schema":{"@context":"https:\/\/schema.org","@graph":[{"@type":"WebPage","@id":"https:\/\/newsmediadirectories.com\/es\/el-terrorismo-no-tiene-lugar-en-nuestra-sociedad-una-llamada-a-la-accion-por-la-paz\/","url":"https:\/\/newsmediadirectories.com\/es\/el-terrorismo-no-tiene-lugar-en-nuestra-sociedad-una-llamada-a-la-accion-por-la-paz\/","name":"El terrorismo no tiene lugar en nuestra sociedad: una llamada a la acci\u00f3n por la paz","isPartOf":{"@id":"https:\/\/newsmediadirectories.com\/es\/#website"},"primaryImageOfPage":{"@id":"https:\/\/newsmediadirectories.com\/es\/el-terrorismo-no-tiene-lugar-en-nuestra-sociedad-una-llamada-a-la-accion-por-la-paz\/#primaryimage"},"image":{"@id":"https:\/\/newsmediadirectories.com\/es\/el-terrorismo-no-tiene-lugar-en-nuestra-sociedad-una-llamada-a-la-accion-por-la-paz\/#primaryimage"},"thumbnailUrl":"https:\/\/newsmediadirectories.com\/es\/wp-content\/uploads\/2023\/05\/01-109.jpg","datePublished":"2023-05-28T07:45:15+00:00","dateModified":"2023-05-28T07:45:15+00:00","author":{"@id":"https:\/\/newsmediadirectories.com\/es\/#\/schema\/person\/d936c9a5f74cd01c7ff4e2b559363063"},"inLanguage":"es","potentialAction":[{"@type":"ReadAction","target":["https:\/\/newsmediadirectories.com\/es\/el-terrorismo-no-tiene-lugar-en-nuestra-sociedad-una-llamada-a-la-accion-por-la-paz\/"]}]},{"@type":"ImageObject","inLanguage":"es","@id":"https:\/\/newsmediadirectories.com\/es\/el-terrorismo-no-tiene-lugar-en-nuestra-sociedad-una-llamada-a-la-accion-por-la-paz\/#primaryimage","url":"https:\/\/newsmediadirectories.com\/es\/wp-content\/uploads\/2023\/05\/01-109.jpg","contentUrl":"https:\/\/newsmediadirectories.com\/es\/wp-content\/uploads\/2023\/05\/01-109.jpg","width":1100,"height":825},{"@type":"WebSite","@id":"https:\/\/newsmediadirectories.com\/es\/#website","url":"https:\/\/newsmediadirectories.com\/es\/","name":"News Media Directories - Noticias Online","description":"News Media Directories - Noticias Online","potentialAction":[{"@type":"SearchAction","target":{"@type":"EntryPoint","urlTemplate":"https:\/\/newsmediadirectories.com\/es\/?s={search_term_string}"},"query-input":{"@type":"PropertyValueSpecification","valueRequired":true,"valueName":"search_term_string"}}],"inLanguage":"es"},{"@type":"Person","@id":"https:\/\/newsmediadirectories.com\/es\/#\/schema\/person\/d936c9a5f74cd01c7ff4e2b559363063","name":"Valeria Catillo","image":{"@type":"ImageObject","inLanguage":"es","@id":"https:\/\/newsmediadirectories.com\/es\/#\/schema\/person\/image\/","url":"https:\/\/secure.gravatar.com\/avatar\/1b6716d8318da7cd8a049a1c7b480328?s=96&d=mm&r=g","contentUrl":"https:\/\/secure.gravatar.com\/avatar\/1b6716d8318da7cd8a049a1c7b480328?s=96&d=mm&r=g","caption":"Valeria Catillo"},"sameAs":["https:\/\/newsmediadirectories.com\/es"]}]}},"_links":{"self":[{"href":"https:\/\/newsmediadirectories.com\/es\/wp-json\/wp\/v2\/posts\/4975"}],"collection":[{"href":"https:\/\/newsmediadirectories.com\/es\/wp-json\/wp\/v2\/posts"}],"about":[{"href":"https:\/\/newsmediadirectories.com\/es\/wp-json\/wp\/v2\/types\/post"}],"author":[{"embeddable":true,"href":"https:\/\/newsmediadirectories.com\/es\/wp-json\/wp\/v2\/users\/1"}],"replies":[{"embeddable":true,"href":"https:\/\/newsmediadirectories.com\/es\/wp-json\/wp\/v2\/comments?post=4975"}],"version-history":[{"count":0,"href":"https:\/\/newsmediadirectories.com\/es\/wp-json\/wp\/v2\/posts\/4975\/revisions"}],"wp:featuredmedia":[{"embeddable":true,"href":"https:\/\/newsmediadirectories.com\/es\/wp-json\/wp\/v2\/media\/3727"}],"wp:attachment":[{"href":"https:\/\/newsmediadirectories.com\/es\/wp-json\/wp\/v2\/media?parent=4975"}],"wp:term":[{"taxonomy":"category","embeddable":true,"href":"https:\/\/newsmediadirectories.com\/es\/wp-json\/wp\/v2\/categories?post=4975"},{"taxonomy":"post_tag","embeddable":true,"href":"https:\/\/newsmediadirectories.com\/es\/wp-json\/wp\/v2\/tags?post=4975"},{"taxonomy":"wf_post_folders","embeddable":true,"href":"https:\/\/newsmediadirectories.com\/es\/wp-json\/wp\/v2\/wf_post_folders?post=4975"}],"curies":[{"name":"wp","href":"https:\/\/api.w.org\/{rel}","templated":true}]}}