{"id":4438,"date":"2023-05-20T05:34:17","date_gmt":"2023-05-20T05:34:17","guid":{"rendered":"https:\/\/newsmediadirectories.com\/es\/alerta-por-radiacion-nueva-amenaza-ambiental-en-el-mundo\/"},"modified":"2023-05-20T05:34:17","modified_gmt":"2023-05-20T05:34:17","slug":"alerta-por-radiacion-nueva-amenaza-ambiental-en-el-mundo","status":"publish","type":"post","link":"https:\/\/newsmediadirectories.com\/es\/alerta-por-radiacion-nueva-amenaza-ambiental-en-el-mundo\/","title":{"rendered":"Alerta por radiaci\u00f3n: Nueva amenaza ambiental en el mundo."},"content":{"rendered":"<p>Alerta por radiaci\u00f3n: Nueva amenaza ambiental en el mundo<\/p>\n<p>La radiaci\u00f3n es un peligro que ha estado presente en la tierra desde la \u00e9poca en que se origin\u00f3. Sin embargo, en la actualidad, se ha convertido en una amenaza latente para el medio ambiente y tambi\u00e9n para la salud humana.<\/p>\n<p>En las \u00faltimas d\u00e9cadas, ha habido un aumento en la cantidad de plantas nucleares y en la producci\u00f3n de energ\u00eda nuclear en todo el mundo. A pesar de los avances tecnol\u00f3gicos en cuanto a seguridad, todav\u00eda existen riesgos inherentes en la pr\u00e1ctica de la energ\u00eda nuclear.<\/p>\n<p>Uno de los riesgos m\u00e1s obvios y comunes de la energ\u00eda nuclear es la radiaci\u00f3n. Este peligro es causado por la exposici\u00f3n a part\u00edculas y ondas electromagn\u00e9ticas, que pueden ser producidas por la tecnolog\u00eda nuclear, as\u00ed como por eventos naturales, como terremotos y erupciones volc\u00e1nicas.<\/p>\n<p>La radiaci\u00f3n puede tener efectos devastadores en la vida silvestre y tambi\u00e9n en las personas. Puede causar enfermedades, incluso c\u00e1ncer y defectos de nacimiento en los beb\u00e9s, y puede matar a los animales y plantas. Los efectos de la radiaci\u00f3n pueden durar durante d\u00e9cadas o incluso siglos, lo que hace que sea un riesgo ambiental extremadamente grave.<\/p>\n<p>Por lo tanto, es de vital importancia que las plantas nucleares y otras instalaciones de radiaci\u00f3n mantengan estrictas medidas de seguridad y control. Adem\u00e1s, se deben desarrollar nuevas tecnolog\u00edas y formas de energ\u00eda que sean menos peligrosas para el medio ambiente.<\/p>\n<p>En conclusi\u00f3n, la radiaci\u00f3n es una amenaza ambiental seria y creciente en todo el mundo. Es necesario que los gobiernos y la industria tomen medidas para mitiga este riesgo y proteger la salud y el bienestar de la poblaci\u00f3n y del medio ambiente.<\/p>\n<p>Nota express publicada por <a href=\"https:\/\/mediastarpress.com\/\" target=\"_blank\" rel=\"noopener\">MediaStar | Agencia de Medios<\/a>.<\/p>\n","protected":false},"excerpt":{"rendered":"<p>Alerta por radiaci\u00f3n: Nueva amenaza ambiental en el mundo La radiaci\u00f3n es un peligro que ha estado presente en la tierra desde la \u00e9poca en que se origin\u00f3. Sin embargo, en la actualidad, se ha convertido en una amenaza latente para el medio ambiente y tambi\u00e9n para la salud humana. En las \u00faltimas d\u00e9cadas, ha [&hellip;]<\/p>\n","protected":false},"author":1,"featured_media":3949,"comment_status":"open","ping_status":"open","sticky":false,"template":"","format":"standard","meta":{"inline_featured_image":false,"footnotes":""},"categories":[38],"tags":[],"wf_post_folders":[],"class_list":{"0":"post-4438","1":"post","2":"type-post","3":"status-publish","4":"format-standard","5":"has-post-thumbnail","7":"category-fast-news"},"yoast_head":"<!-- This site is optimized with the Yoast SEO plugin v24.1 - https:\/\/yoast.com\/wordpress\/plugins\/seo\/ -->\n<title>Alerta por radiaci\u00f3n: Nueva amenaza ambiental en el mundo.<\/title>\n<meta name=\"robots\" content=\"index, follow, max-snippet:-1, max-image-preview:large, max-video-preview:-1\" \/>\n<link rel=\"canonical\" href=\"https:\/\/newsmediadirectories.com\/es\/alerta-por-radiacion-nueva-amenaza-ambiental-en-el-mundo\/\" \/>\n<meta property=\"og:locale\" content=\"es_ES\" \/>\n<meta property=\"og:type\" content=\"article\" \/>\n<meta property=\"og:title\" content=\"Alerta por radiaci\u00f3n: Nueva amenaza ambiental en el mundo.\" \/>\n<meta property=\"og:description\" content=\"Alerta por radiaci\u00f3n: Nueva amenaza ambiental en el mundo La radiaci\u00f3n es un peligro que ha estado presente en la tierra desde la \u00e9poca en que se origin\u00f3. Sin embargo, en la actualidad, se ha convertido en una amenaza latente para el medio ambiente y tambi\u00e9n para la salud humana. En las \u00faltimas d\u00e9cadas, ha [&hellip;]\" \/>\n<meta property=\"og:url\" content=\"https:\/\/newsmediadirectories.com\/es\/alerta-por-radiacion-nueva-amenaza-ambiental-en-el-mundo\/\" \/>\n<meta property=\"og:site_name\" content=\"News Media Directories - Noticias Online\" \/>\n<meta property=\"article:published_time\" content=\"2023-05-20T05:34:17+00:00\" \/>\n<meta property=\"og:image\" content=\"https:\/\/newsmediadirectories.com\/es\/wp-content\/uploads\/2023\/05\/0-288.jpg\" \/>\n\t<meta property=\"og:image:width\" content=\"1100\" \/>\n\t<meta property=\"og:image:height\" content=\"733\" \/>\n\t<meta property=\"og:image:type\" content=\"image\/jpeg\" \/>\n<meta name=\"author\" content=\"Valeria Catillo\" \/>\n<meta name=\"twitter:card\" content=\"summary_large_image\" \/>\n<meta name=\"twitter:label1\" content=\"Escrito por\" \/>\n\t<meta name=\"twitter:data1\" content=\"Valeria Catillo\" \/>\n\t<meta name=\"twitter:label2\" content=\"Tiempo de lectura\" \/>\n\t<meta name=\"twitter:data2\" content=\"2 minutos\" \/>\n<script type=\"application\/ld+json\" class=\"yoast-schema-graph\">{\"@context\":\"https:\/\/schema.org\",\"@graph\":[{\"@type\":\"WebPage\",\"@id\":\"https:\/\/newsmediadirectories.com\/es\/alerta-por-radiacion-nueva-amenaza-ambiental-en-el-mundo\/\",\"url\":\"https:\/\/newsmediadirectories.com\/es\/alerta-por-radiacion-nueva-amenaza-ambiental-en-el-mundo\/\",\"name\":\"Alerta por radiaci\u00f3n: Nueva amenaza ambiental en el mundo.\",\"isPartOf\":{\"@id\":\"https:\/\/newsmediadirectories.com\/es\/#website\"},\"primaryImageOfPage\":{\"@id\":\"https:\/\/newsmediadirectories.com\/es\/alerta-por-radiacion-nueva-amenaza-ambiental-en-el-mundo\/#primaryimage\"},\"image\":{\"@id\":\"https:\/\/newsmediadirectories.com\/es\/alerta-por-radiacion-nueva-amenaza-ambiental-en-el-mundo\/#primaryimage\"},\"thumbnailUrl\":\"https:\/\/newsmediadirectories.com\/es\/wp-content\/uploads\/2023\/05\/0-288.jpg\",\"datePublished\":\"2023-05-20T05:34:17+00:00\",\"dateModified\":\"2023-05-20T05:34:17+00:00\",\"author\":{\"@id\":\"https:\/\/newsmediadirectories.com\/es\/#\/schema\/person\/d936c9a5f74cd01c7ff4e2b559363063\"},\"inLanguage\":\"es\",\"potentialAction\":[{\"@type\":\"ReadAction\",\"target\":[\"https:\/\/newsmediadirectories.com\/es\/alerta-por-radiacion-nueva-amenaza-ambiental-en-el-mundo\/\"]}]},{\"@type\":\"ImageObject\",\"inLanguage\":\"es\",\"@id\":\"https:\/\/newsmediadirectories.com\/es\/alerta-por-radiacion-nueva-amenaza-ambiental-en-el-mundo\/#primaryimage\",\"url\":\"https:\/\/newsmediadirectories.com\/es\/wp-content\/uploads\/2023\/05\/0-288.jpg\",\"contentUrl\":\"https:\/\/newsmediadirectories.com\/es\/wp-content\/uploads\/2023\/05\/0-288.jpg\",\"width\":1100,\"height\":733},{\"@type\":\"WebSite\",\"@id\":\"https:\/\/newsmediadirectories.com\/es\/#website\",\"url\":\"https:\/\/newsmediadirectories.com\/es\/\",\"name\":\"News Media Directories - Noticias Online\",\"description\":\"News Media Directories - Noticias Online\",\"potentialAction\":[{\"@type\":\"SearchAction\",\"target\":{\"@type\":\"EntryPoint\",\"urlTemplate\":\"https:\/\/newsmediadirectories.com\/es\/?s={search_term_string}\"},\"query-input\":{\"@type\":\"PropertyValueSpecification\",\"valueRequired\":true,\"valueName\":\"search_term_string\"}}],\"inLanguage\":\"es\"},{\"@type\":\"Person\",\"@id\":\"https:\/\/newsmediadirectories.com\/es\/#\/schema\/person\/d936c9a5f74cd01c7ff4e2b559363063\",\"name\":\"Valeria Catillo\",\"image\":{\"@type\":\"ImageObject\",\"inLanguage\":\"es\",\"@id\":\"https:\/\/newsmediadirectories.com\/es\/#\/schema\/person\/image\/\",\"url\":\"https:\/\/secure.gravatar.com\/avatar\/1b6716d8318da7cd8a049a1c7b480328?s=96&d=mm&r=g\",\"contentUrl\":\"https:\/\/secure.gravatar.com\/avatar\/1b6716d8318da7cd8a049a1c7b480328?s=96&d=mm&r=g\",\"caption\":\"Valeria Catillo\"},\"sameAs\":[\"https:\/\/newsmediadirectories.com\/es\"]}]}<\/script>\n<!-- \/ Yoast SEO plugin. -->","yoast_head_json":{"title":"Alerta por radiaci\u00f3n: Nueva amenaza ambiental en el mundo.","robots":{"index":"index","follow":"follow","max-snippet":"max-snippet:-1","max-image-preview":"max-image-preview:large","max-video-preview":"max-video-preview:-1"},"canonical":"https:\/\/newsmediadirectories.com\/es\/alerta-por-radiacion-nueva-amenaza-ambiental-en-el-mundo\/","og_locale":"es_ES","og_type":"article","og_title":"Alerta por radiaci\u00f3n: Nueva amenaza ambiental en el mundo.","og_description":"Alerta por radiaci\u00f3n: Nueva amenaza ambiental en el mundo La radiaci\u00f3n es un peligro que ha estado presente en la tierra desde la \u00e9poca en que se origin\u00f3. Sin embargo, en la actualidad, se ha convertido en una amenaza latente para el medio ambiente y tambi\u00e9n para la salud humana. En las \u00faltimas d\u00e9cadas, ha [&hellip;]","og_url":"https:\/\/newsmediadirectories.com\/es\/alerta-por-radiacion-nueva-amenaza-ambiental-en-el-mundo\/","og_site_name":"News Media Directories - Noticias Online","article_published_time":"2023-05-20T05:34:17+00:00","og_image":[{"width":1100,"height":733,"url":"https:\/\/newsmediadirectories.com\/es\/wp-content\/uploads\/2023\/05\/0-288.jpg","type":"image\/jpeg"}],"author":"Valeria Catillo","twitter_card":"summary_large_image","twitter_misc":{"Escrito por":"Valeria Catillo","Tiempo de lectura":"2 minutos"},"schema":{"@context":"https:\/\/schema.org","@graph":[{"@type":"WebPage","@id":"https:\/\/newsmediadirectories.com\/es\/alerta-por-radiacion-nueva-amenaza-ambiental-en-el-mundo\/","url":"https:\/\/newsmediadirectories.com\/es\/alerta-por-radiacion-nueva-amenaza-ambiental-en-el-mundo\/","name":"Alerta por radiaci\u00f3n: Nueva amenaza ambiental en el mundo.","isPartOf":{"@id":"https:\/\/newsmediadirectories.com\/es\/#website"},"primaryImageOfPage":{"@id":"https:\/\/newsmediadirectories.com\/es\/alerta-por-radiacion-nueva-amenaza-ambiental-en-el-mundo\/#primaryimage"},"image":{"@id":"https:\/\/newsmediadirectories.com\/es\/alerta-por-radiacion-nueva-amenaza-ambiental-en-el-mundo\/#primaryimage"},"thumbnailUrl":"https:\/\/newsmediadirectories.com\/es\/wp-content\/uploads\/2023\/05\/0-288.jpg","datePublished":"2023-05-20T05:34:17+00:00","dateModified":"2023-05-20T05:34:17+00:00","author":{"@id":"https:\/\/newsmediadirectories.com\/es\/#\/schema\/person\/d936c9a5f74cd01c7ff4e2b559363063"},"inLanguage":"es","potentialAction":[{"@type":"ReadAction","target":["https:\/\/newsmediadirectories.com\/es\/alerta-por-radiacion-nueva-amenaza-ambiental-en-el-mundo\/"]}]},{"@type":"ImageObject","inLanguage":"es","@id":"https:\/\/newsmediadirectories.com\/es\/alerta-por-radiacion-nueva-amenaza-ambiental-en-el-mundo\/#primaryimage","url":"https:\/\/newsmediadirectories.com\/es\/wp-content\/uploads\/2023\/05\/0-288.jpg","contentUrl":"https:\/\/newsmediadirectories.com\/es\/wp-content\/uploads\/2023\/05\/0-288.jpg","width":1100,"height":733},{"@type":"WebSite","@id":"https:\/\/newsmediadirectories.com\/es\/#website","url":"https:\/\/newsmediadirectories.com\/es\/","name":"News Media Directories - Noticias Online","description":"News Media Directories - Noticias Online","potentialAction":[{"@type":"SearchAction","target":{"@type":"EntryPoint","urlTemplate":"https:\/\/newsmediadirectories.com\/es\/?s={search_term_string}"},"query-input":{"@type":"PropertyValueSpecification","valueRequired":true,"valueName":"search_term_string"}}],"inLanguage":"es"},{"@type":"Person","@id":"https:\/\/newsmediadirectories.com\/es\/#\/schema\/person\/d936c9a5f74cd01c7ff4e2b559363063","name":"Valeria Catillo","image":{"@type":"ImageObject","inLanguage":"es","@id":"https:\/\/newsmediadirectories.com\/es\/#\/schema\/person\/image\/","url":"https:\/\/secure.gravatar.com\/avatar\/1b6716d8318da7cd8a049a1c7b480328?s=96&d=mm&r=g","contentUrl":"https:\/\/secure.gravatar.com\/avatar\/1b6716d8318da7cd8a049a1c7b480328?s=96&d=mm&r=g","caption":"Valeria Catillo"},"sameAs":["https:\/\/newsmediadirectories.com\/es"]}]}},"_links":{"self":[{"href":"https:\/\/newsmediadirectories.com\/es\/wp-json\/wp\/v2\/posts\/4438"}],"collection":[{"href":"https:\/\/newsmediadirectories.com\/es\/wp-json\/wp\/v2\/posts"}],"about":[{"href":"https:\/\/newsmediadirectories.com\/es\/wp-json\/wp\/v2\/types\/post"}],"author":[{"embeddable":true,"href":"https:\/\/newsmediadirectories.com\/es\/wp-json\/wp\/v2\/users\/1"}],"replies":[{"embeddable":true,"href":"https:\/\/newsmediadirectories.com\/es\/wp-json\/wp\/v2\/comments?post=4438"}],"version-history":[{"count":0,"href":"https:\/\/newsmediadirectories.com\/es\/wp-json\/wp\/v2\/posts\/4438\/revisions"}],"wp:featuredmedia":[{"embeddable":true,"href":"https:\/\/newsmediadirectories.com\/es\/wp-json\/wp\/v2\/media\/3949"}],"wp:attachment":[{"href":"https:\/\/newsmediadirectories.com\/es\/wp-json\/wp\/v2\/media?parent=4438"}],"wp:term":[{"taxonomy":"category","embeddable":true,"href":"https:\/\/newsmediadirectories.com\/es\/wp-json\/wp\/v2\/categories?post=4438"},{"taxonomy":"post_tag","embeddable":true,"href":"https:\/\/newsmediadirectories.com\/es\/wp-json\/wp\/v2\/tags?post=4438"},{"taxonomy":"wf_post_folders","embeddable":true,"href":"https:\/\/newsmediadirectories.com\/es\/wp-json\/wp\/v2\/wf_post_folders?post=4438"}],"curies":[{"name":"wp","href":"https:\/\/api.w.org\/{rel}","templated":true}]}}