{"id":4424,"date":"2023-05-20T05:34:21","date_gmt":"2023-05-20T05:34:21","guid":{"rendered":"https:\/\/newsmediadirectories.com\/es\/salvar-nuestro-planeta-es-hora-de-actuar-por-el-medio-ambiente-2\/"},"modified":"2023-05-20T05:34:21","modified_gmt":"2023-05-20T05:34:21","slug":"salvar-nuestro-planeta-es-hora-de-actuar-por-el-medio-ambiente-2","status":"publish","type":"post","link":"https:\/\/newsmediadirectories.com\/es\/salvar-nuestro-planeta-es-hora-de-actuar-por-el-medio-ambiente-2\/","title":{"rendered":"Salvar nuestro planeta: \u00a1Es hora de actuar por el medio ambiente!"},"content":{"rendered":"<p>La crisis clim\u00e1tica es un tema candente en la agenda mundial, y con raz\u00f3n. Desde el aumento del nivel del mar hasta la quema de combustibles f\u00f3siles y la contaminaci\u00f3n del aire, los seres humanos hemos sido responsables del da\u00f1o causado al medio ambiente. Ahora es el momento de actuar, y debemos hacerlo juntos.<\/p>\n<p>La necesidad de salvar nuestro planeta se hizo evidente cuando se estableci\u00f3 que las emisiones de gases de efecto invernadero causadas por la actividad humana est\u00e1n calentando la atm\u00f3sfera de nuestro planeta y causando cambios significativos en el clima mundial. Adem\u00e1s, la deforestaci\u00f3n, la acidificaci\u00f3n del oc\u00e9ano y la explotaci\u00f3n de recursos naturales han tenido un impacto devastador en la biodiversidad.<\/p>\n<p>A pesar de los informes alarmantes, todav\u00eda hay quienes niegan tanto la existencia del cambio clim\u00e1tico como la necesidad de tomar medidas para abordarlo. Pero como sociedad, debemos reconocer la gravedad de la situaci\u00f3n y trabajar juntos para encontrar soluciones. Desde los individuos hasta las empresas y los gobiernos, todos deben hacer su parte para proteger el medio ambiente.<\/p>\n<p>La educaci\u00f3n y la conciencia ambiental son fundamentales, ya que podemos crear cambios significativos a trav\u00e9s de la educaci\u00f3n de las nuevas generaciones y del desarrollo de nuevas tecnolog\u00edas m\u00e1s respetuosas con el medio ambiente. Asimismo, es necesario que los gobiernos tomen medidas concretas para reducir la contaminaci\u00f3n y aumentar la dependencia de energ\u00edas renovables.<\/p>\n<p>En conclusi\u00f3n, salvar nuestro planeta es una tarea monumental que nos requiere a todos, como sociedad, hacer nuestra parte. Juntos, podemos adoptar un enfoque proactivo para proteger el medio ambiente y garantizar un futuro mejor para las generaciones venideras. Debemos actuar ahora para evitar un da\u00f1o irreparable al planeta que llamamos hogar.<\/p>\n<p>Nota express publicada por <a href=\"https:\/\/mediastarpress.com\/\" target=\"_blank\" rel=\"noopener\">MediaStar | Agencia de Medios<\/a>.<\/p>\n","protected":false},"excerpt":{"rendered":"<p>La crisis clim\u00e1tica es un tema candente en la agenda mundial, y con raz\u00f3n. Desde el aumento del nivel del mar hasta la quema de combustibles f\u00f3siles y la contaminaci\u00f3n del aire, los seres humanos hemos sido responsables del da\u00f1o causado al medio ambiente. Ahora es el momento de actuar, y debemos hacerlo juntos. La [&hellip;]<\/p>\n","protected":false},"author":1,"featured_media":4013,"comment_status":"open","ping_status":"open","sticky":false,"template":"","format":"standard","meta":{"inline_featured_image":false,"footnotes":""},"categories":[38],"tags":[],"wf_post_folders":[],"class_list":{"0":"post-4424","1":"post","2":"type-post","3":"status-publish","4":"format-standard","5":"has-post-thumbnail","7":"category-fast-news"},"yoast_head":"<!-- This site is optimized with the Yoast SEO plugin v24.1 - https:\/\/yoast.com\/wordpress\/plugins\/seo\/ -->\n<title>Salvar nuestro planeta: \u00a1Es hora de actuar por el medio ambiente!<\/title>\n<meta name=\"robots\" content=\"index, follow, max-snippet:-1, max-image-preview:large, max-video-preview:-1\" \/>\n<link rel=\"canonical\" href=\"https:\/\/newsmediadirectories.com\/es\/salvar-nuestro-planeta-es-hora-de-actuar-por-el-medio-ambiente-2\/\" \/>\n<meta property=\"og:locale\" content=\"es_ES\" \/>\n<meta property=\"og:type\" content=\"article\" \/>\n<meta property=\"og:title\" content=\"Salvar nuestro planeta: \u00a1Es hora de actuar por el medio ambiente!\" \/>\n<meta property=\"og:description\" content=\"La crisis clim\u00e1tica es un tema candente en la agenda mundial, y con raz\u00f3n. Desde el aumento del nivel del mar hasta la quema de combustibles f\u00f3siles y la contaminaci\u00f3n del aire, los seres humanos hemos sido responsables del da\u00f1o causado al medio ambiente. Ahora es el momento de actuar, y debemos hacerlo juntos. La [&hellip;]\" \/>\n<meta property=\"og:url\" content=\"https:\/\/newsmediadirectories.com\/es\/salvar-nuestro-planeta-es-hora-de-actuar-por-el-medio-ambiente-2\/\" \/>\n<meta property=\"og:site_name\" content=\"News Media Directories - Noticias Online\" \/>\n<meta property=\"article:published_time\" content=\"2023-05-20T05:34:21+00:00\" \/>\n<meta property=\"og:image\" content=\"https:\/\/newsmediadirectories.com\/es\/wp-content\/uploads\/2023\/05\/01-86.jpg\" \/>\n\t<meta property=\"og:image:width\" content=\"1100\" \/>\n\t<meta property=\"og:image:height\" content=\"619\" \/>\n\t<meta property=\"og:image:type\" content=\"image\/jpeg\" \/>\n<meta name=\"author\" content=\"Valeria Catillo\" \/>\n<meta name=\"twitter:card\" content=\"summary_large_image\" \/>\n<meta name=\"twitter:label1\" content=\"Escrito por\" \/>\n\t<meta name=\"twitter:data1\" content=\"Valeria Catillo\" \/>\n\t<meta name=\"twitter:label2\" content=\"Tiempo de lectura\" \/>\n\t<meta name=\"twitter:data2\" content=\"2 minutos\" \/>\n<script type=\"application\/ld+json\" class=\"yoast-schema-graph\">{\"@context\":\"https:\/\/schema.org\",\"@graph\":[{\"@type\":\"WebPage\",\"@id\":\"https:\/\/newsmediadirectories.com\/es\/salvar-nuestro-planeta-es-hora-de-actuar-por-el-medio-ambiente-2\/\",\"url\":\"https:\/\/newsmediadirectories.com\/es\/salvar-nuestro-planeta-es-hora-de-actuar-por-el-medio-ambiente-2\/\",\"name\":\"Salvar nuestro planeta: \u00a1Es hora de actuar por el medio ambiente!\",\"isPartOf\":{\"@id\":\"https:\/\/newsmediadirectories.com\/es\/#website\"},\"primaryImageOfPage\":{\"@id\":\"https:\/\/newsmediadirectories.com\/es\/salvar-nuestro-planeta-es-hora-de-actuar-por-el-medio-ambiente-2\/#primaryimage\"},\"image\":{\"@id\":\"https:\/\/newsmediadirectories.com\/es\/salvar-nuestro-planeta-es-hora-de-actuar-por-el-medio-ambiente-2\/#primaryimage\"},\"thumbnailUrl\":\"https:\/\/newsmediadirectories.com\/es\/wp-content\/uploads\/2023\/05\/01-86.jpg\",\"datePublished\":\"2023-05-20T05:34:21+00:00\",\"dateModified\":\"2023-05-20T05:34:21+00:00\",\"author\":{\"@id\":\"https:\/\/newsmediadirectories.com\/es\/#\/schema\/person\/d936c9a5f74cd01c7ff4e2b559363063\"},\"inLanguage\":\"es\",\"potentialAction\":[{\"@type\":\"ReadAction\",\"target\":[\"https:\/\/newsmediadirectories.com\/es\/salvar-nuestro-planeta-es-hora-de-actuar-por-el-medio-ambiente-2\/\"]}]},{\"@type\":\"ImageObject\",\"inLanguage\":\"es\",\"@id\":\"https:\/\/newsmediadirectories.com\/es\/salvar-nuestro-planeta-es-hora-de-actuar-por-el-medio-ambiente-2\/#primaryimage\",\"url\":\"https:\/\/newsmediadirectories.com\/es\/wp-content\/uploads\/2023\/05\/01-86.jpg\",\"contentUrl\":\"https:\/\/newsmediadirectories.com\/es\/wp-content\/uploads\/2023\/05\/01-86.jpg\",\"width\":1100,\"height\":619},{\"@type\":\"WebSite\",\"@id\":\"https:\/\/newsmediadirectories.com\/es\/#website\",\"url\":\"https:\/\/newsmediadirectories.com\/es\/\",\"name\":\"News Media Directories - Noticias Online\",\"description\":\"News Media Directories - Noticias Online\",\"potentialAction\":[{\"@type\":\"SearchAction\",\"target\":{\"@type\":\"EntryPoint\",\"urlTemplate\":\"https:\/\/newsmediadirectories.com\/es\/?s={search_term_string}\"},\"query-input\":{\"@type\":\"PropertyValueSpecification\",\"valueRequired\":true,\"valueName\":\"search_term_string\"}}],\"inLanguage\":\"es\"},{\"@type\":\"Person\",\"@id\":\"https:\/\/newsmediadirectories.com\/es\/#\/schema\/person\/d936c9a5f74cd01c7ff4e2b559363063\",\"name\":\"Valeria Catillo\",\"image\":{\"@type\":\"ImageObject\",\"inLanguage\":\"es\",\"@id\":\"https:\/\/newsmediadirectories.com\/es\/#\/schema\/person\/image\/\",\"url\":\"https:\/\/secure.gravatar.com\/avatar\/1b6716d8318da7cd8a049a1c7b480328?s=96&d=mm&r=g\",\"contentUrl\":\"https:\/\/secure.gravatar.com\/avatar\/1b6716d8318da7cd8a049a1c7b480328?s=96&d=mm&r=g\",\"caption\":\"Valeria Catillo\"},\"sameAs\":[\"https:\/\/newsmediadirectories.com\/es\"]}]}<\/script>\n<!-- \/ Yoast SEO plugin. -->","yoast_head_json":{"title":"Salvar nuestro planeta: \u00a1Es hora de actuar por el medio ambiente!","robots":{"index":"index","follow":"follow","max-snippet":"max-snippet:-1","max-image-preview":"max-image-preview:large","max-video-preview":"max-video-preview:-1"},"canonical":"https:\/\/newsmediadirectories.com\/es\/salvar-nuestro-planeta-es-hora-de-actuar-por-el-medio-ambiente-2\/","og_locale":"es_ES","og_type":"article","og_title":"Salvar nuestro planeta: \u00a1Es hora de actuar por el medio ambiente!","og_description":"La crisis clim\u00e1tica es un tema candente en la agenda mundial, y con raz\u00f3n. Desde el aumento del nivel del mar hasta la quema de combustibles f\u00f3siles y la contaminaci\u00f3n del aire, los seres humanos hemos sido responsables del da\u00f1o causado al medio ambiente. Ahora es el momento de actuar, y debemos hacerlo juntos. La [&hellip;]","og_url":"https:\/\/newsmediadirectories.com\/es\/salvar-nuestro-planeta-es-hora-de-actuar-por-el-medio-ambiente-2\/","og_site_name":"News Media Directories - Noticias Online","article_published_time":"2023-05-20T05:34:21+00:00","og_image":[{"width":1100,"height":619,"url":"https:\/\/newsmediadirectories.com\/es\/wp-content\/uploads\/2023\/05\/01-86.jpg","type":"image\/jpeg"}],"author":"Valeria Catillo","twitter_card":"summary_large_image","twitter_misc":{"Escrito por":"Valeria Catillo","Tiempo de lectura":"2 minutos"},"schema":{"@context":"https:\/\/schema.org","@graph":[{"@type":"WebPage","@id":"https:\/\/newsmediadirectories.com\/es\/salvar-nuestro-planeta-es-hora-de-actuar-por-el-medio-ambiente-2\/","url":"https:\/\/newsmediadirectories.com\/es\/salvar-nuestro-planeta-es-hora-de-actuar-por-el-medio-ambiente-2\/","name":"Salvar nuestro planeta: \u00a1Es hora de actuar por el medio ambiente!","isPartOf":{"@id":"https:\/\/newsmediadirectories.com\/es\/#website"},"primaryImageOfPage":{"@id":"https:\/\/newsmediadirectories.com\/es\/salvar-nuestro-planeta-es-hora-de-actuar-por-el-medio-ambiente-2\/#primaryimage"},"image":{"@id":"https:\/\/newsmediadirectories.com\/es\/salvar-nuestro-planeta-es-hora-de-actuar-por-el-medio-ambiente-2\/#primaryimage"},"thumbnailUrl":"https:\/\/newsmediadirectories.com\/es\/wp-content\/uploads\/2023\/05\/01-86.jpg","datePublished":"2023-05-20T05:34:21+00:00","dateModified":"2023-05-20T05:34:21+00:00","author":{"@id":"https:\/\/newsmediadirectories.com\/es\/#\/schema\/person\/d936c9a5f74cd01c7ff4e2b559363063"},"inLanguage":"es","potentialAction":[{"@type":"ReadAction","target":["https:\/\/newsmediadirectories.com\/es\/salvar-nuestro-planeta-es-hora-de-actuar-por-el-medio-ambiente-2\/"]}]},{"@type":"ImageObject","inLanguage":"es","@id":"https:\/\/newsmediadirectories.com\/es\/salvar-nuestro-planeta-es-hora-de-actuar-por-el-medio-ambiente-2\/#primaryimage","url":"https:\/\/newsmediadirectories.com\/es\/wp-content\/uploads\/2023\/05\/01-86.jpg","contentUrl":"https:\/\/newsmediadirectories.com\/es\/wp-content\/uploads\/2023\/05\/01-86.jpg","width":1100,"height":619},{"@type":"WebSite","@id":"https:\/\/newsmediadirectories.com\/es\/#website","url":"https:\/\/newsmediadirectories.com\/es\/","name":"News Media Directories - Noticias Online","description":"News Media Directories - Noticias Online","potentialAction":[{"@type":"SearchAction","target":{"@type":"EntryPoint","urlTemplate":"https:\/\/newsmediadirectories.com\/es\/?s={search_term_string}"},"query-input":{"@type":"PropertyValueSpecification","valueRequired":true,"valueName":"search_term_string"}}],"inLanguage":"es"},{"@type":"Person","@id":"https:\/\/newsmediadirectories.com\/es\/#\/schema\/person\/d936c9a5f74cd01c7ff4e2b559363063","name":"Valeria Catillo","image":{"@type":"ImageObject","inLanguage":"es","@id":"https:\/\/newsmediadirectories.com\/es\/#\/schema\/person\/image\/","url":"https:\/\/secure.gravatar.com\/avatar\/1b6716d8318da7cd8a049a1c7b480328?s=96&d=mm&r=g","contentUrl":"https:\/\/secure.gravatar.com\/avatar\/1b6716d8318da7cd8a049a1c7b480328?s=96&d=mm&r=g","caption":"Valeria Catillo"},"sameAs":["https:\/\/newsmediadirectories.com\/es"]}]}},"_links":{"self":[{"href":"https:\/\/newsmediadirectories.com\/es\/wp-json\/wp\/v2\/posts\/4424"}],"collection":[{"href":"https:\/\/newsmediadirectories.com\/es\/wp-json\/wp\/v2\/posts"}],"about":[{"href":"https:\/\/newsmediadirectories.com\/es\/wp-json\/wp\/v2\/types\/post"}],"author":[{"embeddable":true,"href":"https:\/\/newsmediadirectories.com\/es\/wp-json\/wp\/v2\/users\/1"}],"replies":[{"embeddable":true,"href":"https:\/\/newsmediadirectories.com\/es\/wp-json\/wp\/v2\/comments?post=4424"}],"version-history":[{"count":0,"href":"https:\/\/newsmediadirectories.com\/es\/wp-json\/wp\/v2\/posts\/4424\/revisions"}],"wp:featuredmedia":[{"embeddable":true,"href":"https:\/\/newsmediadirectories.com\/es\/wp-json\/wp\/v2\/media\/4013"}],"wp:attachment":[{"href":"https:\/\/newsmediadirectories.com\/es\/wp-json\/wp\/v2\/media?parent=4424"}],"wp:term":[{"taxonomy":"category","embeddable":true,"href":"https:\/\/newsmediadirectories.com\/es\/wp-json\/wp\/v2\/categories?post=4424"},{"taxonomy":"post_tag","embeddable":true,"href":"https:\/\/newsmediadirectories.com\/es\/wp-json\/wp\/v2\/tags?post=4424"},{"taxonomy":"wf_post_folders","embeddable":true,"href":"https:\/\/newsmediadirectories.com\/es\/wp-json\/wp\/v2\/wf_post_folders?post=4424"}],"curies":[{"name":"wp","href":"https:\/\/api.w.org\/{rel}","templated":true}]}}