{"id":4423,"date":"2023-05-20T05:34:21","date_gmt":"2023-05-20T05:34:21","guid":{"rendered":"https:\/\/newsmediadirectories.com\/es\/la-contaminacion-luminica-un-problema-ambiental-silencioso-que-debemos-combatir-2\/"},"modified":"2023-05-20T05:34:21","modified_gmt":"2023-05-20T05:34:21","slug":"la-contaminacion-luminica-un-problema-ambiental-silencioso-que-debemos-combatir-2","status":"publish","type":"post","link":"https:\/\/newsmediadirectories.com\/es\/la-contaminacion-luminica-un-problema-ambiental-silencioso-que-debemos-combatir-2\/","title":{"rendered":"La contaminaci\u00f3n lum\u00ednica: un problema ambiental silencioso que debemos combatir"},"content":{"rendered":"<p>La contaminaci\u00f3n lum\u00ednica es un problema ambiental silencioso que ha recibido poca atenci\u00f3n p\u00fablica en comparaci\u00f3n con otros problemas ambientales como la contaminaci\u00f3n del aire o el agua. Como periodistas, es importante destacar este problema y llamar la atenci\u00f3n de nuestros lectores sobre su impacto en nuestro medio ambiente y la calidad de nuestras vidas.<\/p>\n<p>La contaminaci\u00f3n lum\u00ednica es causada por el exceso de luz artificial que emana de luces de la calle, edificios, autom\u00f3viles y otros tipos de iluminaci\u00f3n urbana. Esta luz excesiva tiene efectos negativos en los ciclos naturales de la flora y fauna, as\u00ed como en la salud humana. La falta de oscuridad puede alterar la migraci\u00f3n de los p\u00e1jaros, afectar a la reproducci\u00f3n de los animales y perturbar los ritmos naturales de sue\u00f1o y vigilia de los seres humanos.<\/p>\n<p>Adem\u00e1s, la contaminaci\u00f3n lum\u00ednica puede contribuir al desperdicio de energ\u00eda y aumentar las facturas de energ\u00eda el\u00e9ctrica. Para combatir este problema, es necesario promover pr\u00e1cticas de iluminaci\u00f3n m\u00e1s eficientes y responsables, como el uso de iluminaci\u00f3n de bajo consumo y la reducci\u00f3n del exceso de iluminaci\u00f3n innecesaria.<\/p>\n<p>Otros pa\u00edses han empezado a tomar medidas para combatir la contaminaci\u00f3n lum\u00ednica, con la adopci\u00f3n de regulaciones y pol\u00edticas que limitan el uso de luces en ciertas \u00e1reas y condiciones. En Espa\u00f1a, algunas ciudades han comenzado a experimentar con la iluminaci\u00f3n inteligente en zonas urbanas, que ajustan autom\u00e1ticamente la intensidad de las luces seg\u00fan el nivel de actividad y la presencia de personas.<\/p>\n<p>Como periodistas, es importante que informemos y eduquemos a nuestro p\u00fablico sobre la contaminaci\u00f3n lum\u00ednica y sus impactos en nuestra salud y el medio ambiente. Debemos ser defensores de pr\u00e1cticas m\u00e1s responsables en iluminaci\u00f3n, y llamar a la acci\u00f3n a las autoridades y empresas involucradas en la planificaci\u00f3n y gesti\u00f3n de la iluminaci\u00f3n urbana. Solo as\u00ed podremos garantizar un futuro m\u00e1s sostenible para nuestra sociedad.<\/p>\n<p>Nota express publicada por <a href=\"https:\/\/mediastarpress.com\/\" target=\"_blank\" rel=\"noopener\">MediaStar | Agencia de Medios<\/a>.<\/p>\n","protected":false},"excerpt":{"rendered":"<p>La contaminaci\u00f3n lum\u00ednica es un problema ambiental silencioso que ha recibido poca atenci\u00f3n p\u00fablica en comparaci\u00f3n con otros problemas ambientales como la contaminaci\u00f3n del aire o el agua. Como periodistas, es importante destacar este problema y llamar la atenci\u00f3n de nuestros lectores sobre su impacto en nuestro medio ambiente y la calidad de nuestras vidas. [&hellip;]<\/p>\n","protected":false},"author":1,"featured_media":3667,"comment_status":"open","ping_status":"open","sticky":false,"template":"","format":"standard","meta":{"inline_featured_image":false,"footnotes":""},"categories":[38],"tags":[],"wf_post_folders":[],"class_list":{"0":"post-4423","1":"post","2":"type-post","3":"status-publish","4":"format-standard","5":"has-post-thumbnail","7":"category-fast-news"},"yoast_head":"<!-- This site is optimized with the Yoast SEO plugin v24.1 - https:\/\/yoast.com\/wordpress\/plugins\/seo\/ -->\n<title>La contaminaci\u00f3n lum\u00ednica: un problema ambiental silencioso que debemos combatir<\/title>\n<meta name=\"robots\" content=\"index, follow, max-snippet:-1, max-image-preview:large, max-video-preview:-1\" \/>\n<link rel=\"canonical\" href=\"https:\/\/newsmediadirectories.com\/es\/la-contaminacion-luminica-un-problema-ambiental-silencioso-que-debemos-combatir-2\/\" \/>\n<meta property=\"og:locale\" content=\"es_ES\" \/>\n<meta property=\"og:type\" content=\"article\" \/>\n<meta property=\"og:title\" content=\"La contaminaci\u00f3n lum\u00ednica: un problema ambiental silencioso que debemos combatir\" \/>\n<meta property=\"og:description\" content=\"La contaminaci\u00f3n lum\u00ednica es un problema ambiental silencioso que ha recibido poca atenci\u00f3n p\u00fablica en comparaci\u00f3n con otros problemas ambientales como la contaminaci\u00f3n del aire o el agua. Como periodistas, es importante destacar este problema y llamar la atenci\u00f3n de nuestros lectores sobre su impacto en nuestro medio ambiente y la calidad de nuestras vidas. [&hellip;]\" \/>\n<meta property=\"og:url\" content=\"https:\/\/newsmediadirectories.com\/es\/la-contaminacion-luminica-un-problema-ambiental-silencioso-que-debemos-combatir-2\/\" \/>\n<meta property=\"og:site_name\" content=\"News Media Directories - Noticias Online\" \/>\n<meta property=\"article:published_time\" content=\"2023-05-20T05:34:21+00:00\" \/>\n<meta property=\"og:image\" content=\"https:\/\/newsmediadirectories.com\/es\/wp-content\/uploads\/2023\/05\/01-113.jpg\" \/>\n\t<meta property=\"og:image:width\" content=\"1100\" \/>\n\t<meta property=\"og:image:height\" content=\"619\" \/>\n\t<meta property=\"og:image:type\" content=\"image\/jpeg\" \/>\n<meta name=\"author\" content=\"Valeria Catillo\" \/>\n<meta name=\"twitter:card\" content=\"summary_large_image\" \/>\n<meta name=\"twitter:label1\" content=\"Escrito por\" \/>\n\t<meta name=\"twitter:data1\" content=\"Valeria Catillo\" \/>\n\t<meta name=\"twitter:label2\" content=\"Tiempo de lectura\" \/>\n\t<meta name=\"twitter:data2\" content=\"2 minutos\" \/>\n<script type=\"application\/ld+json\" class=\"yoast-schema-graph\">{\"@context\":\"https:\/\/schema.org\",\"@graph\":[{\"@type\":\"WebPage\",\"@id\":\"https:\/\/newsmediadirectories.com\/es\/la-contaminacion-luminica-un-problema-ambiental-silencioso-que-debemos-combatir-2\/\",\"url\":\"https:\/\/newsmediadirectories.com\/es\/la-contaminacion-luminica-un-problema-ambiental-silencioso-que-debemos-combatir-2\/\",\"name\":\"La contaminaci\u00f3n lum\u00ednica: un problema ambiental silencioso que debemos combatir\",\"isPartOf\":{\"@id\":\"https:\/\/newsmediadirectories.com\/es\/#website\"},\"primaryImageOfPage\":{\"@id\":\"https:\/\/newsmediadirectories.com\/es\/la-contaminacion-luminica-un-problema-ambiental-silencioso-que-debemos-combatir-2\/#primaryimage\"},\"image\":{\"@id\":\"https:\/\/newsmediadirectories.com\/es\/la-contaminacion-luminica-un-problema-ambiental-silencioso-que-debemos-combatir-2\/#primaryimage\"},\"thumbnailUrl\":\"https:\/\/newsmediadirectories.com\/es\/wp-content\/uploads\/2023\/05\/01-113.jpg\",\"datePublished\":\"2023-05-20T05:34:21+00:00\",\"dateModified\":\"2023-05-20T05:34:21+00:00\",\"author\":{\"@id\":\"https:\/\/newsmediadirectories.com\/es\/#\/schema\/person\/d936c9a5f74cd01c7ff4e2b559363063\"},\"inLanguage\":\"es\",\"potentialAction\":[{\"@type\":\"ReadAction\",\"target\":[\"https:\/\/newsmediadirectories.com\/es\/la-contaminacion-luminica-un-problema-ambiental-silencioso-que-debemos-combatir-2\/\"]}]},{\"@type\":\"ImageObject\",\"inLanguage\":\"es\",\"@id\":\"https:\/\/newsmediadirectories.com\/es\/la-contaminacion-luminica-un-problema-ambiental-silencioso-que-debemos-combatir-2\/#primaryimage\",\"url\":\"https:\/\/newsmediadirectories.com\/es\/wp-content\/uploads\/2023\/05\/01-113.jpg\",\"contentUrl\":\"https:\/\/newsmediadirectories.com\/es\/wp-content\/uploads\/2023\/05\/01-113.jpg\",\"width\":1100,\"height\":619},{\"@type\":\"WebSite\",\"@id\":\"https:\/\/newsmediadirectories.com\/es\/#website\",\"url\":\"https:\/\/newsmediadirectories.com\/es\/\",\"name\":\"News Media Directories - Noticias Online\",\"description\":\"News Media Directories - Noticias Online\",\"potentialAction\":[{\"@type\":\"SearchAction\",\"target\":{\"@type\":\"EntryPoint\",\"urlTemplate\":\"https:\/\/newsmediadirectories.com\/es\/?s={search_term_string}\"},\"query-input\":{\"@type\":\"PropertyValueSpecification\",\"valueRequired\":true,\"valueName\":\"search_term_string\"}}],\"inLanguage\":\"es\"},{\"@type\":\"Person\",\"@id\":\"https:\/\/newsmediadirectories.com\/es\/#\/schema\/person\/d936c9a5f74cd01c7ff4e2b559363063\",\"name\":\"Valeria Catillo\",\"image\":{\"@type\":\"ImageObject\",\"inLanguage\":\"es\",\"@id\":\"https:\/\/newsmediadirectories.com\/es\/#\/schema\/person\/image\/\",\"url\":\"https:\/\/secure.gravatar.com\/avatar\/1b6716d8318da7cd8a049a1c7b480328?s=96&d=mm&r=g\",\"contentUrl\":\"https:\/\/secure.gravatar.com\/avatar\/1b6716d8318da7cd8a049a1c7b480328?s=96&d=mm&r=g\",\"caption\":\"Valeria Catillo\"},\"sameAs\":[\"https:\/\/newsmediadirectories.com\/es\"]}]}<\/script>\n<!-- \/ Yoast SEO plugin. -->","yoast_head_json":{"title":"La contaminaci\u00f3n lum\u00ednica: un problema ambiental silencioso que debemos combatir","robots":{"index":"index","follow":"follow","max-snippet":"max-snippet:-1","max-image-preview":"max-image-preview:large","max-video-preview":"max-video-preview:-1"},"canonical":"https:\/\/newsmediadirectories.com\/es\/la-contaminacion-luminica-un-problema-ambiental-silencioso-que-debemos-combatir-2\/","og_locale":"es_ES","og_type":"article","og_title":"La contaminaci\u00f3n lum\u00ednica: un problema ambiental silencioso que debemos combatir","og_description":"La contaminaci\u00f3n lum\u00ednica es un problema ambiental silencioso que ha recibido poca atenci\u00f3n p\u00fablica en comparaci\u00f3n con otros problemas ambientales como la contaminaci\u00f3n del aire o el agua. Como periodistas, es importante destacar este problema y llamar la atenci\u00f3n de nuestros lectores sobre su impacto en nuestro medio ambiente y la calidad de nuestras vidas. [&hellip;]","og_url":"https:\/\/newsmediadirectories.com\/es\/la-contaminacion-luminica-un-problema-ambiental-silencioso-que-debemos-combatir-2\/","og_site_name":"News Media Directories - Noticias Online","article_published_time":"2023-05-20T05:34:21+00:00","og_image":[{"width":1100,"height":619,"url":"https:\/\/newsmediadirectories.com\/es\/wp-content\/uploads\/2023\/05\/01-113.jpg","type":"image\/jpeg"}],"author":"Valeria Catillo","twitter_card":"summary_large_image","twitter_misc":{"Escrito por":"Valeria Catillo","Tiempo de lectura":"2 minutos"},"schema":{"@context":"https:\/\/schema.org","@graph":[{"@type":"WebPage","@id":"https:\/\/newsmediadirectories.com\/es\/la-contaminacion-luminica-un-problema-ambiental-silencioso-que-debemos-combatir-2\/","url":"https:\/\/newsmediadirectories.com\/es\/la-contaminacion-luminica-un-problema-ambiental-silencioso-que-debemos-combatir-2\/","name":"La contaminaci\u00f3n lum\u00ednica: un problema ambiental silencioso que debemos combatir","isPartOf":{"@id":"https:\/\/newsmediadirectories.com\/es\/#website"},"primaryImageOfPage":{"@id":"https:\/\/newsmediadirectories.com\/es\/la-contaminacion-luminica-un-problema-ambiental-silencioso-que-debemos-combatir-2\/#primaryimage"},"image":{"@id":"https:\/\/newsmediadirectories.com\/es\/la-contaminacion-luminica-un-problema-ambiental-silencioso-que-debemos-combatir-2\/#primaryimage"},"thumbnailUrl":"https:\/\/newsmediadirectories.com\/es\/wp-content\/uploads\/2023\/05\/01-113.jpg","datePublished":"2023-05-20T05:34:21+00:00","dateModified":"2023-05-20T05:34:21+00:00","author":{"@id":"https:\/\/newsmediadirectories.com\/es\/#\/schema\/person\/d936c9a5f74cd01c7ff4e2b559363063"},"inLanguage":"es","potentialAction":[{"@type":"ReadAction","target":["https:\/\/newsmediadirectories.com\/es\/la-contaminacion-luminica-un-problema-ambiental-silencioso-que-debemos-combatir-2\/"]}]},{"@type":"ImageObject","inLanguage":"es","@id":"https:\/\/newsmediadirectories.com\/es\/la-contaminacion-luminica-un-problema-ambiental-silencioso-que-debemos-combatir-2\/#primaryimage","url":"https:\/\/newsmediadirectories.com\/es\/wp-content\/uploads\/2023\/05\/01-113.jpg","contentUrl":"https:\/\/newsmediadirectories.com\/es\/wp-content\/uploads\/2023\/05\/01-113.jpg","width":1100,"height":619},{"@type":"WebSite","@id":"https:\/\/newsmediadirectories.com\/es\/#website","url":"https:\/\/newsmediadirectories.com\/es\/","name":"News Media Directories - Noticias Online","description":"News Media Directories - Noticias Online","potentialAction":[{"@type":"SearchAction","target":{"@type":"EntryPoint","urlTemplate":"https:\/\/newsmediadirectories.com\/es\/?s={search_term_string}"},"query-input":{"@type":"PropertyValueSpecification","valueRequired":true,"valueName":"search_term_string"}}],"inLanguage":"es"},{"@type":"Person","@id":"https:\/\/newsmediadirectories.com\/es\/#\/schema\/person\/d936c9a5f74cd01c7ff4e2b559363063","name":"Valeria Catillo","image":{"@type":"ImageObject","inLanguage":"es","@id":"https:\/\/newsmediadirectories.com\/es\/#\/schema\/person\/image\/","url":"https:\/\/secure.gravatar.com\/avatar\/1b6716d8318da7cd8a049a1c7b480328?s=96&d=mm&r=g","contentUrl":"https:\/\/secure.gravatar.com\/avatar\/1b6716d8318da7cd8a049a1c7b480328?s=96&d=mm&r=g","caption":"Valeria Catillo"},"sameAs":["https:\/\/newsmediadirectories.com\/es"]}]}},"_links":{"self":[{"href":"https:\/\/newsmediadirectories.com\/es\/wp-json\/wp\/v2\/posts\/4423"}],"collection":[{"href":"https:\/\/newsmediadirectories.com\/es\/wp-json\/wp\/v2\/posts"}],"about":[{"href":"https:\/\/newsmediadirectories.com\/es\/wp-json\/wp\/v2\/types\/post"}],"author":[{"embeddable":true,"href":"https:\/\/newsmediadirectories.com\/es\/wp-json\/wp\/v2\/users\/1"}],"replies":[{"embeddable":true,"href":"https:\/\/newsmediadirectories.com\/es\/wp-json\/wp\/v2\/comments?post=4423"}],"version-history":[{"count":0,"href":"https:\/\/newsmediadirectories.com\/es\/wp-json\/wp\/v2\/posts\/4423\/revisions"}],"wp:featuredmedia":[{"embeddable":true,"href":"https:\/\/newsmediadirectories.com\/es\/wp-json\/wp\/v2\/media\/3667"}],"wp:attachment":[{"href":"https:\/\/newsmediadirectories.com\/es\/wp-json\/wp\/v2\/media?parent=4423"}],"wp:term":[{"taxonomy":"category","embeddable":true,"href":"https:\/\/newsmediadirectories.com\/es\/wp-json\/wp\/v2\/categories?post=4423"},{"taxonomy":"post_tag","embeddable":true,"href":"https:\/\/newsmediadirectories.com\/es\/wp-json\/wp\/v2\/tags?post=4423"},{"taxonomy":"wf_post_folders","embeddable":true,"href":"https:\/\/newsmediadirectories.com\/es\/wp-json\/wp\/v2\/wf_post_folders?post=4423"}],"curies":[{"name":"wp","href":"https:\/\/api.w.org\/{rel}","templated":true}]}}