{"id":4415,"date":"2023-05-20T05:34:22","date_gmt":"2023-05-20T05:34:22","guid":{"rendered":"https:\/\/newsmediadirectories.com\/es\/detengamos-el-ruido-la-contaminacion-acustica-afecta-nuestra-salud-y-nuestro-planeta\/"},"modified":"2023-05-20T05:34:22","modified_gmt":"2023-05-20T05:34:22","slug":"detengamos-el-ruido-la-contaminacion-acustica-afecta-nuestra-salud-y-nuestro-planeta","status":"publish","type":"post","link":"https:\/\/newsmediadirectories.com\/es\/detengamos-el-ruido-la-contaminacion-acustica-afecta-nuestra-salud-y-nuestro-planeta\/","title":{"rendered":"\u00a1Detengamos el ruido! La contaminaci\u00f3n ac\u00fastica afecta nuestra salud y nuestro planeta"},"content":{"rendered":"<p>Con el aumento del desarrollo urban\u00edstico y la industrializaci\u00f3n, el ruido se ha convertido en una amenaza constante para nuestra salud y el medio ambiente. La contaminaci\u00f3n ac\u00fastica, generada por el exceso de sonido en el ambiente, afecta negativamente nuestra calidad de vida al aumentar el nivel de estr\u00e9s, mermar la concentraci\u00f3n y causar insomnio, entre otros males.<\/p>\n<p>Seg\u00fan la Organizaci\u00f3n Mundial de la Salud, alrededor de 1.1 billones de personas en todo el mundo estar\u00edan expuestas a niveles inaceptables de ruido ambiental. Un fen\u00f3meno que va en aumento y que podr\u00eda generar graves consecuencias para nuestra salud.<\/p>\n<p>En el caso de las grandes ciudades, el tr\u00e1fico es la principal fuente de contaminaci\u00f3n ac\u00fastica. El constante y alto nivel de ruido al que est\u00e1n sometidos los ciudadanos genera da\u00f1os a nivel psicol\u00f3gico y f\u00edsico, con consecuencias como estr\u00e9s, fatiga, cefaleas y trastornos auditivos.<\/p>\n<p>Adem\u00e1s, la contaminaci\u00f3n ac\u00fastica tambi\u00e9n tiene impacto en la fauna terrestre y acu\u00e1tica, afectando su comportamiento, reproducci\u00f3n y supervivencia. En este sentido, los animales que habitan en zonas urbanas y rurales, se ven limitados por el elevado nivel de ruido, lo que los hace m\u00e1s vulnerables y disminuye sus posibilidades de sobrevivir.<\/p>\n<p>La reducci\u00f3n del ruido no es solo importante para nuestra salud, sino tambi\u00e9n para el medio ambiente. La contaminaci\u00f3n ac\u00fastica es una forma de contaminaci\u00f3n invisible que puede afectar el equilibrio ecol\u00f3gico del planeta. Por esta raz\u00f3n, es crucial tomar medidas para combatir este problema.<\/p>\n<p>Es necesario que la sociedad tome conciencia sobre la importancia de la reducci\u00f3n del ruido, fomentando la adopci\u00f3n de pol\u00edticas que promuevan un ambiente m\u00e1s silencioso y saludable. Para lograrlo, se debe trabajar en la regulaci\u00f3n del tr\u00e1fico vehicular, incentivar el uso del transporte p\u00fablico y fomentar el uso de tecnolog\u00edas y materiales que reduzcan el ruido.<\/p>\n<p>En definitiva, detener el ruido es una tarea que compete a todos. Debemos tomar medidas en nuestro d\u00eda a d\u00eda para combatir la contaminaci\u00f3n ac\u00fastica y as\u00ed lograr un ambiente m\u00e1s saludable para nosotros y para las futuras generaciones.<\/p>\n<p>Nota express publicada por <a href=\"https:\/\/mediastarpress.com\/\" target=\"_blank\" rel=\"noopener\">MediaStar | Agencia de Medios<\/a>.<\/p>\n","protected":false},"excerpt":{"rendered":"<p>Con el aumento del desarrollo urban\u00edstico y la industrializaci\u00f3n, el ruido se ha convertido en una amenaza constante para nuestra salud y el medio ambiente. La contaminaci\u00f3n ac\u00fastica, generada por el exceso de sonido en el ambiente, afecta negativamente nuestra calidad de vida al aumentar el nivel de estr\u00e9s, mermar la concentraci\u00f3n y causar insomnio, [&hellip;]<\/p>\n","protected":false},"author":1,"featured_media":3824,"comment_status":"open","ping_status":"open","sticky":false,"template":"","format":"standard","meta":{"inline_featured_image":false,"footnotes":""},"categories":[38],"tags":[],"wf_post_folders":[],"class_list":{"0":"post-4415","1":"post","2":"type-post","3":"status-publish","4":"format-standard","5":"has-post-thumbnail","7":"category-fast-news"},"yoast_head":"<!-- This site is optimized with the Yoast SEO plugin v24.1 - https:\/\/yoast.com\/wordpress\/plugins\/seo\/ -->\n<title>\u00a1Detengamos el ruido! La contaminaci\u00f3n ac\u00fastica afecta nuestra salud y nuestro planeta<\/title>\n<meta name=\"robots\" content=\"index, follow, max-snippet:-1, max-image-preview:large, max-video-preview:-1\" \/>\n<link rel=\"canonical\" href=\"https:\/\/newsmediadirectories.com\/es\/detengamos-el-ruido-la-contaminacion-acustica-afecta-nuestra-salud-y-nuestro-planeta\/\" \/>\n<meta property=\"og:locale\" content=\"es_ES\" \/>\n<meta property=\"og:type\" content=\"article\" \/>\n<meta property=\"og:title\" content=\"\u00a1Detengamos el ruido! La contaminaci\u00f3n ac\u00fastica afecta nuestra salud y nuestro planeta\" \/>\n<meta property=\"og:description\" content=\"Con el aumento del desarrollo urban\u00edstico y la industrializaci\u00f3n, el ruido se ha convertido en una amenaza constante para nuestra salud y el medio ambiente. La contaminaci\u00f3n ac\u00fastica, generada por el exceso de sonido en el ambiente, afecta negativamente nuestra calidad de vida al aumentar el nivel de estr\u00e9s, mermar la concentraci\u00f3n y causar insomnio, [&hellip;]\" \/>\n<meta property=\"og:url\" content=\"https:\/\/newsmediadirectories.com\/es\/detengamos-el-ruido-la-contaminacion-acustica-afecta-nuestra-salud-y-nuestro-planeta\/\" \/>\n<meta property=\"og:site_name\" content=\"News Media Directories - Noticias Online\" \/>\n<meta property=\"article:published_time\" content=\"2023-05-20T05:34:22+00:00\" \/>\n<meta property=\"og:image\" content=\"https:\/\/newsmediadirectories.com\/es\/wp-content\/uploads\/2023\/05\/01-48.jpg\" \/>\n\t<meta property=\"og:image:width\" content=\"1100\" \/>\n\t<meta property=\"og:image:height\" content=\"739\" \/>\n\t<meta property=\"og:image:type\" content=\"image\/jpeg\" \/>\n<meta name=\"author\" content=\"Valeria Catillo\" \/>\n<meta name=\"twitter:card\" content=\"summary_large_image\" \/>\n<meta name=\"twitter:label1\" content=\"Escrito por\" \/>\n\t<meta name=\"twitter:data1\" content=\"Valeria Catillo\" \/>\n\t<meta name=\"twitter:label2\" content=\"Tiempo de lectura\" \/>\n\t<meta name=\"twitter:data2\" content=\"2 minutos\" \/>\n<script type=\"application\/ld+json\" class=\"yoast-schema-graph\">{\"@context\":\"https:\/\/schema.org\",\"@graph\":[{\"@type\":\"WebPage\",\"@id\":\"https:\/\/newsmediadirectories.com\/es\/detengamos-el-ruido-la-contaminacion-acustica-afecta-nuestra-salud-y-nuestro-planeta\/\",\"url\":\"https:\/\/newsmediadirectories.com\/es\/detengamos-el-ruido-la-contaminacion-acustica-afecta-nuestra-salud-y-nuestro-planeta\/\",\"name\":\"\u00a1Detengamos el ruido! La contaminaci\u00f3n ac\u00fastica afecta nuestra salud y nuestro planeta\",\"isPartOf\":{\"@id\":\"https:\/\/newsmediadirectories.com\/es\/#website\"},\"primaryImageOfPage\":{\"@id\":\"https:\/\/newsmediadirectories.com\/es\/detengamos-el-ruido-la-contaminacion-acustica-afecta-nuestra-salud-y-nuestro-planeta\/#primaryimage\"},\"image\":{\"@id\":\"https:\/\/newsmediadirectories.com\/es\/detengamos-el-ruido-la-contaminacion-acustica-afecta-nuestra-salud-y-nuestro-planeta\/#primaryimage\"},\"thumbnailUrl\":\"https:\/\/newsmediadirectories.com\/es\/wp-content\/uploads\/2023\/05\/01-48.jpg\",\"datePublished\":\"2023-05-20T05:34:22+00:00\",\"dateModified\":\"2023-05-20T05:34:22+00:00\",\"author\":{\"@id\":\"https:\/\/newsmediadirectories.com\/es\/#\/schema\/person\/d936c9a5f74cd01c7ff4e2b559363063\"},\"inLanguage\":\"es\",\"potentialAction\":[{\"@type\":\"ReadAction\",\"target\":[\"https:\/\/newsmediadirectories.com\/es\/detengamos-el-ruido-la-contaminacion-acustica-afecta-nuestra-salud-y-nuestro-planeta\/\"]}]},{\"@type\":\"ImageObject\",\"inLanguage\":\"es\",\"@id\":\"https:\/\/newsmediadirectories.com\/es\/detengamos-el-ruido-la-contaminacion-acustica-afecta-nuestra-salud-y-nuestro-planeta\/#primaryimage\",\"url\":\"https:\/\/newsmediadirectories.com\/es\/wp-content\/uploads\/2023\/05\/01-48.jpg\",\"contentUrl\":\"https:\/\/newsmediadirectories.com\/es\/wp-content\/uploads\/2023\/05\/01-48.jpg\",\"width\":1100,\"height\":739},{\"@type\":\"WebSite\",\"@id\":\"https:\/\/newsmediadirectories.com\/es\/#website\",\"url\":\"https:\/\/newsmediadirectories.com\/es\/\",\"name\":\"News Media Directories - Noticias Online\",\"description\":\"News Media Directories - Noticias Online\",\"potentialAction\":[{\"@type\":\"SearchAction\",\"target\":{\"@type\":\"EntryPoint\",\"urlTemplate\":\"https:\/\/newsmediadirectories.com\/es\/?s={search_term_string}\"},\"query-input\":{\"@type\":\"PropertyValueSpecification\",\"valueRequired\":true,\"valueName\":\"search_term_string\"}}],\"inLanguage\":\"es\"},{\"@type\":\"Person\",\"@id\":\"https:\/\/newsmediadirectories.com\/es\/#\/schema\/person\/d936c9a5f74cd01c7ff4e2b559363063\",\"name\":\"Valeria Catillo\",\"image\":{\"@type\":\"ImageObject\",\"inLanguage\":\"es\",\"@id\":\"https:\/\/newsmediadirectories.com\/es\/#\/schema\/person\/image\/\",\"url\":\"https:\/\/secure.gravatar.com\/avatar\/1b6716d8318da7cd8a049a1c7b480328?s=96&d=mm&r=g\",\"contentUrl\":\"https:\/\/secure.gravatar.com\/avatar\/1b6716d8318da7cd8a049a1c7b480328?s=96&d=mm&r=g\",\"caption\":\"Valeria Catillo\"},\"sameAs\":[\"https:\/\/newsmediadirectories.com\/es\"]}]}<\/script>\n<!-- \/ Yoast SEO plugin. -->","yoast_head_json":{"title":"\u00a1Detengamos el ruido! La contaminaci\u00f3n ac\u00fastica afecta nuestra salud y nuestro planeta","robots":{"index":"index","follow":"follow","max-snippet":"max-snippet:-1","max-image-preview":"max-image-preview:large","max-video-preview":"max-video-preview:-1"},"canonical":"https:\/\/newsmediadirectories.com\/es\/detengamos-el-ruido-la-contaminacion-acustica-afecta-nuestra-salud-y-nuestro-planeta\/","og_locale":"es_ES","og_type":"article","og_title":"\u00a1Detengamos el ruido! La contaminaci\u00f3n ac\u00fastica afecta nuestra salud y nuestro planeta","og_description":"Con el aumento del desarrollo urban\u00edstico y la industrializaci\u00f3n, el ruido se ha convertido en una amenaza constante para nuestra salud y el medio ambiente. La contaminaci\u00f3n ac\u00fastica, generada por el exceso de sonido en el ambiente, afecta negativamente nuestra calidad de vida al aumentar el nivel de estr\u00e9s, mermar la concentraci\u00f3n y causar insomnio, [&hellip;]","og_url":"https:\/\/newsmediadirectories.com\/es\/detengamos-el-ruido-la-contaminacion-acustica-afecta-nuestra-salud-y-nuestro-planeta\/","og_site_name":"News Media Directories - Noticias Online","article_published_time":"2023-05-20T05:34:22+00:00","og_image":[{"width":1100,"height":739,"url":"https:\/\/newsmediadirectories.com\/es\/wp-content\/uploads\/2023\/05\/01-48.jpg","type":"image\/jpeg"}],"author":"Valeria Catillo","twitter_card":"summary_large_image","twitter_misc":{"Escrito por":"Valeria Catillo","Tiempo de lectura":"2 minutos"},"schema":{"@context":"https:\/\/schema.org","@graph":[{"@type":"WebPage","@id":"https:\/\/newsmediadirectories.com\/es\/detengamos-el-ruido-la-contaminacion-acustica-afecta-nuestra-salud-y-nuestro-planeta\/","url":"https:\/\/newsmediadirectories.com\/es\/detengamos-el-ruido-la-contaminacion-acustica-afecta-nuestra-salud-y-nuestro-planeta\/","name":"\u00a1Detengamos el ruido! La contaminaci\u00f3n ac\u00fastica afecta nuestra salud y nuestro planeta","isPartOf":{"@id":"https:\/\/newsmediadirectories.com\/es\/#website"},"primaryImageOfPage":{"@id":"https:\/\/newsmediadirectories.com\/es\/detengamos-el-ruido-la-contaminacion-acustica-afecta-nuestra-salud-y-nuestro-planeta\/#primaryimage"},"image":{"@id":"https:\/\/newsmediadirectories.com\/es\/detengamos-el-ruido-la-contaminacion-acustica-afecta-nuestra-salud-y-nuestro-planeta\/#primaryimage"},"thumbnailUrl":"https:\/\/newsmediadirectories.com\/es\/wp-content\/uploads\/2023\/05\/01-48.jpg","datePublished":"2023-05-20T05:34:22+00:00","dateModified":"2023-05-20T05:34:22+00:00","author":{"@id":"https:\/\/newsmediadirectories.com\/es\/#\/schema\/person\/d936c9a5f74cd01c7ff4e2b559363063"},"inLanguage":"es","potentialAction":[{"@type":"ReadAction","target":["https:\/\/newsmediadirectories.com\/es\/detengamos-el-ruido-la-contaminacion-acustica-afecta-nuestra-salud-y-nuestro-planeta\/"]}]},{"@type":"ImageObject","inLanguage":"es","@id":"https:\/\/newsmediadirectories.com\/es\/detengamos-el-ruido-la-contaminacion-acustica-afecta-nuestra-salud-y-nuestro-planeta\/#primaryimage","url":"https:\/\/newsmediadirectories.com\/es\/wp-content\/uploads\/2023\/05\/01-48.jpg","contentUrl":"https:\/\/newsmediadirectories.com\/es\/wp-content\/uploads\/2023\/05\/01-48.jpg","width":1100,"height":739},{"@type":"WebSite","@id":"https:\/\/newsmediadirectories.com\/es\/#website","url":"https:\/\/newsmediadirectories.com\/es\/","name":"News Media Directories - Noticias Online","description":"News Media Directories - Noticias Online","potentialAction":[{"@type":"SearchAction","target":{"@type":"EntryPoint","urlTemplate":"https:\/\/newsmediadirectories.com\/es\/?s={search_term_string}"},"query-input":{"@type":"PropertyValueSpecification","valueRequired":true,"valueName":"search_term_string"}}],"inLanguage":"es"},{"@type":"Person","@id":"https:\/\/newsmediadirectories.com\/es\/#\/schema\/person\/d936c9a5f74cd01c7ff4e2b559363063","name":"Valeria Catillo","image":{"@type":"ImageObject","inLanguage":"es","@id":"https:\/\/newsmediadirectories.com\/es\/#\/schema\/person\/image\/","url":"https:\/\/secure.gravatar.com\/avatar\/1b6716d8318da7cd8a049a1c7b480328?s=96&d=mm&r=g","contentUrl":"https:\/\/secure.gravatar.com\/avatar\/1b6716d8318da7cd8a049a1c7b480328?s=96&d=mm&r=g","caption":"Valeria Catillo"},"sameAs":["https:\/\/newsmediadirectories.com\/es"]}]}},"_links":{"self":[{"href":"https:\/\/newsmediadirectories.com\/es\/wp-json\/wp\/v2\/posts\/4415"}],"collection":[{"href":"https:\/\/newsmediadirectories.com\/es\/wp-json\/wp\/v2\/posts"}],"about":[{"href":"https:\/\/newsmediadirectories.com\/es\/wp-json\/wp\/v2\/types\/post"}],"author":[{"embeddable":true,"href":"https:\/\/newsmediadirectories.com\/es\/wp-json\/wp\/v2\/users\/1"}],"replies":[{"embeddable":true,"href":"https:\/\/newsmediadirectories.com\/es\/wp-json\/wp\/v2\/comments?post=4415"}],"version-history":[{"count":0,"href":"https:\/\/newsmediadirectories.com\/es\/wp-json\/wp\/v2\/posts\/4415\/revisions"}],"wp:featuredmedia":[{"embeddable":true,"href":"https:\/\/newsmediadirectories.com\/es\/wp-json\/wp\/v2\/media\/3824"}],"wp:attachment":[{"href":"https:\/\/newsmediadirectories.com\/es\/wp-json\/wp\/v2\/media?parent=4415"}],"wp:term":[{"taxonomy":"category","embeddable":true,"href":"https:\/\/newsmediadirectories.com\/es\/wp-json\/wp\/v2\/categories?post=4415"},{"taxonomy":"post_tag","embeddable":true,"href":"https:\/\/newsmediadirectories.com\/es\/wp-json\/wp\/v2\/tags?post=4415"},{"taxonomy":"wf_post_folders","embeddable":true,"href":"https:\/\/newsmediadirectories.com\/es\/wp-json\/wp\/v2\/wf_post_folders?post=4415"}],"curies":[{"name":"wp","href":"https:\/\/api.w.org\/{rel}","templated":true}]}}