{"id":4403,"date":"2023-05-20T05:34:26","date_gmt":"2023-05-20T05:34:26","guid":{"rendered":"https:\/\/newsmediadirectories.com\/es\/ayudemos-a-salvar-nuestro-hogar-dia-mundial-del-medio-ambiente-3\/"},"modified":"2023-05-20T05:34:26","modified_gmt":"2023-05-20T05:34:26","slug":"ayudemos-a-salvar-nuestro-hogar-dia-mundial-del-medio-ambiente-3","status":"publish","type":"post","link":"https:\/\/newsmediadirectories.com\/es\/ayudemos-a-salvar-nuestro-hogar-dia-mundial-del-medio-ambiente-3\/","title":{"rendered":"Ayudemos a salvar nuestro hogar: D\u00eda Mundial del Medio Ambiente"},"content":{"rendered":"<p>El D\u00eda Mundial del Medio Ambiente es celebrado el 5 de junio de cada a\u00f1o y este 2021, la tem\u00e1tica es \u00abRestauraci\u00f3n de Ecosistemas\u00bb. La pandemia del COVID-19 ha evidenciado la interdependencia entre la salud humana y la salud del planeta, y la necesidad de proteger y restaurar los ecosistemas se vuelve cada vez m\u00e1s importante.<\/p>\n<p>Seg\u00fan el Programa de las Naciones Unidas para el Medio Ambiente, un mill\u00f3n de especies animales y vegetales est\u00e1n en riesgo de desaparici\u00f3n debido a la actividad humana. La p\u00e9rdida de biodiversidad tiene un impacto directo en la calidad de vida humana, desde el suministro de alimentos hasta la calidad del aire y del agua.<\/p>\n<p>Por ello, es crucial que todos trabajemos juntos para salvar nuestro hogar. La restauraci\u00f3n de ecosistemas no solo puede ayudar a recuperar la biodiversidad, sino que tambi\u00e9n puede fomentar el desarrollo econ\u00f3mico sostenible y reducir la pobreza.<\/p>\n<p>Existen muchas maneras en que cada uno de nosotros puede contribuir a la restauraci\u00f3n del medio ambiente. Desde peque\u00f1as acciones como reducir el consumo de pl\u00e1stico o plantar \u00e1rboles, hasta apoyar pol\u00edticas y proyectos a nivel nacional e internacional que promuevan la conservaci\u00f3n del medio ambiente y la biodiversidad.<\/p>\n<p>Adem\u00e1s, es fundamental que los gobiernos y las empresas tomen medidas concretas para proteger el medio ambiente. En este sentido, es positivo ver que muchos pa\u00edses est\u00e1n comprometidos con la Agenda 2030 de Desarrollo Sostenible de las Naciones Unidas y trabajan para alcanzar los Objetivos de Desarrollo Sostenible.<\/p>\n<p>En conclusi\u00f3n, el D\u00eda Mundial del Medio Ambiente nos recuerda la importancia de tomar medidas para proteger y restaurar nuestro hogar. Todos tenemos un papel que desempe\u00f1ar y es crucial que trabajemos juntos para garantizar un futuro sostenible para las generaciones venideras.<\/p>\n<p>Nota express publicada por <a href=\"https:\/\/mediastarpress.com\/\" target=\"_blank\" rel=\"noopener\">MediaStar | Agencia de Medios<\/a>.<\/p>\n","protected":false},"excerpt":{"rendered":"<p>El D\u00eda Mundial del Medio Ambiente es celebrado el 5 de junio de cada a\u00f1o y este 2021, la tem\u00e1tica es \u00abRestauraci\u00f3n de Ecosistemas\u00bb. La pandemia del COVID-19 ha evidenciado la interdependencia entre la salud humana y la salud del planeta, y la necesidad de proteger y restaurar los ecosistemas se vuelve cada vez m\u00e1s [&hellip;]<\/p>\n","protected":false},"author":1,"featured_media":4404,"comment_status":"open","ping_status":"open","sticky":false,"template":"","format":"standard","meta":{"inline_featured_image":false,"footnotes":""},"categories":[38],"tags":[],"wf_post_folders":[],"class_list":{"0":"post-4403","1":"post","2":"type-post","3":"status-publish","4":"format-standard","5":"has-post-thumbnail","7":"category-fast-news"},"yoast_head":"<!-- This site is optimized with the Yoast SEO plugin v24.1 - https:\/\/yoast.com\/wordpress\/plugins\/seo\/ -->\n<title>Ayudemos a salvar nuestro hogar: D\u00eda Mundial del Medio Ambiente<\/title>\n<meta name=\"robots\" content=\"index, follow, max-snippet:-1, max-image-preview:large, max-video-preview:-1\" \/>\n<link rel=\"canonical\" href=\"https:\/\/newsmediadirectories.com\/es\/ayudemos-a-salvar-nuestro-hogar-dia-mundial-del-medio-ambiente-3\/\" \/>\n<meta property=\"og:locale\" content=\"es_ES\" \/>\n<meta property=\"og:type\" content=\"article\" \/>\n<meta property=\"og:title\" content=\"Ayudemos a salvar nuestro hogar: D\u00eda Mundial del Medio Ambiente\" \/>\n<meta property=\"og:description\" content=\"El D\u00eda Mundial del Medio Ambiente es celebrado el 5 de junio de cada a\u00f1o y este 2021, la tem\u00e1tica es \u00abRestauraci\u00f3n de Ecosistemas\u00bb. La pandemia del COVID-19 ha evidenciado la interdependencia entre la salud humana y la salud del planeta, y la necesidad de proteger y restaurar los ecosistemas se vuelve cada vez m\u00e1s [&hellip;]\" \/>\n<meta property=\"og:url\" content=\"https:\/\/newsmediadirectories.com\/es\/ayudemos-a-salvar-nuestro-hogar-dia-mundial-del-medio-ambiente-3\/\" \/>\n<meta property=\"og:site_name\" content=\"News Media Directories - Noticias Online\" \/>\n<meta property=\"article:published_time\" content=\"2023-05-20T05:34:26+00:00\" \/>\n<meta property=\"og:image\" content=\"https:\/\/newsmediadirectories.com\/es\/wp-content\/uploads\/2023\/05\/0-273.jpg\" \/>\n\t<meta property=\"og:image:width\" content=\"1100\" \/>\n\t<meta property=\"og:image:height\" content=\"564\" \/>\n\t<meta property=\"og:image:type\" content=\"image\/jpeg\" \/>\n<meta name=\"author\" content=\"Valeria Catillo\" \/>\n<meta name=\"twitter:card\" content=\"summary_large_image\" \/>\n<meta name=\"twitter:label1\" content=\"Escrito por\" \/>\n\t<meta name=\"twitter:data1\" content=\"Valeria Catillo\" \/>\n\t<meta name=\"twitter:label2\" content=\"Tiempo de lectura\" \/>\n\t<meta name=\"twitter:data2\" content=\"2 minutos\" \/>\n<script type=\"application\/ld+json\" class=\"yoast-schema-graph\">{\"@context\":\"https:\/\/schema.org\",\"@graph\":[{\"@type\":\"WebPage\",\"@id\":\"https:\/\/newsmediadirectories.com\/es\/ayudemos-a-salvar-nuestro-hogar-dia-mundial-del-medio-ambiente-3\/\",\"url\":\"https:\/\/newsmediadirectories.com\/es\/ayudemos-a-salvar-nuestro-hogar-dia-mundial-del-medio-ambiente-3\/\",\"name\":\"Ayudemos a salvar nuestro hogar: D\u00eda Mundial del Medio Ambiente\",\"isPartOf\":{\"@id\":\"https:\/\/newsmediadirectories.com\/es\/#website\"},\"primaryImageOfPage\":{\"@id\":\"https:\/\/newsmediadirectories.com\/es\/ayudemos-a-salvar-nuestro-hogar-dia-mundial-del-medio-ambiente-3\/#primaryimage\"},\"image\":{\"@id\":\"https:\/\/newsmediadirectories.com\/es\/ayudemos-a-salvar-nuestro-hogar-dia-mundial-del-medio-ambiente-3\/#primaryimage\"},\"thumbnailUrl\":\"https:\/\/newsmediadirectories.com\/es\/wp-content\/uploads\/2023\/05\/0-273.jpg\",\"datePublished\":\"2023-05-20T05:34:26+00:00\",\"dateModified\":\"2023-05-20T05:34:26+00:00\",\"author\":{\"@id\":\"https:\/\/newsmediadirectories.com\/es\/#\/schema\/person\/d936c9a5f74cd01c7ff4e2b559363063\"},\"inLanguage\":\"es\",\"potentialAction\":[{\"@type\":\"ReadAction\",\"target\":[\"https:\/\/newsmediadirectories.com\/es\/ayudemos-a-salvar-nuestro-hogar-dia-mundial-del-medio-ambiente-3\/\"]}]},{\"@type\":\"ImageObject\",\"inLanguage\":\"es\",\"@id\":\"https:\/\/newsmediadirectories.com\/es\/ayudemos-a-salvar-nuestro-hogar-dia-mundial-del-medio-ambiente-3\/#primaryimage\",\"url\":\"https:\/\/newsmediadirectories.com\/es\/wp-content\/uploads\/2023\/05\/0-273.jpg\",\"contentUrl\":\"https:\/\/newsmediadirectories.com\/es\/wp-content\/uploads\/2023\/05\/0-273.jpg\",\"width\":1100,\"height\":564},{\"@type\":\"WebSite\",\"@id\":\"https:\/\/newsmediadirectories.com\/es\/#website\",\"url\":\"https:\/\/newsmediadirectories.com\/es\/\",\"name\":\"News Media Directories - Noticias Online\",\"description\":\"News Media Directories - Noticias Online\",\"potentialAction\":[{\"@type\":\"SearchAction\",\"target\":{\"@type\":\"EntryPoint\",\"urlTemplate\":\"https:\/\/newsmediadirectories.com\/es\/?s={search_term_string}\"},\"query-input\":{\"@type\":\"PropertyValueSpecification\",\"valueRequired\":true,\"valueName\":\"search_term_string\"}}],\"inLanguage\":\"es\"},{\"@type\":\"Person\",\"@id\":\"https:\/\/newsmediadirectories.com\/es\/#\/schema\/person\/d936c9a5f74cd01c7ff4e2b559363063\",\"name\":\"Valeria Catillo\",\"image\":{\"@type\":\"ImageObject\",\"inLanguage\":\"es\",\"@id\":\"https:\/\/newsmediadirectories.com\/es\/#\/schema\/person\/image\/\",\"url\":\"https:\/\/secure.gravatar.com\/avatar\/1b6716d8318da7cd8a049a1c7b480328?s=96&d=mm&r=g\",\"contentUrl\":\"https:\/\/secure.gravatar.com\/avatar\/1b6716d8318da7cd8a049a1c7b480328?s=96&d=mm&r=g\",\"caption\":\"Valeria Catillo\"},\"sameAs\":[\"https:\/\/newsmediadirectories.com\/es\"]}]}<\/script>\n<!-- \/ Yoast SEO plugin. -->","yoast_head_json":{"title":"Ayudemos a salvar nuestro hogar: D\u00eda Mundial del Medio Ambiente","robots":{"index":"index","follow":"follow","max-snippet":"max-snippet:-1","max-image-preview":"max-image-preview:large","max-video-preview":"max-video-preview:-1"},"canonical":"https:\/\/newsmediadirectories.com\/es\/ayudemos-a-salvar-nuestro-hogar-dia-mundial-del-medio-ambiente-3\/","og_locale":"es_ES","og_type":"article","og_title":"Ayudemos a salvar nuestro hogar: D\u00eda Mundial del Medio Ambiente","og_description":"El D\u00eda Mundial del Medio Ambiente es celebrado el 5 de junio de cada a\u00f1o y este 2021, la tem\u00e1tica es \u00abRestauraci\u00f3n de Ecosistemas\u00bb. La pandemia del COVID-19 ha evidenciado la interdependencia entre la salud humana y la salud del planeta, y la necesidad de proteger y restaurar los ecosistemas se vuelve cada vez m\u00e1s [&hellip;]","og_url":"https:\/\/newsmediadirectories.com\/es\/ayudemos-a-salvar-nuestro-hogar-dia-mundial-del-medio-ambiente-3\/","og_site_name":"News Media Directories - Noticias Online","article_published_time":"2023-05-20T05:34:26+00:00","og_image":[{"width":1100,"height":564,"url":"https:\/\/newsmediadirectories.com\/es\/wp-content\/uploads\/2023\/05\/0-273.jpg","type":"image\/jpeg"}],"author":"Valeria Catillo","twitter_card":"summary_large_image","twitter_misc":{"Escrito por":"Valeria Catillo","Tiempo de lectura":"2 minutos"},"schema":{"@context":"https:\/\/schema.org","@graph":[{"@type":"WebPage","@id":"https:\/\/newsmediadirectories.com\/es\/ayudemos-a-salvar-nuestro-hogar-dia-mundial-del-medio-ambiente-3\/","url":"https:\/\/newsmediadirectories.com\/es\/ayudemos-a-salvar-nuestro-hogar-dia-mundial-del-medio-ambiente-3\/","name":"Ayudemos a salvar nuestro hogar: D\u00eda Mundial del Medio Ambiente","isPartOf":{"@id":"https:\/\/newsmediadirectories.com\/es\/#website"},"primaryImageOfPage":{"@id":"https:\/\/newsmediadirectories.com\/es\/ayudemos-a-salvar-nuestro-hogar-dia-mundial-del-medio-ambiente-3\/#primaryimage"},"image":{"@id":"https:\/\/newsmediadirectories.com\/es\/ayudemos-a-salvar-nuestro-hogar-dia-mundial-del-medio-ambiente-3\/#primaryimage"},"thumbnailUrl":"https:\/\/newsmediadirectories.com\/es\/wp-content\/uploads\/2023\/05\/0-273.jpg","datePublished":"2023-05-20T05:34:26+00:00","dateModified":"2023-05-20T05:34:26+00:00","author":{"@id":"https:\/\/newsmediadirectories.com\/es\/#\/schema\/person\/d936c9a5f74cd01c7ff4e2b559363063"},"inLanguage":"es","potentialAction":[{"@type":"ReadAction","target":["https:\/\/newsmediadirectories.com\/es\/ayudemos-a-salvar-nuestro-hogar-dia-mundial-del-medio-ambiente-3\/"]}]},{"@type":"ImageObject","inLanguage":"es","@id":"https:\/\/newsmediadirectories.com\/es\/ayudemos-a-salvar-nuestro-hogar-dia-mundial-del-medio-ambiente-3\/#primaryimage","url":"https:\/\/newsmediadirectories.com\/es\/wp-content\/uploads\/2023\/05\/0-273.jpg","contentUrl":"https:\/\/newsmediadirectories.com\/es\/wp-content\/uploads\/2023\/05\/0-273.jpg","width":1100,"height":564},{"@type":"WebSite","@id":"https:\/\/newsmediadirectories.com\/es\/#website","url":"https:\/\/newsmediadirectories.com\/es\/","name":"News Media Directories - Noticias Online","description":"News Media Directories - Noticias Online","potentialAction":[{"@type":"SearchAction","target":{"@type":"EntryPoint","urlTemplate":"https:\/\/newsmediadirectories.com\/es\/?s={search_term_string}"},"query-input":{"@type":"PropertyValueSpecification","valueRequired":true,"valueName":"search_term_string"}}],"inLanguage":"es"},{"@type":"Person","@id":"https:\/\/newsmediadirectories.com\/es\/#\/schema\/person\/d936c9a5f74cd01c7ff4e2b559363063","name":"Valeria Catillo","image":{"@type":"ImageObject","inLanguage":"es","@id":"https:\/\/newsmediadirectories.com\/es\/#\/schema\/person\/image\/","url":"https:\/\/secure.gravatar.com\/avatar\/1b6716d8318da7cd8a049a1c7b480328?s=96&d=mm&r=g","contentUrl":"https:\/\/secure.gravatar.com\/avatar\/1b6716d8318da7cd8a049a1c7b480328?s=96&d=mm&r=g","caption":"Valeria Catillo"},"sameAs":["https:\/\/newsmediadirectories.com\/es"]}]}},"_links":{"self":[{"href":"https:\/\/newsmediadirectories.com\/es\/wp-json\/wp\/v2\/posts\/4403"}],"collection":[{"href":"https:\/\/newsmediadirectories.com\/es\/wp-json\/wp\/v2\/posts"}],"about":[{"href":"https:\/\/newsmediadirectories.com\/es\/wp-json\/wp\/v2\/types\/post"}],"author":[{"embeddable":true,"href":"https:\/\/newsmediadirectories.com\/es\/wp-json\/wp\/v2\/users\/1"}],"replies":[{"embeddable":true,"href":"https:\/\/newsmediadirectories.com\/es\/wp-json\/wp\/v2\/comments?post=4403"}],"version-history":[{"count":0,"href":"https:\/\/newsmediadirectories.com\/es\/wp-json\/wp\/v2\/posts\/4403\/revisions"}],"wp:featuredmedia":[{"embeddable":true,"href":"https:\/\/newsmediadirectories.com\/es\/wp-json\/wp\/v2\/media\/4404"}],"wp:attachment":[{"href":"https:\/\/newsmediadirectories.com\/es\/wp-json\/wp\/v2\/media?parent=4403"}],"wp:term":[{"taxonomy":"category","embeddable":true,"href":"https:\/\/newsmediadirectories.com\/es\/wp-json\/wp\/v2\/categories?post=4403"},{"taxonomy":"post_tag","embeddable":true,"href":"https:\/\/newsmediadirectories.com\/es\/wp-json\/wp\/v2\/tags?post=4403"},{"taxonomy":"wf_post_folders","embeddable":true,"href":"https:\/\/newsmediadirectories.com\/es\/wp-json\/wp\/v2\/wf_post_folders?post=4403"}],"curies":[{"name":"wp","href":"https:\/\/api.w.org\/{rel}","templated":true}]}}