{"id":4393,"date":"2023-05-20T05:34:29","date_gmt":"2023-05-20T05:34:29","guid":{"rendered":"https:\/\/newsmediadirectories.com\/es\/salvar-nuestro-planeta-es-hora-de-actuar-por-el-medio-ambiente-4\/"},"modified":"2023-05-20T05:34:29","modified_gmt":"2023-05-20T05:34:29","slug":"salvar-nuestro-planeta-es-hora-de-actuar-por-el-medio-ambiente-4","status":"publish","type":"post","link":"https:\/\/newsmediadirectories.com\/es\/salvar-nuestro-planeta-es-hora-de-actuar-por-el-medio-ambiente-4\/","title":{"rendered":"Salvar nuestro planeta: \u00a1Es hora de actuar por el medio ambiente!"},"content":{"rendered":"<p>El medio ambiente es sin duda uno de los temas m\u00e1s importantes y urgentes de nuestro tiempo. A medida que la humanidad contin\u00faa avanzando y aumentando su impacto en el planeta, es cada vez m\u00e1s importante que trabajemos juntos para proteger y salvar nuestro hogar.<\/p>\n<p>En este sentido, la iniciativa \u00abSalvar nuestro planeta: \u00a1Es hora de actuar por el medio ambiente!\u00bb es un llamado a la acci\u00f3n para todas las personas, comunidades y gobiernos del mundo. Esta iniciativa busca sensibilizar a la sociedad sobre la grave situaci\u00f3n actual del medio ambiente y motivar a las personas a tomar medidas concretas para ayudar a proteger y preservar el planeta.<\/p>\n<p>Uno de los principales problemas que enfrenta el medio ambiente es el cambio clim\u00e1tico. El aumento de las emisiones de gases de efecto invernadero est\u00e1 causando un aumento de la temperatura global y un cambio en el clima que tiene graves consecuencias para el planeta. El derretimiento de los polos, el aumento del nivel del mar y los fen\u00f3menos meteorol\u00f3gicos extremos como huracanes, sequ\u00edas y inundaciones son s\u00f3lo algunos ejemplos de los efectos del cambio clim\u00e1tico.<\/p>\n<p>Para detener el cambio clim\u00e1tico y proteger el medio ambiente, es necesario actuar en diferentes niveles. En la iniciativa \u00abSalvar nuestro planeta: \u00a1Es hora de actuar por el medio ambiente!\u00bb, se anima a las personas a hacer cambios en su vida cotidiana, como reducir su huella de carbono mediante la reducci\u00f3n de los viajes en coche y el consumo de energ\u00eda, y a reciclar y reducir su consumo de pl\u00e1stico.<\/p>\n<p>Adem\u00e1s, esta iniciativa tambi\u00e9n hace un llamado a los gobiernos para que tomen medidas concretas para reducir las emisiones de gases de efecto invernadero y proteger el medio ambiente. Esto incluye la inversi\u00f3n en energ\u00edas renovables como la solar y la e\u00f3lica, la promoci\u00f3n de la agricultura sostenible y la protecci\u00f3n de los bosques y la biodiversidad.<\/p>\n<p>En resumen, \u00abSalvar nuestro planeta: \u00a1Es hora de actuar por el medio ambiente!\u00bb es una iniciativa que busca concienciar a la sociedad sobre la importancia de proteger el medio ambiente y motivar a las personas a tomar medidas en su vida diaria y a nivel gubernamental. Es importante que todos nos unamos para proteger y preservar el planeta para las generaciones presentes y futuras.<\/p>\n<p>Nota express publicada por <a href=\"https:\/\/mediastarpress.com\/\" target=\"_blank\" rel=\"noopener\">MediaStar | Agencia de Medios<\/a>.<\/p>\n","protected":false},"excerpt":{"rendered":"<p>El medio ambiente es sin duda uno de los temas m\u00e1s importantes y urgentes de nuestro tiempo. A medida que la humanidad contin\u00faa avanzando y aumentando su impacto en el planeta, es cada vez m\u00e1s importante que trabajemos juntos para proteger y salvar nuestro hogar. En este sentido, la iniciativa \u00abSalvar nuestro planeta: \u00a1Es hora [&hellip;]<\/p>\n","protected":false},"author":1,"featured_media":3612,"comment_status":"open","ping_status":"open","sticky":false,"template":"","format":"standard","meta":{"inline_featured_image":false,"footnotes":""},"categories":[38],"tags":[],"wf_post_folders":[],"class_list":{"0":"post-4393","1":"post","2":"type-post","3":"status-publish","4":"format-standard","5":"has-post-thumbnail","7":"category-fast-news"},"yoast_head":"<!-- This site is optimized with the Yoast SEO plugin v24.1 - https:\/\/yoast.com\/wordpress\/plugins\/seo\/ -->\n<title>Salvar nuestro planeta: \u00a1Es hora de actuar por el medio ambiente!<\/title>\n<meta name=\"robots\" content=\"index, follow, max-snippet:-1, max-image-preview:large, max-video-preview:-1\" \/>\n<link rel=\"canonical\" href=\"https:\/\/newsmediadirectories.com\/es\/salvar-nuestro-planeta-es-hora-de-actuar-por-el-medio-ambiente-4\/\" \/>\n<meta property=\"og:locale\" content=\"es_ES\" \/>\n<meta property=\"og:type\" content=\"article\" \/>\n<meta property=\"og:title\" content=\"Salvar nuestro planeta: \u00a1Es hora de actuar por el medio ambiente!\" \/>\n<meta property=\"og:description\" content=\"El medio ambiente es sin duda uno de los temas m\u00e1s importantes y urgentes de nuestro tiempo. A medida que la humanidad contin\u00faa avanzando y aumentando su impacto en el planeta, es cada vez m\u00e1s importante que trabajemos juntos para proteger y salvar nuestro hogar. En este sentido, la iniciativa \u00abSalvar nuestro planeta: \u00a1Es hora [&hellip;]\" \/>\n<meta property=\"og:url\" content=\"https:\/\/newsmediadirectories.com\/es\/salvar-nuestro-planeta-es-hora-de-actuar-por-el-medio-ambiente-4\/\" \/>\n<meta property=\"og:site_name\" content=\"News Media Directories - Noticias Online\" \/>\n<meta property=\"article:published_time\" content=\"2023-05-20T05:34:29+00:00\" \/>\n<meta property=\"og:image\" content=\"https:\/\/newsmediadirectories.com\/es\/wp-content\/uploads\/2023\/05\/0-355.jpg\" \/>\n\t<meta property=\"og:image:width\" content=\"1100\" \/>\n\t<meta property=\"og:image:height\" content=\"619\" \/>\n\t<meta property=\"og:image:type\" content=\"image\/jpeg\" \/>\n<meta name=\"author\" content=\"Valeria Catillo\" \/>\n<meta name=\"twitter:card\" content=\"summary_large_image\" \/>\n<meta name=\"twitter:label1\" content=\"Escrito por\" \/>\n\t<meta name=\"twitter:data1\" content=\"Valeria Catillo\" \/>\n\t<meta name=\"twitter:label2\" content=\"Tiempo de lectura\" \/>\n\t<meta name=\"twitter:data2\" content=\"2 minutos\" \/>\n<script type=\"application\/ld+json\" class=\"yoast-schema-graph\">{\"@context\":\"https:\/\/schema.org\",\"@graph\":[{\"@type\":\"WebPage\",\"@id\":\"https:\/\/newsmediadirectories.com\/es\/salvar-nuestro-planeta-es-hora-de-actuar-por-el-medio-ambiente-4\/\",\"url\":\"https:\/\/newsmediadirectories.com\/es\/salvar-nuestro-planeta-es-hora-de-actuar-por-el-medio-ambiente-4\/\",\"name\":\"Salvar nuestro planeta: \u00a1Es hora de actuar por el medio ambiente!\",\"isPartOf\":{\"@id\":\"https:\/\/newsmediadirectories.com\/es\/#website\"},\"primaryImageOfPage\":{\"@id\":\"https:\/\/newsmediadirectories.com\/es\/salvar-nuestro-planeta-es-hora-de-actuar-por-el-medio-ambiente-4\/#primaryimage\"},\"image\":{\"@id\":\"https:\/\/newsmediadirectories.com\/es\/salvar-nuestro-planeta-es-hora-de-actuar-por-el-medio-ambiente-4\/#primaryimage\"},\"thumbnailUrl\":\"https:\/\/newsmediadirectories.com\/es\/wp-content\/uploads\/2023\/05\/0-355.jpg\",\"datePublished\":\"2023-05-20T05:34:29+00:00\",\"dateModified\":\"2023-05-20T05:34:29+00:00\",\"author\":{\"@id\":\"https:\/\/newsmediadirectories.com\/es\/#\/schema\/person\/d936c9a5f74cd01c7ff4e2b559363063\"},\"inLanguage\":\"es\",\"potentialAction\":[{\"@type\":\"ReadAction\",\"target\":[\"https:\/\/newsmediadirectories.com\/es\/salvar-nuestro-planeta-es-hora-de-actuar-por-el-medio-ambiente-4\/\"]}]},{\"@type\":\"ImageObject\",\"inLanguage\":\"es\",\"@id\":\"https:\/\/newsmediadirectories.com\/es\/salvar-nuestro-planeta-es-hora-de-actuar-por-el-medio-ambiente-4\/#primaryimage\",\"url\":\"https:\/\/newsmediadirectories.com\/es\/wp-content\/uploads\/2023\/05\/0-355.jpg\",\"contentUrl\":\"https:\/\/newsmediadirectories.com\/es\/wp-content\/uploads\/2023\/05\/0-355.jpg\",\"width\":1100,\"height\":619},{\"@type\":\"WebSite\",\"@id\":\"https:\/\/newsmediadirectories.com\/es\/#website\",\"url\":\"https:\/\/newsmediadirectories.com\/es\/\",\"name\":\"News Media Directories - Noticias Online\",\"description\":\"News Media Directories - Noticias Online\",\"potentialAction\":[{\"@type\":\"SearchAction\",\"target\":{\"@type\":\"EntryPoint\",\"urlTemplate\":\"https:\/\/newsmediadirectories.com\/es\/?s={search_term_string}\"},\"query-input\":{\"@type\":\"PropertyValueSpecification\",\"valueRequired\":true,\"valueName\":\"search_term_string\"}}],\"inLanguage\":\"es\"},{\"@type\":\"Person\",\"@id\":\"https:\/\/newsmediadirectories.com\/es\/#\/schema\/person\/d936c9a5f74cd01c7ff4e2b559363063\",\"name\":\"Valeria Catillo\",\"image\":{\"@type\":\"ImageObject\",\"inLanguage\":\"es\",\"@id\":\"https:\/\/newsmediadirectories.com\/es\/#\/schema\/person\/image\/\",\"url\":\"https:\/\/secure.gravatar.com\/avatar\/1b6716d8318da7cd8a049a1c7b480328?s=96&d=mm&r=g\",\"contentUrl\":\"https:\/\/secure.gravatar.com\/avatar\/1b6716d8318da7cd8a049a1c7b480328?s=96&d=mm&r=g\",\"caption\":\"Valeria Catillo\"},\"sameAs\":[\"https:\/\/newsmediadirectories.com\/es\"]}]}<\/script>\n<!-- \/ Yoast SEO plugin. -->","yoast_head_json":{"title":"Salvar nuestro planeta: \u00a1Es hora de actuar por el medio ambiente!","robots":{"index":"index","follow":"follow","max-snippet":"max-snippet:-1","max-image-preview":"max-image-preview:large","max-video-preview":"max-video-preview:-1"},"canonical":"https:\/\/newsmediadirectories.com\/es\/salvar-nuestro-planeta-es-hora-de-actuar-por-el-medio-ambiente-4\/","og_locale":"es_ES","og_type":"article","og_title":"Salvar nuestro planeta: \u00a1Es hora de actuar por el medio ambiente!","og_description":"El medio ambiente es sin duda uno de los temas m\u00e1s importantes y urgentes de nuestro tiempo. A medida que la humanidad contin\u00faa avanzando y aumentando su impacto en el planeta, es cada vez m\u00e1s importante que trabajemos juntos para proteger y salvar nuestro hogar. En este sentido, la iniciativa \u00abSalvar nuestro planeta: \u00a1Es hora [&hellip;]","og_url":"https:\/\/newsmediadirectories.com\/es\/salvar-nuestro-planeta-es-hora-de-actuar-por-el-medio-ambiente-4\/","og_site_name":"News Media Directories - Noticias Online","article_published_time":"2023-05-20T05:34:29+00:00","og_image":[{"width":1100,"height":619,"url":"https:\/\/newsmediadirectories.com\/es\/wp-content\/uploads\/2023\/05\/0-355.jpg","type":"image\/jpeg"}],"author":"Valeria Catillo","twitter_card":"summary_large_image","twitter_misc":{"Escrito por":"Valeria Catillo","Tiempo de lectura":"2 minutos"},"schema":{"@context":"https:\/\/schema.org","@graph":[{"@type":"WebPage","@id":"https:\/\/newsmediadirectories.com\/es\/salvar-nuestro-planeta-es-hora-de-actuar-por-el-medio-ambiente-4\/","url":"https:\/\/newsmediadirectories.com\/es\/salvar-nuestro-planeta-es-hora-de-actuar-por-el-medio-ambiente-4\/","name":"Salvar nuestro planeta: \u00a1Es hora de actuar por el medio ambiente!","isPartOf":{"@id":"https:\/\/newsmediadirectories.com\/es\/#website"},"primaryImageOfPage":{"@id":"https:\/\/newsmediadirectories.com\/es\/salvar-nuestro-planeta-es-hora-de-actuar-por-el-medio-ambiente-4\/#primaryimage"},"image":{"@id":"https:\/\/newsmediadirectories.com\/es\/salvar-nuestro-planeta-es-hora-de-actuar-por-el-medio-ambiente-4\/#primaryimage"},"thumbnailUrl":"https:\/\/newsmediadirectories.com\/es\/wp-content\/uploads\/2023\/05\/0-355.jpg","datePublished":"2023-05-20T05:34:29+00:00","dateModified":"2023-05-20T05:34:29+00:00","author":{"@id":"https:\/\/newsmediadirectories.com\/es\/#\/schema\/person\/d936c9a5f74cd01c7ff4e2b559363063"},"inLanguage":"es","potentialAction":[{"@type":"ReadAction","target":["https:\/\/newsmediadirectories.com\/es\/salvar-nuestro-planeta-es-hora-de-actuar-por-el-medio-ambiente-4\/"]}]},{"@type":"ImageObject","inLanguage":"es","@id":"https:\/\/newsmediadirectories.com\/es\/salvar-nuestro-planeta-es-hora-de-actuar-por-el-medio-ambiente-4\/#primaryimage","url":"https:\/\/newsmediadirectories.com\/es\/wp-content\/uploads\/2023\/05\/0-355.jpg","contentUrl":"https:\/\/newsmediadirectories.com\/es\/wp-content\/uploads\/2023\/05\/0-355.jpg","width":1100,"height":619},{"@type":"WebSite","@id":"https:\/\/newsmediadirectories.com\/es\/#website","url":"https:\/\/newsmediadirectories.com\/es\/","name":"News Media Directories - Noticias Online","description":"News Media Directories - Noticias Online","potentialAction":[{"@type":"SearchAction","target":{"@type":"EntryPoint","urlTemplate":"https:\/\/newsmediadirectories.com\/es\/?s={search_term_string}"},"query-input":{"@type":"PropertyValueSpecification","valueRequired":true,"valueName":"search_term_string"}}],"inLanguage":"es"},{"@type":"Person","@id":"https:\/\/newsmediadirectories.com\/es\/#\/schema\/person\/d936c9a5f74cd01c7ff4e2b559363063","name":"Valeria Catillo","image":{"@type":"ImageObject","inLanguage":"es","@id":"https:\/\/newsmediadirectories.com\/es\/#\/schema\/person\/image\/","url":"https:\/\/secure.gravatar.com\/avatar\/1b6716d8318da7cd8a049a1c7b480328?s=96&d=mm&r=g","contentUrl":"https:\/\/secure.gravatar.com\/avatar\/1b6716d8318da7cd8a049a1c7b480328?s=96&d=mm&r=g","caption":"Valeria Catillo"},"sameAs":["https:\/\/newsmediadirectories.com\/es"]}]}},"_links":{"self":[{"href":"https:\/\/newsmediadirectories.com\/es\/wp-json\/wp\/v2\/posts\/4393"}],"collection":[{"href":"https:\/\/newsmediadirectories.com\/es\/wp-json\/wp\/v2\/posts"}],"about":[{"href":"https:\/\/newsmediadirectories.com\/es\/wp-json\/wp\/v2\/types\/post"}],"author":[{"embeddable":true,"href":"https:\/\/newsmediadirectories.com\/es\/wp-json\/wp\/v2\/users\/1"}],"replies":[{"embeddable":true,"href":"https:\/\/newsmediadirectories.com\/es\/wp-json\/wp\/v2\/comments?post=4393"}],"version-history":[{"count":0,"href":"https:\/\/newsmediadirectories.com\/es\/wp-json\/wp\/v2\/posts\/4393\/revisions"}],"wp:featuredmedia":[{"embeddable":true,"href":"https:\/\/newsmediadirectories.com\/es\/wp-json\/wp\/v2\/media\/3612"}],"wp:attachment":[{"href":"https:\/\/newsmediadirectories.com\/es\/wp-json\/wp\/v2\/media?parent=4393"}],"wp:term":[{"taxonomy":"category","embeddable":true,"href":"https:\/\/newsmediadirectories.com\/es\/wp-json\/wp\/v2\/categories?post=4393"},{"taxonomy":"post_tag","embeddable":true,"href":"https:\/\/newsmediadirectories.com\/es\/wp-json\/wp\/v2\/tags?post=4393"},{"taxonomy":"wf_post_folders","embeddable":true,"href":"https:\/\/newsmediadirectories.com\/es\/wp-json\/wp\/v2\/wf_post_folders?post=4393"}],"curies":[{"name":"wp","href":"https:\/\/api.w.org\/{rel}","templated":true}]}}