{"id":4381,"date":"2023-05-20T05:32:57","date_gmt":"2023-05-20T05:32:57","guid":{"rendered":"https:\/\/newsmediadirectories.com\/es\/por-que-la-educacion-especial-merece-mas-atencion-y-recursos\/"},"modified":"2023-05-20T05:32:57","modified_gmt":"2023-05-20T05:32:57","slug":"por-que-la-educacion-especial-merece-mas-atencion-y-recursos","status":"publish","type":"post","link":"https:\/\/newsmediadirectories.com\/es\/por-que-la-educacion-especial-merece-mas-atencion-y-recursos\/","title":{"rendered":"\u00bfPor qu\u00e9 la educaci\u00f3n especial merece m\u00e1s atenci\u00f3n y recursos?"},"content":{"rendered":"<p>La educaci\u00f3n especial es uno de los recursos m\u00e1s importantes y valiosos que la sociedad puede ofrecer a los estudiantes con necesidades especiales. Sin embargo, a menudo enfrenta una falta de recursos y atenci\u00f3n, lo que dificulta el acceso a atenci\u00f3n de calidad para estos j\u00f3venes.<\/p>\n<p>En la actualidad, muchas escuelas p\u00fablicas en todo el mundo no est\u00e1n equipadas para satisfacer las necesidades de los estudiantes con discapacidades y necesidades especiales. Estos estudiantes enfrentan obst\u00e1culos significativos para su aprendizaje y pueden sentirse marginados dentro de sus escuelas. Adem\u00e1s, debido a la falta de recursos y personal capacitado, los estudiantes con necesidades especiales pueden experimentar una atenci\u00f3n m\u00e9dica inferior, lo que afecta negativamente su calidad de vida.<\/p>\n<p>Resulta vital abogar por la educaci\u00f3n especial, asegurando que los estudiantes dispongan de los recursos necesarios para su desarrollo integral. De acuerdo con datos de la UNESCO, m\u00e1s ni\u00f1os y j\u00f3venes en todo el mundo tienen alg\u00fan tipo de discapacidad que los hace vulnerables a la marginaci\u00f3n y al fracaso escolar.<\/p>\n<p>Por lo tanto, es necesario dedicar una mayor atenci\u00f3n y recursos a la educaci\u00f3n especial para garantizar la igualdad de oportunidades para todos los estudiantes. Es necesario, adem\u00e1s, mejorar la capacitaci\u00f3n del personal en los centros educativos y promover soluciones de ense\u00f1anza personalizadas que satisfagan las necesidades de cada uno de los alumnos.<\/p>\n<p>La educaci\u00f3n especial tiene que ser vista como una inversi\u00f3n, no un costo para el sistema educativo. Al invertir en la educaci\u00f3n especial, los estudiantes que enfrentan obst\u00e1culos en el aprendizaje tendr\u00e1n acceso a programas pedag\u00f3gicos de calidad, y se les brindar\u00e1 la oportunidad de desarrollar todo su potencial y alcanzar sus metas.<\/p>\n<p>En resumen, la educaci\u00f3n especial merece m\u00e1s atenci\u00f3n y recursos porque tiene el poder de transformar el futuro de los estudiantes con necesidades especiales. Es necesario abogar por una educaci\u00f3n inclusiva y personalizada que satisfaga las necesidades de cada estudiante, independientemente de sus habilidades, discapacidades o necesidades. Solo as\u00ed la educaci\u00f3n podr\u00e1 ayudar a construir una sociedad mucho m\u00e1s justa e inclusiva.<\/p>\n<p>Nota express publicada por <a href=\"https:\/\/mediastarpress.com\/\" target=\"_blank\" rel=\"noopener\">MediaStar | Agencia de Medios<\/a>.<\/p>\n","protected":false},"excerpt":{"rendered":"<p>La educaci\u00f3n especial es uno de los recursos m\u00e1s importantes y valiosos que la sociedad puede ofrecer a los estudiantes con necesidades especiales. Sin embargo, a menudo enfrenta una falta de recursos y atenci\u00f3n, lo que dificulta el acceso a atenci\u00f3n de calidad para estos j\u00f3venes. En la actualidad, muchas escuelas p\u00fablicas en todo el [&hellip;]<\/p>\n","protected":false},"author":1,"featured_media":3972,"comment_status":"open","ping_status":"open","sticky":false,"template":"","format":"standard","meta":{"inline_featured_image":false,"footnotes":""},"categories":[38],"tags":[],"wf_post_folders":[],"class_list":{"0":"post-4381","1":"post","2":"type-post","3":"status-publish","4":"format-standard","5":"has-post-thumbnail","7":"category-fast-news"},"yoast_head":"<!-- This site is optimized with the Yoast SEO plugin v24.1 - https:\/\/yoast.com\/wordpress\/plugins\/seo\/ -->\n<title>\u00bfPor qu\u00e9 la educaci\u00f3n especial merece m\u00e1s atenci\u00f3n y recursos?<\/title>\n<meta name=\"robots\" content=\"index, follow, max-snippet:-1, max-image-preview:large, max-video-preview:-1\" \/>\n<link rel=\"canonical\" href=\"https:\/\/newsmediadirectories.com\/es\/por-que-la-educacion-especial-merece-mas-atencion-y-recursos\/\" \/>\n<meta property=\"og:locale\" content=\"es_ES\" \/>\n<meta property=\"og:type\" content=\"article\" \/>\n<meta property=\"og:title\" content=\"\u00bfPor qu\u00e9 la educaci\u00f3n especial merece m\u00e1s atenci\u00f3n y recursos?\" \/>\n<meta property=\"og:description\" content=\"La educaci\u00f3n especial es uno de los recursos m\u00e1s importantes y valiosos que la sociedad puede ofrecer a los estudiantes con necesidades especiales. Sin embargo, a menudo enfrenta una falta de recursos y atenci\u00f3n, lo que dificulta el acceso a atenci\u00f3n de calidad para estos j\u00f3venes. En la actualidad, muchas escuelas p\u00fablicas en todo el [&hellip;]\" \/>\n<meta property=\"og:url\" content=\"https:\/\/newsmediadirectories.com\/es\/por-que-la-educacion-especial-merece-mas-atencion-y-recursos\/\" \/>\n<meta property=\"og:site_name\" content=\"News Media Directories - Noticias Online\" \/>\n<meta property=\"article:published_time\" content=\"2023-05-20T05:32:57+00:00\" \/>\n<meta property=\"og:image\" content=\"https:\/\/newsmediadirectories.com\/es\/wp-content\/uploads\/2023\/05\/0-430.jpg\" \/>\n\t<meta property=\"og:image:width\" content=\"1100\" \/>\n\t<meta property=\"og:image:height\" content=\"619\" \/>\n\t<meta property=\"og:image:type\" content=\"image\/jpeg\" \/>\n<meta name=\"author\" content=\"Valeria Catillo\" \/>\n<meta name=\"twitter:card\" content=\"summary_large_image\" \/>\n<meta name=\"twitter:label1\" content=\"Escrito por\" \/>\n\t<meta name=\"twitter:data1\" content=\"Valeria Catillo\" \/>\n\t<meta name=\"twitter:label2\" content=\"Tiempo de lectura\" \/>\n\t<meta name=\"twitter:data2\" content=\"2 minutos\" \/>\n<script type=\"application\/ld+json\" class=\"yoast-schema-graph\">{\"@context\":\"https:\/\/schema.org\",\"@graph\":[{\"@type\":\"WebPage\",\"@id\":\"https:\/\/newsmediadirectories.com\/es\/por-que-la-educacion-especial-merece-mas-atencion-y-recursos\/\",\"url\":\"https:\/\/newsmediadirectories.com\/es\/por-que-la-educacion-especial-merece-mas-atencion-y-recursos\/\",\"name\":\"\u00bfPor qu\u00e9 la educaci\u00f3n especial merece m\u00e1s atenci\u00f3n y recursos?\",\"isPartOf\":{\"@id\":\"https:\/\/newsmediadirectories.com\/es\/#website\"},\"primaryImageOfPage\":{\"@id\":\"https:\/\/newsmediadirectories.com\/es\/por-que-la-educacion-especial-merece-mas-atencion-y-recursos\/#primaryimage\"},\"image\":{\"@id\":\"https:\/\/newsmediadirectories.com\/es\/por-que-la-educacion-especial-merece-mas-atencion-y-recursos\/#primaryimage\"},\"thumbnailUrl\":\"https:\/\/newsmediadirectories.com\/es\/wp-content\/uploads\/2023\/05\/0-430.jpg\",\"datePublished\":\"2023-05-20T05:32:57+00:00\",\"dateModified\":\"2023-05-20T05:32:57+00:00\",\"author\":{\"@id\":\"https:\/\/newsmediadirectories.com\/es\/#\/schema\/person\/d936c9a5f74cd01c7ff4e2b559363063\"},\"inLanguage\":\"es\",\"potentialAction\":[{\"@type\":\"ReadAction\",\"target\":[\"https:\/\/newsmediadirectories.com\/es\/por-que-la-educacion-especial-merece-mas-atencion-y-recursos\/\"]}]},{\"@type\":\"ImageObject\",\"inLanguage\":\"es\",\"@id\":\"https:\/\/newsmediadirectories.com\/es\/por-que-la-educacion-especial-merece-mas-atencion-y-recursos\/#primaryimage\",\"url\":\"https:\/\/newsmediadirectories.com\/es\/wp-content\/uploads\/2023\/05\/0-430.jpg\",\"contentUrl\":\"https:\/\/newsmediadirectories.com\/es\/wp-content\/uploads\/2023\/05\/0-430.jpg\",\"width\":1100,\"height\":619},{\"@type\":\"WebSite\",\"@id\":\"https:\/\/newsmediadirectories.com\/es\/#website\",\"url\":\"https:\/\/newsmediadirectories.com\/es\/\",\"name\":\"News Media Directories - Noticias Online\",\"description\":\"News Media Directories - Noticias Online\",\"potentialAction\":[{\"@type\":\"SearchAction\",\"target\":{\"@type\":\"EntryPoint\",\"urlTemplate\":\"https:\/\/newsmediadirectories.com\/es\/?s={search_term_string}\"},\"query-input\":{\"@type\":\"PropertyValueSpecification\",\"valueRequired\":true,\"valueName\":\"search_term_string\"}}],\"inLanguage\":\"es\"},{\"@type\":\"Person\",\"@id\":\"https:\/\/newsmediadirectories.com\/es\/#\/schema\/person\/d936c9a5f74cd01c7ff4e2b559363063\",\"name\":\"Valeria Catillo\",\"image\":{\"@type\":\"ImageObject\",\"inLanguage\":\"es\",\"@id\":\"https:\/\/newsmediadirectories.com\/es\/#\/schema\/person\/image\/\",\"url\":\"https:\/\/secure.gravatar.com\/avatar\/1b6716d8318da7cd8a049a1c7b480328?s=96&d=mm&r=g\",\"contentUrl\":\"https:\/\/secure.gravatar.com\/avatar\/1b6716d8318da7cd8a049a1c7b480328?s=96&d=mm&r=g\",\"caption\":\"Valeria Catillo\"},\"sameAs\":[\"https:\/\/newsmediadirectories.com\/es\"]}]}<\/script>\n<!-- \/ Yoast SEO plugin. -->","yoast_head_json":{"title":"\u00bfPor qu\u00e9 la educaci\u00f3n especial merece m\u00e1s atenci\u00f3n y recursos?","robots":{"index":"index","follow":"follow","max-snippet":"max-snippet:-1","max-image-preview":"max-image-preview:large","max-video-preview":"max-video-preview:-1"},"canonical":"https:\/\/newsmediadirectories.com\/es\/por-que-la-educacion-especial-merece-mas-atencion-y-recursos\/","og_locale":"es_ES","og_type":"article","og_title":"\u00bfPor qu\u00e9 la educaci\u00f3n especial merece m\u00e1s atenci\u00f3n y recursos?","og_description":"La educaci\u00f3n especial es uno de los recursos m\u00e1s importantes y valiosos que la sociedad puede ofrecer a los estudiantes con necesidades especiales. Sin embargo, a menudo enfrenta una falta de recursos y atenci\u00f3n, lo que dificulta el acceso a atenci\u00f3n de calidad para estos j\u00f3venes. En la actualidad, muchas escuelas p\u00fablicas en todo el [&hellip;]","og_url":"https:\/\/newsmediadirectories.com\/es\/por-que-la-educacion-especial-merece-mas-atencion-y-recursos\/","og_site_name":"News Media Directories - Noticias Online","article_published_time":"2023-05-20T05:32:57+00:00","og_image":[{"width":1100,"height":619,"url":"https:\/\/newsmediadirectories.com\/es\/wp-content\/uploads\/2023\/05\/0-430.jpg","type":"image\/jpeg"}],"author":"Valeria Catillo","twitter_card":"summary_large_image","twitter_misc":{"Escrito por":"Valeria Catillo","Tiempo de lectura":"2 minutos"},"schema":{"@context":"https:\/\/schema.org","@graph":[{"@type":"WebPage","@id":"https:\/\/newsmediadirectories.com\/es\/por-que-la-educacion-especial-merece-mas-atencion-y-recursos\/","url":"https:\/\/newsmediadirectories.com\/es\/por-que-la-educacion-especial-merece-mas-atencion-y-recursos\/","name":"\u00bfPor qu\u00e9 la educaci\u00f3n especial merece m\u00e1s atenci\u00f3n y recursos?","isPartOf":{"@id":"https:\/\/newsmediadirectories.com\/es\/#website"},"primaryImageOfPage":{"@id":"https:\/\/newsmediadirectories.com\/es\/por-que-la-educacion-especial-merece-mas-atencion-y-recursos\/#primaryimage"},"image":{"@id":"https:\/\/newsmediadirectories.com\/es\/por-que-la-educacion-especial-merece-mas-atencion-y-recursos\/#primaryimage"},"thumbnailUrl":"https:\/\/newsmediadirectories.com\/es\/wp-content\/uploads\/2023\/05\/0-430.jpg","datePublished":"2023-05-20T05:32:57+00:00","dateModified":"2023-05-20T05:32:57+00:00","author":{"@id":"https:\/\/newsmediadirectories.com\/es\/#\/schema\/person\/d936c9a5f74cd01c7ff4e2b559363063"},"inLanguage":"es","potentialAction":[{"@type":"ReadAction","target":["https:\/\/newsmediadirectories.com\/es\/por-que-la-educacion-especial-merece-mas-atencion-y-recursos\/"]}]},{"@type":"ImageObject","inLanguage":"es","@id":"https:\/\/newsmediadirectories.com\/es\/por-que-la-educacion-especial-merece-mas-atencion-y-recursos\/#primaryimage","url":"https:\/\/newsmediadirectories.com\/es\/wp-content\/uploads\/2023\/05\/0-430.jpg","contentUrl":"https:\/\/newsmediadirectories.com\/es\/wp-content\/uploads\/2023\/05\/0-430.jpg","width":1100,"height":619},{"@type":"WebSite","@id":"https:\/\/newsmediadirectories.com\/es\/#website","url":"https:\/\/newsmediadirectories.com\/es\/","name":"News Media Directories - Noticias Online","description":"News Media Directories - Noticias Online","potentialAction":[{"@type":"SearchAction","target":{"@type":"EntryPoint","urlTemplate":"https:\/\/newsmediadirectories.com\/es\/?s={search_term_string}"},"query-input":{"@type":"PropertyValueSpecification","valueRequired":true,"valueName":"search_term_string"}}],"inLanguage":"es"},{"@type":"Person","@id":"https:\/\/newsmediadirectories.com\/es\/#\/schema\/person\/d936c9a5f74cd01c7ff4e2b559363063","name":"Valeria Catillo","image":{"@type":"ImageObject","inLanguage":"es","@id":"https:\/\/newsmediadirectories.com\/es\/#\/schema\/person\/image\/","url":"https:\/\/secure.gravatar.com\/avatar\/1b6716d8318da7cd8a049a1c7b480328?s=96&d=mm&r=g","contentUrl":"https:\/\/secure.gravatar.com\/avatar\/1b6716d8318da7cd8a049a1c7b480328?s=96&d=mm&r=g","caption":"Valeria Catillo"},"sameAs":["https:\/\/newsmediadirectories.com\/es"]}]}},"_links":{"self":[{"href":"https:\/\/newsmediadirectories.com\/es\/wp-json\/wp\/v2\/posts\/4381"}],"collection":[{"href":"https:\/\/newsmediadirectories.com\/es\/wp-json\/wp\/v2\/posts"}],"about":[{"href":"https:\/\/newsmediadirectories.com\/es\/wp-json\/wp\/v2\/types\/post"}],"author":[{"embeddable":true,"href":"https:\/\/newsmediadirectories.com\/es\/wp-json\/wp\/v2\/users\/1"}],"replies":[{"embeddable":true,"href":"https:\/\/newsmediadirectories.com\/es\/wp-json\/wp\/v2\/comments?post=4381"}],"version-history":[{"count":0,"href":"https:\/\/newsmediadirectories.com\/es\/wp-json\/wp\/v2\/posts\/4381\/revisions"}],"wp:featuredmedia":[{"embeddable":true,"href":"https:\/\/newsmediadirectories.com\/es\/wp-json\/wp\/v2\/media\/3972"}],"wp:attachment":[{"href":"https:\/\/newsmediadirectories.com\/es\/wp-json\/wp\/v2\/media?parent=4381"}],"wp:term":[{"taxonomy":"category","embeddable":true,"href":"https:\/\/newsmediadirectories.com\/es\/wp-json\/wp\/v2\/categories?post=4381"},{"taxonomy":"post_tag","embeddable":true,"href":"https:\/\/newsmediadirectories.com\/es\/wp-json\/wp\/v2\/tags?post=4381"},{"taxonomy":"wf_post_folders","embeddable":true,"href":"https:\/\/newsmediadirectories.com\/es\/wp-json\/wp\/v2\/wf_post_folders?post=4381"}],"curies":[{"name":"wp","href":"https:\/\/api.w.org\/{rel}","templated":true}]}}