{"id":4379,"date":"2023-05-20T05:32:57","date_gmt":"2023-05-20T05:32:57","guid":{"rendered":"https:\/\/newsmediadirectories.com\/es\/nadie-debe-quedarse-atras-la-inclusion-educativa-es-un-derecho-de-todos\/"},"modified":"2023-05-20T05:32:57","modified_gmt":"2023-05-20T05:32:57","slug":"nadie-debe-quedarse-atras-la-inclusion-educativa-es-un-derecho-de-todos","status":"publish","type":"post","link":"https:\/\/newsmediadirectories.com\/es\/nadie-debe-quedarse-atras-la-inclusion-educativa-es-un-derecho-de-todos\/","title":{"rendered":"Nadie debe quedarse atr\u00e1s: la inclusi\u00f3n educativa es un derecho de todos"},"content":{"rendered":"<p>En la sociedad moderna, la educaci\u00f3n es uno de los bienes m\u00e1s valiosos e importantes que puede tener una persona. Es un camino que permite el desarrollo personal, profesional y social de los individuos, lo que les permite tener una vida realizada y satisfactoria. Sin embargo, desafortunadamente, no todos tienen acceso a esta oportunidad. En este contexto, surge la idea de que nadie debe quedarse atr\u00e1s: la inclusi\u00f3n educativa es un derecho de todos.<\/p>\n<p>La inclusi\u00f3n educativa no s\u00f3lo consiste en la educaci\u00f3n formal, sino que tambi\u00e9n abarca todas las formas de educaci\u00f3n que posibiliten el crecimiento y la integraci\u00f3n de la persona. Esto se traduce en que la educaci\u00f3n no debe ser excluyente, sino m\u00e1s bien inclusiva, para que todas las personas tengan acceso a ella, independientemente de su origen socioecon\u00f3mico, origen \u00e9tnico, g\u00e9nero, orientaci\u00f3n sexual, discapacidad o cualquier otra condici\u00f3n.<\/p>\n<p>Es importante destacar que la inclusi\u00f3n educativa no s\u00f3lo tiene beneficios a nivel individual, sino que tambi\u00e9n tiene un impacto positivo en la sociedad en su conjunto. Cuando la educaci\u00f3n es inclusiva, se promueve la integraci\u00f3n social, se mejora la productividad econ\u00f3mica y se reducen las desigualdades y la exclusi\u00f3n.<\/p>\n<p>Para lograr una verdadera inclusi\u00f3n educativa se requiere la participaci\u00f3n activa de toda la sociedad. Es necesario que las instituciones educativas, los gobiernos, los padres, los educadores y la sociedad en general, trabajen juntos para crear las condiciones necesarias para que todas las personas tengan acceso a una educaci\u00f3n de calidad.<\/p>\n<p>Finalmente, es importante destacar que la inclusi\u00f3n educativa es un derecho de todos y que su promoci\u00f3n y defensa es responsabilidad de toda la sociedad. Si queremos construir una sociedad m\u00e1s justa, equitativa y desarrollada, es necesario que la educaci\u00f3n se convierta en una herramienta para todos, sin excepci\u00f3n. La inclusi\u00f3n educativa es un compromiso con el futuro de nuestra sociedad.<\/p>\n<p>Nota express publicada por <a href=\"https:\/\/mediastarpress.com\/\" target=\"_blank\" rel=\"noopener\">MediaStar | Agencia de Medios<\/a>.<\/p>\n","protected":false},"excerpt":{"rendered":"<p>En la sociedad moderna, la educaci\u00f3n es uno de los bienes m\u00e1s valiosos e importantes que puede tener una persona. Es un camino que permite el desarrollo personal, profesional y social de los individuos, lo que les permite tener una vida realizada y satisfactoria. Sin embargo, desafortunadamente, no todos tienen acceso a esta oportunidad. En [&hellip;]<\/p>\n","protected":false},"author":1,"featured_media":4380,"comment_status":"open","ping_status":"open","sticky":false,"template":"","format":"standard","meta":{"inline_featured_image":false,"footnotes":""},"categories":[38],"tags":[],"wf_post_folders":[],"class_list":{"0":"post-4379","1":"post","2":"type-post","3":"status-publish","4":"format-standard","5":"has-post-thumbnail","7":"category-fast-news"},"yoast_head":"<!-- This site is optimized with the Yoast SEO plugin v24.1 - https:\/\/yoast.com\/wordpress\/plugins\/seo\/ -->\n<title>Nadie debe quedarse atr\u00e1s: la inclusi\u00f3n educativa es un derecho de todos<\/title>\n<meta name=\"robots\" content=\"index, follow, max-snippet:-1, max-image-preview:large, max-video-preview:-1\" \/>\n<link rel=\"canonical\" href=\"https:\/\/newsmediadirectories.com\/es\/nadie-debe-quedarse-atras-la-inclusion-educativa-es-un-derecho-de-todos\/\" \/>\n<meta property=\"og:locale\" content=\"es_ES\" \/>\n<meta property=\"og:type\" content=\"article\" \/>\n<meta property=\"og:title\" content=\"Nadie debe quedarse atr\u00e1s: la inclusi\u00f3n educativa es un derecho de todos\" \/>\n<meta property=\"og:description\" content=\"En la sociedad moderna, la educaci\u00f3n es uno de los bienes m\u00e1s valiosos e importantes que puede tener una persona. Es un camino que permite el desarrollo personal, profesional y social de los individuos, lo que les permite tener una vida realizada y satisfactoria. Sin embargo, desafortunadamente, no todos tienen acceso a esta oportunidad. En [&hellip;]\" \/>\n<meta property=\"og:url\" content=\"https:\/\/newsmediadirectories.com\/es\/nadie-debe-quedarse-atras-la-inclusion-educativa-es-un-derecho-de-todos\/\" \/>\n<meta property=\"og:site_name\" content=\"News Media Directories - Noticias Online\" \/>\n<meta property=\"article:published_time\" content=\"2023-05-20T05:32:57+00:00\" \/>\n<meta property=\"og:image\" content=\"https:\/\/newsmediadirectories.com\/es\/wp-content\/uploads\/2023\/05\/01-19.jpg\" \/>\n\t<meta property=\"og:image:width\" content=\"1100\" \/>\n\t<meta property=\"og:image:height\" content=\"589\" \/>\n\t<meta property=\"og:image:type\" content=\"image\/jpeg\" \/>\n<meta name=\"author\" content=\"Valeria Catillo\" \/>\n<meta name=\"twitter:card\" content=\"summary_large_image\" \/>\n<meta name=\"twitter:label1\" content=\"Escrito por\" \/>\n\t<meta name=\"twitter:data1\" content=\"Valeria Catillo\" \/>\n\t<meta name=\"twitter:label2\" content=\"Tiempo de lectura\" \/>\n\t<meta name=\"twitter:data2\" content=\"2 minutos\" \/>\n<script type=\"application\/ld+json\" class=\"yoast-schema-graph\">{\"@context\":\"https:\/\/schema.org\",\"@graph\":[{\"@type\":\"WebPage\",\"@id\":\"https:\/\/newsmediadirectories.com\/es\/nadie-debe-quedarse-atras-la-inclusion-educativa-es-un-derecho-de-todos\/\",\"url\":\"https:\/\/newsmediadirectories.com\/es\/nadie-debe-quedarse-atras-la-inclusion-educativa-es-un-derecho-de-todos\/\",\"name\":\"Nadie debe quedarse atr\u00e1s: la inclusi\u00f3n educativa es un derecho de todos\",\"isPartOf\":{\"@id\":\"https:\/\/newsmediadirectories.com\/es\/#website\"},\"primaryImageOfPage\":{\"@id\":\"https:\/\/newsmediadirectories.com\/es\/nadie-debe-quedarse-atras-la-inclusion-educativa-es-un-derecho-de-todos\/#primaryimage\"},\"image\":{\"@id\":\"https:\/\/newsmediadirectories.com\/es\/nadie-debe-quedarse-atras-la-inclusion-educativa-es-un-derecho-de-todos\/#primaryimage\"},\"thumbnailUrl\":\"https:\/\/newsmediadirectories.com\/es\/wp-content\/uploads\/2023\/05\/01-19.jpg\",\"datePublished\":\"2023-05-20T05:32:57+00:00\",\"dateModified\":\"2023-05-20T05:32:57+00:00\",\"author\":{\"@id\":\"https:\/\/newsmediadirectories.com\/es\/#\/schema\/person\/d936c9a5f74cd01c7ff4e2b559363063\"},\"inLanguage\":\"es\",\"potentialAction\":[{\"@type\":\"ReadAction\",\"target\":[\"https:\/\/newsmediadirectories.com\/es\/nadie-debe-quedarse-atras-la-inclusion-educativa-es-un-derecho-de-todos\/\"]}]},{\"@type\":\"ImageObject\",\"inLanguage\":\"es\",\"@id\":\"https:\/\/newsmediadirectories.com\/es\/nadie-debe-quedarse-atras-la-inclusion-educativa-es-un-derecho-de-todos\/#primaryimage\",\"url\":\"https:\/\/newsmediadirectories.com\/es\/wp-content\/uploads\/2023\/05\/01-19.jpg\",\"contentUrl\":\"https:\/\/newsmediadirectories.com\/es\/wp-content\/uploads\/2023\/05\/01-19.jpg\",\"width\":1100,\"height\":589},{\"@type\":\"WebSite\",\"@id\":\"https:\/\/newsmediadirectories.com\/es\/#website\",\"url\":\"https:\/\/newsmediadirectories.com\/es\/\",\"name\":\"News Media Directories - Noticias Online\",\"description\":\"News Media Directories - Noticias Online\",\"potentialAction\":[{\"@type\":\"SearchAction\",\"target\":{\"@type\":\"EntryPoint\",\"urlTemplate\":\"https:\/\/newsmediadirectories.com\/es\/?s={search_term_string}\"},\"query-input\":{\"@type\":\"PropertyValueSpecification\",\"valueRequired\":true,\"valueName\":\"search_term_string\"}}],\"inLanguage\":\"es\"},{\"@type\":\"Person\",\"@id\":\"https:\/\/newsmediadirectories.com\/es\/#\/schema\/person\/d936c9a5f74cd01c7ff4e2b559363063\",\"name\":\"Valeria Catillo\",\"image\":{\"@type\":\"ImageObject\",\"inLanguage\":\"es\",\"@id\":\"https:\/\/newsmediadirectories.com\/es\/#\/schema\/person\/image\/\",\"url\":\"https:\/\/secure.gravatar.com\/avatar\/1b6716d8318da7cd8a049a1c7b480328?s=96&d=mm&r=g\",\"contentUrl\":\"https:\/\/secure.gravatar.com\/avatar\/1b6716d8318da7cd8a049a1c7b480328?s=96&d=mm&r=g\",\"caption\":\"Valeria Catillo\"},\"sameAs\":[\"https:\/\/newsmediadirectories.com\/es\"]}]}<\/script>\n<!-- \/ Yoast SEO plugin. -->","yoast_head_json":{"title":"Nadie debe quedarse atr\u00e1s: la inclusi\u00f3n educativa es un derecho de todos","robots":{"index":"index","follow":"follow","max-snippet":"max-snippet:-1","max-image-preview":"max-image-preview:large","max-video-preview":"max-video-preview:-1"},"canonical":"https:\/\/newsmediadirectories.com\/es\/nadie-debe-quedarse-atras-la-inclusion-educativa-es-un-derecho-de-todos\/","og_locale":"es_ES","og_type":"article","og_title":"Nadie debe quedarse atr\u00e1s: la inclusi\u00f3n educativa es un derecho de todos","og_description":"En la sociedad moderna, la educaci\u00f3n es uno de los bienes m\u00e1s valiosos e importantes que puede tener una persona. Es un camino que permite el desarrollo personal, profesional y social de los individuos, lo que les permite tener una vida realizada y satisfactoria. Sin embargo, desafortunadamente, no todos tienen acceso a esta oportunidad. En [&hellip;]","og_url":"https:\/\/newsmediadirectories.com\/es\/nadie-debe-quedarse-atras-la-inclusion-educativa-es-un-derecho-de-todos\/","og_site_name":"News Media Directories - Noticias Online","article_published_time":"2023-05-20T05:32:57+00:00","og_image":[{"width":1100,"height":589,"url":"https:\/\/newsmediadirectories.com\/es\/wp-content\/uploads\/2023\/05\/01-19.jpg","type":"image\/jpeg"}],"author":"Valeria Catillo","twitter_card":"summary_large_image","twitter_misc":{"Escrito por":"Valeria Catillo","Tiempo de lectura":"2 minutos"},"schema":{"@context":"https:\/\/schema.org","@graph":[{"@type":"WebPage","@id":"https:\/\/newsmediadirectories.com\/es\/nadie-debe-quedarse-atras-la-inclusion-educativa-es-un-derecho-de-todos\/","url":"https:\/\/newsmediadirectories.com\/es\/nadie-debe-quedarse-atras-la-inclusion-educativa-es-un-derecho-de-todos\/","name":"Nadie debe quedarse atr\u00e1s: la inclusi\u00f3n educativa es un derecho de todos","isPartOf":{"@id":"https:\/\/newsmediadirectories.com\/es\/#website"},"primaryImageOfPage":{"@id":"https:\/\/newsmediadirectories.com\/es\/nadie-debe-quedarse-atras-la-inclusion-educativa-es-un-derecho-de-todos\/#primaryimage"},"image":{"@id":"https:\/\/newsmediadirectories.com\/es\/nadie-debe-quedarse-atras-la-inclusion-educativa-es-un-derecho-de-todos\/#primaryimage"},"thumbnailUrl":"https:\/\/newsmediadirectories.com\/es\/wp-content\/uploads\/2023\/05\/01-19.jpg","datePublished":"2023-05-20T05:32:57+00:00","dateModified":"2023-05-20T05:32:57+00:00","author":{"@id":"https:\/\/newsmediadirectories.com\/es\/#\/schema\/person\/d936c9a5f74cd01c7ff4e2b559363063"},"inLanguage":"es","potentialAction":[{"@type":"ReadAction","target":["https:\/\/newsmediadirectories.com\/es\/nadie-debe-quedarse-atras-la-inclusion-educativa-es-un-derecho-de-todos\/"]}]},{"@type":"ImageObject","inLanguage":"es","@id":"https:\/\/newsmediadirectories.com\/es\/nadie-debe-quedarse-atras-la-inclusion-educativa-es-un-derecho-de-todos\/#primaryimage","url":"https:\/\/newsmediadirectories.com\/es\/wp-content\/uploads\/2023\/05\/01-19.jpg","contentUrl":"https:\/\/newsmediadirectories.com\/es\/wp-content\/uploads\/2023\/05\/01-19.jpg","width":1100,"height":589},{"@type":"WebSite","@id":"https:\/\/newsmediadirectories.com\/es\/#website","url":"https:\/\/newsmediadirectories.com\/es\/","name":"News Media Directories - Noticias Online","description":"News Media Directories - Noticias Online","potentialAction":[{"@type":"SearchAction","target":{"@type":"EntryPoint","urlTemplate":"https:\/\/newsmediadirectories.com\/es\/?s={search_term_string}"},"query-input":{"@type":"PropertyValueSpecification","valueRequired":true,"valueName":"search_term_string"}}],"inLanguage":"es"},{"@type":"Person","@id":"https:\/\/newsmediadirectories.com\/es\/#\/schema\/person\/d936c9a5f74cd01c7ff4e2b559363063","name":"Valeria Catillo","image":{"@type":"ImageObject","inLanguage":"es","@id":"https:\/\/newsmediadirectories.com\/es\/#\/schema\/person\/image\/","url":"https:\/\/secure.gravatar.com\/avatar\/1b6716d8318da7cd8a049a1c7b480328?s=96&d=mm&r=g","contentUrl":"https:\/\/secure.gravatar.com\/avatar\/1b6716d8318da7cd8a049a1c7b480328?s=96&d=mm&r=g","caption":"Valeria Catillo"},"sameAs":["https:\/\/newsmediadirectories.com\/es"]}]}},"_links":{"self":[{"href":"https:\/\/newsmediadirectories.com\/es\/wp-json\/wp\/v2\/posts\/4379"}],"collection":[{"href":"https:\/\/newsmediadirectories.com\/es\/wp-json\/wp\/v2\/posts"}],"about":[{"href":"https:\/\/newsmediadirectories.com\/es\/wp-json\/wp\/v2\/types\/post"}],"author":[{"embeddable":true,"href":"https:\/\/newsmediadirectories.com\/es\/wp-json\/wp\/v2\/users\/1"}],"replies":[{"embeddable":true,"href":"https:\/\/newsmediadirectories.com\/es\/wp-json\/wp\/v2\/comments?post=4379"}],"version-history":[{"count":0,"href":"https:\/\/newsmediadirectories.com\/es\/wp-json\/wp\/v2\/posts\/4379\/revisions"}],"wp:featuredmedia":[{"embeddable":true,"href":"https:\/\/newsmediadirectories.com\/es\/wp-json\/wp\/v2\/media\/4380"}],"wp:attachment":[{"href":"https:\/\/newsmediadirectories.com\/es\/wp-json\/wp\/v2\/media?parent=4379"}],"wp:term":[{"taxonomy":"category","embeddable":true,"href":"https:\/\/newsmediadirectories.com\/es\/wp-json\/wp\/v2\/categories?post=4379"},{"taxonomy":"post_tag","embeddable":true,"href":"https:\/\/newsmediadirectories.com\/es\/wp-json\/wp\/v2\/tags?post=4379"},{"taxonomy":"wf_post_folders","embeddable":true,"href":"https:\/\/newsmediadirectories.com\/es\/wp-json\/wp\/v2\/wf_post_folders?post=4379"}],"curies":[{"name":"wp","href":"https:\/\/api.w.org\/{rel}","templated":true}]}}