{"id":4374,"date":"2023-05-20T05:32:59","date_gmt":"2023-05-20T05:32:59","guid":{"rendered":"https:\/\/newsmediadirectories.com\/es\/por-que-la-educacion-especial-merece-mas-atencion-y-recursos-2\/"},"modified":"2023-05-20T05:32:59","modified_gmt":"2023-05-20T05:32:59","slug":"por-que-la-educacion-especial-merece-mas-atencion-y-recursos-2","status":"publish","type":"post","link":"https:\/\/newsmediadirectories.com\/es\/por-que-la-educacion-especial-merece-mas-atencion-y-recursos-2\/","title":{"rendered":"\u00bfPor qu\u00e9 la educaci\u00f3n especial merece m\u00e1s atenci\u00f3n y recursos?"},"content":{"rendered":"<p>La educaci\u00f3n especial es un tema de gran importancia debido a que se trata de una herramienta fundamental para garantizar el \u00e9xito y la inclusi\u00f3n educativa de una poblaci\u00f3n en situaci\u00f3n de vulnerabilidad y que, a menudo, se ve expuesta a una serie de desaf\u00edos y obst\u00e1culos que dificultan su aprendizaje y desarrollo personal.<\/p>\n<p>A pesar de la importancia de la educaci\u00f3n especial, la realidad es que este sector a menudo se encuentra marginado y desatendido por los sistemas educativos del mundo y, en muchas ocasiones, no cuenta con los recursos ni las ayudas necesarias para poder ofrecer una educaci\u00f3n de calidad a sus estudiantes.<\/p>\n<p>Por tanto, es fundamental que se preste una mayor atenci\u00f3n y se destinen m\u00e1s recursos a la educaci\u00f3n especial. Esto permitir\u00eda abordar de manera m\u00e1s efectiva los desaf\u00edos que enfrentan los estudiantes con necesidades especiales y garantizar su inclusi\u00f3n en el sistema educativo.<\/p>\n<p>Entre las medidas que podr\u00edan ser adoptadas para mejorar la atenci\u00f3n y los recursos de la educaci\u00f3n especial, destaca la necesidad de garantizar la formaci\u00f3n y capacitaci\u00f3n de los profesionales encargados de impartir esta ense\u00f1anza, y dotar a estos centros de los instrumentos y herramientas educativas adecuadas para hacer frente a las necesidades espec\u00edficas de sus estudiantes.<\/p>\n<p>Adem\u00e1s, es fundamental que se preste atenci\u00f3n y se destinen recursos a la investigaci\u00f3n de nuevas estrategias pedag\u00f3gicas y metodolog\u00edas adecuadas para la atenci\u00f3n de los estudiantes con necesidades especiales. De esta manera, se podr\u00eda optimizar el proceso de ense\u00f1anza y garantizar una educaci\u00f3n inclusiva y de calidad para todos los estudiantes.<\/p>\n<p>En resumen, se hace evidente que la educaci\u00f3n especial merece una mayor atenci\u00f3n y recursos para poder enfrentar los desaf\u00edos que enfrentan estos estudiantes y garantizar su inclusi\u00f3n y desarrollo. Por ello, es urgente que se celebren pol\u00edticas p\u00fablicas enfocadas en la educaci\u00f3n especial para garantizar que todos los estudiantes tengan acceso a una educaci\u00f3n inclusiva y de calidad.<\/p>\n<p>Nota express publicada por <a href=\"https:\/\/mediastarpress.com\/\" target=\"_blank\" rel=\"noopener\">MediaStar | Agencia de Medios<\/a>.<\/p>\n","protected":false},"excerpt":{"rendered":"<p>La educaci\u00f3n especial es un tema de gran importancia debido a que se trata de una herramienta fundamental para garantizar el \u00e9xito y la inclusi\u00f3n educativa de una poblaci\u00f3n en situaci\u00f3n de vulnerabilidad y que, a menudo, se ve expuesta a una serie de desaf\u00edos y obst\u00e1culos que dificultan su aprendizaje y desarrollo personal. A [&hellip;]<\/p>\n","protected":false},"author":1,"featured_media":4375,"comment_status":"open","ping_status":"open","sticky":false,"template":"","format":"standard","meta":{"inline_featured_image":false,"footnotes":""},"categories":[38],"tags":[],"wf_post_folders":[],"class_list":{"0":"post-4374","1":"post","2":"type-post","3":"status-publish","4":"format-standard","5":"has-post-thumbnail","7":"category-fast-news"},"yoast_head":"<!-- This site is optimized with the Yoast SEO plugin v24.1 - https:\/\/yoast.com\/wordpress\/plugins\/seo\/ -->\n<title>\u00bfPor qu\u00e9 la educaci\u00f3n especial merece m\u00e1s atenci\u00f3n y recursos?<\/title>\n<meta name=\"robots\" content=\"index, follow, max-snippet:-1, max-image-preview:large, max-video-preview:-1\" \/>\n<link rel=\"canonical\" href=\"https:\/\/newsmediadirectories.com\/es\/por-que-la-educacion-especial-merece-mas-atencion-y-recursos-2\/\" \/>\n<meta property=\"og:locale\" content=\"es_ES\" \/>\n<meta property=\"og:type\" content=\"article\" \/>\n<meta property=\"og:title\" content=\"\u00bfPor qu\u00e9 la educaci\u00f3n especial merece m\u00e1s atenci\u00f3n y recursos?\" \/>\n<meta property=\"og:description\" content=\"La educaci\u00f3n especial es un tema de gran importancia debido a que se trata de una herramienta fundamental para garantizar el \u00e9xito y la inclusi\u00f3n educativa de una poblaci\u00f3n en situaci\u00f3n de vulnerabilidad y que, a menudo, se ve expuesta a una serie de desaf\u00edos y obst\u00e1culos que dificultan su aprendizaje y desarrollo personal. A [&hellip;]\" \/>\n<meta property=\"og:url\" content=\"https:\/\/newsmediadirectories.com\/es\/por-que-la-educacion-especial-merece-mas-atencion-y-recursos-2\/\" \/>\n<meta property=\"og:site_name\" content=\"News Media Directories - Noticias Online\" \/>\n<meta property=\"article:published_time\" content=\"2023-05-20T05:32:59+00:00\" \/>\n<meta property=\"og:image\" content=\"https:\/\/newsmediadirectories.com\/es\/wp-content\/uploads\/2023\/05\/0-381.jpg\" \/>\n\t<meta property=\"og:image:width\" content=\"1100\" \/>\n\t<meta property=\"og:image:height\" content=\"825\" \/>\n\t<meta property=\"og:image:type\" content=\"image\/jpeg\" \/>\n<meta name=\"author\" content=\"Valeria Catillo\" \/>\n<meta name=\"twitter:card\" content=\"summary_large_image\" \/>\n<meta name=\"twitter:label1\" content=\"Escrito por\" \/>\n\t<meta name=\"twitter:data1\" content=\"Valeria Catillo\" \/>\n\t<meta name=\"twitter:label2\" content=\"Tiempo de lectura\" \/>\n\t<meta name=\"twitter:data2\" content=\"2 minutos\" \/>\n<script type=\"application\/ld+json\" class=\"yoast-schema-graph\">{\"@context\":\"https:\/\/schema.org\",\"@graph\":[{\"@type\":\"WebPage\",\"@id\":\"https:\/\/newsmediadirectories.com\/es\/por-que-la-educacion-especial-merece-mas-atencion-y-recursos-2\/\",\"url\":\"https:\/\/newsmediadirectories.com\/es\/por-que-la-educacion-especial-merece-mas-atencion-y-recursos-2\/\",\"name\":\"\u00bfPor qu\u00e9 la educaci\u00f3n especial merece m\u00e1s atenci\u00f3n y recursos?\",\"isPartOf\":{\"@id\":\"https:\/\/newsmediadirectories.com\/es\/#website\"},\"primaryImageOfPage\":{\"@id\":\"https:\/\/newsmediadirectories.com\/es\/por-que-la-educacion-especial-merece-mas-atencion-y-recursos-2\/#primaryimage\"},\"image\":{\"@id\":\"https:\/\/newsmediadirectories.com\/es\/por-que-la-educacion-especial-merece-mas-atencion-y-recursos-2\/#primaryimage\"},\"thumbnailUrl\":\"https:\/\/newsmediadirectories.com\/es\/wp-content\/uploads\/2023\/05\/0-381.jpg\",\"datePublished\":\"2023-05-20T05:32:59+00:00\",\"dateModified\":\"2023-05-20T05:32:59+00:00\",\"author\":{\"@id\":\"https:\/\/newsmediadirectories.com\/es\/#\/schema\/person\/d936c9a5f74cd01c7ff4e2b559363063\"},\"inLanguage\":\"es\",\"potentialAction\":[{\"@type\":\"ReadAction\",\"target\":[\"https:\/\/newsmediadirectories.com\/es\/por-que-la-educacion-especial-merece-mas-atencion-y-recursos-2\/\"]}]},{\"@type\":\"ImageObject\",\"inLanguage\":\"es\",\"@id\":\"https:\/\/newsmediadirectories.com\/es\/por-que-la-educacion-especial-merece-mas-atencion-y-recursos-2\/#primaryimage\",\"url\":\"https:\/\/newsmediadirectories.com\/es\/wp-content\/uploads\/2023\/05\/0-381.jpg\",\"contentUrl\":\"https:\/\/newsmediadirectories.com\/es\/wp-content\/uploads\/2023\/05\/0-381.jpg\",\"width\":1100,\"height\":825},{\"@type\":\"WebSite\",\"@id\":\"https:\/\/newsmediadirectories.com\/es\/#website\",\"url\":\"https:\/\/newsmediadirectories.com\/es\/\",\"name\":\"News Media Directories - Noticias Online\",\"description\":\"News Media Directories - Noticias Online\",\"potentialAction\":[{\"@type\":\"SearchAction\",\"target\":{\"@type\":\"EntryPoint\",\"urlTemplate\":\"https:\/\/newsmediadirectories.com\/es\/?s={search_term_string}\"},\"query-input\":{\"@type\":\"PropertyValueSpecification\",\"valueRequired\":true,\"valueName\":\"search_term_string\"}}],\"inLanguage\":\"es\"},{\"@type\":\"Person\",\"@id\":\"https:\/\/newsmediadirectories.com\/es\/#\/schema\/person\/d936c9a5f74cd01c7ff4e2b559363063\",\"name\":\"Valeria Catillo\",\"image\":{\"@type\":\"ImageObject\",\"inLanguage\":\"es\",\"@id\":\"https:\/\/newsmediadirectories.com\/es\/#\/schema\/person\/image\/\",\"url\":\"https:\/\/secure.gravatar.com\/avatar\/1b6716d8318da7cd8a049a1c7b480328?s=96&d=mm&r=g\",\"contentUrl\":\"https:\/\/secure.gravatar.com\/avatar\/1b6716d8318da7cd8a049a1c7b480328?s=96&d=mm&r=g\",\"caption\":\"Valeria Catillo\"},\"sameAs\":[\"https:\/\/newsmediadirectories.com\/es\"]}]}<\/script>\n<!-- \/ Yoast SEO plugin. -->","yoast_head_json":{"title":"\u00bfPor qu\u00e9 la educaci\u00f3n especial merece m\u00e1s atenci\u00f3n y recursos?","robots":{"index":"index","follow":"follow","max-snippet":"max-snippet:-1","max-image-preview":"max-image-preview:large","max-video-preview":"max-video-preview:-1"},"canonical":"https:\/\/newsmediadirectories.com\/es\/por-que-la-educacion-especial-merece-mas-atencion-y-recursos-2\/","og_locale":"es_ES","og_type":"article","og_title":"\u00bfPor qu\u00e9 la educaci\u00f3n especial merece m\u00e1s atenci\u00f3n y recursos?","og_description":"La educaci\u00f3n especial es un tema de gran importancia debido a que se trata de una herramienta fundamental para garantizar el \u00e9xito y la inclusi\u00f3n educativa de una poblaci\u00f3n en situaci\u00f3n de vulnerabilidad y que, a menudo, se ve expuesta a una serie de desaf\u00edos y obst\u00e1culos que dificultan su aprendizaje y desarrollo personal. A [&hellip;]","og_url":"https:\/\/newsmediadirectories.com\/es\/por-que-la-educacion-especial-merece-mas-atencion-y-recursos-2\/","og_site_name":"News Media Directories - Noticias Online","article_published_time":"2023-05-20T05:32:59+00:00","og_image":[{"width":1100,"height":825,"url":"https:\/\/newsmediadirectories.com\/es\/wp-content\/uploads\/2023\/05\/0-381.jpg","type":"image\/jpeg"}],"author":"Valeria Catillo","twitter_card":"summary_large_image","twitter_misc":{"Escrito por":"Valeria Catillo","Tiempo de lectura":"2 minutos"},"schema":{"@context":"https:\/\/schema.org","@graph":[{"@type":"WebPage","@id":"https:\/\/newsmediadirectories.com\/es\/por-que-la-educacion-especial-merece-mas-atencion-y-recursos-2\/","url":"https:\/\/newsmediadirectories.com\/es\/por-que-la-educacion-especial-merece-mas-atencion-y-recursos-2\/","name":"\u00bfPor qu\u00e9 la educaci\u00f3n especial merece m\u00e1s atenci\u00f3n y recursos?","isPartOf":{"@id":"https:\/\/newsmediadirectories.com\/es\/#website"},"primaryImageOfPage":{"@id":"https:\/\/newsmediadirectories.com\/es\/por-que-la-educacion-especial-merece-mas-atencion-y-recursos-2\/#primaryimage"},"image":{"@id":"https:\/\/newsmediadirectories.com\/es\/por-que-la-educacion-especial-merece-mas-atencion-y-recursos-2\/#primaryimage"},"thumbnailUrl":"https:\/\/newsmediadirectories.com\/es\/wp-content\/uploads\/2023\/05\/0-381.jpg","datePublished":"2023-05-20T05:32:59+00:00","dateModified":"2023-05-20T05:32:59+00:00","author":{"@id":"https:\/\/newsmediadirectories.com\/es\/#\/schema\/person\/d936c9a5f74cd01c7ff4e2b559363063"},"inLanguage":"es","potentialAction":[{"@type":"ReadAction","target":["https:\/\/newsmediadirectories.com\/es\/por-que-la-educacion-especial-merece-mas-atencion-y-recursos-2\/"]}]},{"@type":"ImageObject","inLanguage":"es","@id":"https:\/\/newsmediadirectories.com\/es\/por-que-la-educacion-especial-merece-mas-atencion-y-recursos-2\/#primaryimage","url":"https:\/\/newsmediadirectories.com\/es\/wp-content\/uploads\/2023\/05\/0-381.jpg","contentUrl":"https:\/\/newsmediadirectories.com\/es\/wp-content\/uploads\/2023\/05\/0-381.jpg","width":1100,"height":825},{"@type":"WebSite","@id":"https:\/\/newsmediadirectories.com\/es\/#website","url":"https:\/\/newsmediadirectories.com\/es\/","name":"News Media Directories - Noticias Online","description":"News Media Directories - Noticias Online","potentialAction":[{"@type":"SearchAction","target":{"@type":"EntryPoint","urlTemplate":"https:\/\/newsmediadirectories.com\/es\/?s={search_term_string}"},"query-input":{"@type":"PropertyValueSpecification","valueRequired":true,"valueName":"search_term_string"}}],"inLanguage":"es"},{"@type":"Person","@id":"https:\/\/newsmediadirectories.com\/es\/#\/schema\/person\/d936c9a5f74cd01c7ff4e2b559363063","name":"Valeria Catillo","image":{"@type":"ImageObject","inLanguage":"es","@id":"https:\/\/newsmediadirectories.com\/es\/#\/schema\/person\/image\/","url":"https:\/\/secure.gravatar.com\/avatar\/1b6716d8318da7cd8a049a1c7b480328?s=96&d=mm&r=g","contentUrl":"https:\/\/secure.gravatar.com\/avatar\/1b6716d8318da7cd8a049a1c7b480328?s=96&d=mm&r=g","caption":"Valeria Catillo"},"sameAs":["https:\/\/newsmediadirectories.com\/es"]}]}},"_links":{"self":[{"href":"https:\/\/newsmediadirectories.com\/es\/wp-json\/wp\/v2\/posts\/4374"}],"collection":[{"href":"https:\/\/newsmediadirectories.com\/es\/wp-json\/wp\/v2\/posts"}],"about":[{"href":"https:\/\/newsmediadirectories.com\/es\/wp-json\/wp\/v2\/types\/post"}],"author":[{"embeddable":true,"href":"https:\/\/newsmediadirectories.com\/es\/wp-json\/wp\/v2\/users\/1"}],"replies":[{"embeddable":true,"href":"https:\/\/newsmediadirectories.com\/es\/wp-json\/wp\/v2\/comments?post=4374"}],"version-history":[{"count":0,"href":"https:\/\/newsmediadirectories.com\/es\/wp-json\/wp\/v2\/posts\/4374\/revisions"}],"wp:featuredmedia":[{"embeddable":true,"href":"https:\/\/newsmediadirectories.com\/es\/wp-json\/wp\/v2\/media\/4375"}],"wp:attachment":[{"href":"https:\/\/newsmediadirectories.com\/es\/wp-json\/wp\/v2\/media?parent=4374"}],"wp:term":[{"taxonomy":"category","embeddable":true,"href":"https:\/\/newsmediadirectories.com\/es\/wp-json\/wp\/v2\/categories?post=4374"},{"taxonomy":"post_tag","embeddable":true,"href":"https:\/\/newsmediadirectories.com\/es\/wp-json\/wp\/v2\/tags?post=4374"},{"taxonomy":"wf_post_folders","embeddable":true,"href":"https:\/\/newsmediadirectories.com\/es\/wp-json\/wp\/v2\/wf_post_folders?post=4374"}],"curies":[{"name":"wp","href":"https:\/\/api.w.org\/{rel}","templated":true}]}}