{"id":4373,"date":"2023-05-20T05:32:59","date_gmt":"2023-05-20T05:32:59","guid":{"rendered":"https:\/\/newsmediadirectories.com\/es\/la-neuroeducacion-la-clave-para-potenciar-el-aprendizaje-en-el-mundo-3\/"},"modified":"2023-05-20T05:32:59","modified_gmt":"2023-05-20T05:32:59","slug":"la-neuroeducacion-la-clave-para-potenciar-el-aprendizaje-en-el-mundo-3","status":"publish","type":"post","link":"https:\/\/newsmediadirectories.com\/es\/la-neuroeducacion-la-clave-para-potenciar-el-aprendizaje-en-el-mundo-3\/","title":{"rendered":"La Neuroeducaci\u00f3n, la clave para potenciar el aprendizaje en el mundo"},"content":{"rendered":"<p>de la educaci\u00f3n.<\/p>\n<p>La neuroeducaci\u00f3n es un campo de estudio que se ha convertido en una herramienta clave para potenciar el aprendizaje en el mundo de la educaci\u00f3n. Se trata de una disciplina que aborda el estudio del cerebro y su implicaci\u00f3n en los procesos de aprendizaje, as\u00ed como la aplicaci\u00f3n de los hallazgos obtenidos en la neurociencia en el \u00e1mbito educativo.<\/p>\n<p>Las investigaciones en este campo han demostrado que el cerebro humano es un \u00f3rgano pl\u00e1stico y din\u00e1mico, capaz de modificar su estructura y funci\u00f3n en respuesta a las experiencias y est\u00edmulos que recibe. Por tanto, la ense\u00f1anza y el aprendizaje no pueden ser concebidos como procesos aislados, sino que deben ser considerados en el contexto de la neuroplasticidad cerebral.<\/p>\n<p>En este sentido, la neuroeducaci\u00f3n se orienta a desarrollar estrategias pedag\u00f3gicas que permitan aprovechar las capacidades cognitivas de los estudiantes, estimulando la memoria, la atenci\u00f3n, la percepci\u00f3n y la resoluci\u00f3n de problemas. Esto implica la implementaci\u00f3n de metodolog\u00edas innovadoras que hagan uso de tecnolog\u00edas avanzadas y estrategias de aprendizaje activo, como el aprendizaje basado en proyectos o el trabajo colaborativo.<\/p>\n<p>Adem\u00e1s, la neuroeducaci\u00f3n tambi\u00e9n se enfoca en la identificaci\u00f3n de factores que pueden interferir en el proceso de aprendizaje, como el estr\u00e9s, la ansiedad o la falta de sue\u00f1o, y en el desarrollo de herramientas para prevenir o reducir su impacto en el aprendizaje.<\/p>\n<p>El auge de la neuroeducaci\u00f3n en el mundo de la educaci\u00f3n ha generado un gran inter\u00e9s entre los profesionales de la ense\u00f1anza, quienes buscan mejorar sus pr\u00e1cticas pedag\u00f3gicas para potenciar el aprendizaje de sus estudiantes. Sin embargo, como cualquier disciplina cient\u00edfica, la neuroeducaci\u00f3n tambi\u00e9n tiene sus detractores, que critican la falta de evidencia emp\u00edrica que sustente algunas de sus recomendaciones y la posibilidad de que se convierta en una moda pasajera.<\/p>\n<p>No obstante, a medida que se siguen realizando investigaciones en este campo y se profundiza en el conocimiento de la neurociencia, es probable que la neuroeducaci\u00f3n se consolide como una herramienta valiosa para la mejora del aprendizaje en la educaci\u00f3n.<\/p>\n<p>Nota express publicada por <a href=\"https:\/\/mediastarpress.com\/\" target=\"_blank\" rel=\"noopener\">MediaStar | Agencia de Medios<\/a>.<\/p>\n","protected":false},"excerpt":{"rendered":"<p>de la educaci\u00f3n. La neuroeducaci\u00f3n es un campo de estudio que se ha convertido en una herramienta clave para potenciar el aprendizaje en el mundo de la educaci\u00f3n. Se trata de una disciplina que aborda el estudio del cerebro y su implicaci\u00f3n en los procesos de aprendizaje, as\u00ed como la aplicaci\u00f3n de los hallazgos obtenidos [&hellip;]<\/p>\n","protected":false},"author":1,"featured_media":3592,"comment_status":"open","ping_status":"open","sticky":false,"template":"","format":"standard","meta":{"inline_featured_image":false,"footnotes":""},"categories":[38],"tags":[],"wf_post_folders":[],"class_list":{"0":"post-4373","1":"post","2":"type-post","3":"status-publish","4":"format-standard","5":"has-post-thumbnail","7":"category-fast-news"},"yoast_head":"<!-- This site is optimized with the Yoast SEO plugin v24.1 - https:\/\/yoast.com\/wordpress\/plugins\/seo\/ -->\n<title>La Neuroeducaci\u00f3n, la clave para potenciar el aprendizaje en el mundo<\/title>\n<meta name=\"robots\" content=\"index, follow, max-snippet:-1, max-image-preview:large, max-video-preview:-1\" \/>\n<link rel=\"canonical\" href=\"https:\/\/newsmediadirectories.com\/es\/la-neuroeducacion-la-clave-para-potenciar-el-aprendizaje-en-el-mundo-3\/\" \/>\n<meta property=\"og:locale\" content=\"es_ES\" \/>\n<meta property=\"og:type\" content=\"article\" \/>\n<meta property=\"og:title\" content=\"La Neuroeducaci\u00f3n, la clave para potenciar el aprendizaje en el mundo\" \/>\n<meta property=\"og:description\" content=\"de la educaci\u00f3n. La neuroeducaci\u00f3n es un campo de estudio que se ha convertido en una herramienta clave para potenciar el aprendizaje en el mundo de la educaci\u00f3n. Se trata de una disciplina que aborda el estudio del cerebro y su implicaci\u00f3n en los procesos de aprendizaje, as\u00ed como la aplicaci\u00f3n de los hallazgos obtenidos [&hellip;]\" \/>\n<meta property=\"og:url\" content=\"https:\/\/newsmediadirectories.com\/es\/la-neuroeducacion-la-clave-para-potenciar-el-aprendizaje-en-el-mundo-3\/\" \/>\n<meta property=\"og:site_name\" content=\"News Media Directories - Noticias Online\" \/>\n<meta property=\"article:published_time\" content=\"2023-05-20T05:32:59+00:00\" \/>\n<meta property=\"og:image\" content=\"https:\/\/newsmediadirectories.com\/es\/wp-content\/uploads\/2023\/05\/0-278.jpg\" \/>\n\t<meta property=\"og:image:width\" content=\"1100\" \/>\n\t<meta property=\"og:image:height\" content=\"619\" \/>\n\t<meta property=\"og:image:type\" content=\"image\/jpeg\" \/>\n<meta name=\"author\" content=\"Valeria Catillo\" \/>\n<meta name=\"twitter:card\" content=\"summary_large_image\" \/>\n<meta name=\"twitter:label1\" content=\"Escrito por\" \/>\n\t<meta name=\"twitter:data1\" content=\"Valeria Catillo\" \/>\n\t<meta name=\"twitter:label2\" content=\"Tiempo de lectura\" \/>\n\t<meta name=\"twitter:data2\" content=\"2 minutos\" \/>\n<script type=\"application\/ld+json\" class=\"yoast-schema-graph\">{\"@context\":\"https:\/\/schema.org\",\"@graph\":[{\"@type\":\"WebPage\",\"@id\":\"https:\/\/newsmediadirectories.com\/es\/la-neuroeducacion-la-clave-para-potenciar-el-aprendizaje-en-el-mundo-3\/\",\"url\":\"https:\/\/newsmediadirectories.com\/es\/la-neuroeducacion-la-clave-para-potenciar-el-aprendizaje-en-el-mundo-3\/\",\"name\":\"La Neuroeducaci\u00f3n, la clave para potenciar el aprendizaje en el mundo\",\"isPartOf\":{\"@id\":\"https:\/\/newsmediadirectories.com\/es\/#website\"},\"primaryImageOfPage\":{\"@id\":\"https:\/\/newsmediadirectories.com\/es\/la-neuroeducacion-la-clave-para-potenciar-el-aprendizaje-en-el-mundo-3\/#primaryimage\"},\"image\":{\"@id\":\"https:\/\/newsmediadirectories.com\/es\/la-neuroeducacion-la-clave-para-potenciar-el-aprendizaje-en-el-mundo-3\/#primaryimage\"},\"thumbnailUrl\":\"https:\/\/newsmediadirectories.com\/es\/wp-content\/uploads\/2023\/05\/0-278.jpg\",\"datePublished\":\"2023-05-20T05:32:59+00:00\",\"dateModified\":\"2023-05-20T05:32:59+00:00\",\"author\":{\"@id\":\"https:\/\/newsmediadirectories.com\/es\/#\/schema\/person\/d936c9a5f74cd01c7ff4e2b559363063\"},\"inLanguage\":\"es\",\"potentialAction\":[{\"@type\":\"ReadAction\",\"target\":[\"https:\/\/newsmediadirectories.com\/es\/la-neuroeducacion-la-clave-para-potenciar-el-aprendizaje-en-el-mundo-3\/\"]}]},{\"@type\":\"ImageObject\",\"inLanguage\":\"es\",\"@id\":\"https:\/\/newsmediadirectories.com\/es\/la-neuroeducacion-la-clave-para-potenciar-el-aprendizaje-en-el-mundo-3\/#primaryimage\",\"url\":\"https:\/\/newsmediadirectories.com\/es\/wp-content\/uploads\/2023\/05\/0-278.jpg\",\"contentUrl\":\"https:\/\/newsmediadirectories.com\/es\/wp-content\/uploads\/2023\/05\/0-278.jpg\",\"width\":1100,\"height\":619},{\"@type\":\"WebSite\",\"@id\":\"https:\/\/newsmediadirectories.com\/es\/#website\",\"url\":\"https:\/\/newsmediadirectories.com\/es\/\",\"name\":\"News Media Directories - Noticias Online\",\"description\":\"News Media Directories - Noticias Online\",\"potentialAction\":[{\"@type\":\"SearchAction\",\"target\":{\"@type\":\"EntryPoint\",\"urlTemplate\":\"https:\/\/newsmediadirectories.com\/es\/?s={search_term_string}\"},\"query-input\":{\"@type\":\"PropertyValueSpecification\",\"valueRequired\":true,\"valueName\":\"search_term_string\"}}],\"inLanguage\":\"es\"},{\"@type\":\"Person\",\"@id\":\"https:\/\/newsmediadirectories.com\/es\/#\/schema\/person\/d936c9a5f74cd01c7ff4e2b559363063\",\"name\":\"Valeria Catillo\",\"image\":{\"@type\":\"ImageObject\",\"inLanguage\":\"es\",\"@id\":\"https:\/\/newsmediadirectories.com\/es\/#\/schema\/person\/image\/\",\"url\":\"https:\/\/secure.gravatar.com\/avatar\/1b6716d8318da7cd8a049a1c7b480328?s=96&d=mm&r=g\",\"contentUrl\":\"https:\/\/secure.gravatar.com\/avatar\/1b6716d8318da7cd8a049a1c7b480328?s=96&d=mm&r=g\",\"caption\":\"Valeria Catillo\"},\"sameAs\":[\"https:\/\/newsmediadirectories.com\/es\"]}]}<\/script>\n<!-- \/ Yoast SEO plugin. -->","yoast_head_json":{"title":"La Neuroeducaci\u00f3n, la clave para potenciar el aprendizaje en el mundo","robots":{"index":"index","follow":"follow","max-snippet":"max-snippet:-1","max-image-preview":"max-image-preview:large","max-video-preview":"max-video-preview:-1"},"canonical":"https:\/\/newsmediadirectories.com\/es\/la-neuroeducacion-la-clave-para-potenciar-el-aprendizaje-en-el-mundo-3\/","og_locale":"es_ES","og_type":"article","og_title":"La Neuroeducaci\u00f3n, la clave para potenciar el aprendizaje en el mundo","og_description":"de la educaci\u00f3n. La neuroeducaci\u00f3n es un campo de estudio que se ha convertido en una herramienta clave para potenciar el aprendizaje en el mundo de la educaci\u00f3n. Se trata de una disciplina que aborda el estudio del cerebro y su implicaci\u00f3n en los procesos de aprendizaje, as\u00ed como la aplicaci\u00f3n de los hallazgos obtenidos [&hellip;]","og_url":"https:\/\/newsmediadirectories.com\/es\/la-neuroeducacion-la-clave-para-potenciar-el-aprendizaje-en-el-mundo-3\/","og_site_name":"News Media Directories - Noticias Online","article_published_time":"2023-05-20T05:32:59+00:00","og_image":[{"width":1100,"height":619,"url":"https:\/\/newsmediadirectories.com\/es\/wp-content\/uploads\/2023\/05\/0-278.jpg","type":"image\/jpeg"}],"author":"Valeria Catillo","twitter_card":"summary_large_image","twitter_misc":{"Escrito por":"Valeria Catillo","Tiempo de lectura":"2 minutos"},"schema":{"@context":"https:\/\/schema.org","@graph":[{"@type":"WebPage","@id":"https:\/\/newsmediadirectories.com\/es\/la-neuroeducacion-la-clave-para-potenciar-el-aprendizaje-en-el-mundo-3\/","url":"https:\/\/newsmediadirectories.com\/es\/la-neuroeducacion-la-clave-para-potenciar-el-aprendizaje-en-el-mundo-3\/","name":"La Neuroeducaci\u00f3n, la clave para potenciar el aprendizaje en el mundo","isPartOf":{"@id":"https:\/\/newsmediadirectories.com\/es\/#website"},"primaryImageOfPage":{"@id":"https:\/\/newsmediadirectories.com\/es\/la-neuroeducacion-la-clave-para-potenciar-el-aprendizaje-en-el-mundo-3\/#primaryimage"},"image":{"@id":"https:\/\/newsmediadirectories.com\/es\/la-neuroeducacion-la-clave-para-potenciar-el-aprendizaje-en-el-mundo-3\/#primaryimage"},"thumbnailUrl":"https:\/\/newsmediadirectories.com\/es\/wp-content\/uploads\/2023\/05\/0-278.jpg","datePublished":"2023-05-20T05:32:59+00:00","dateModified":"2023-05-20T05:32:59+00:00","author":{"@id":"https:\/\/newsmediadirectories.com\/es\/#\/schema\/person\/d936c9a5f74cd01c7ff4e2b559363063"},"inLanguage":"es","potentialAction":[{"@type":"ReadAction","target":["https:\/\/newsmediadirectories.com\/es\/la-neuroeducacion-la-clave-para-potenciar-el-aprendizaje-en-el-mundo-3\/"]}]},{"@type":"ImageObject","inLanguage":"es","@id":"https:\/\/newsmediadirectories.com\/es\/la-neuroeducacion-la-clave-para-potenciar-el-aprendizaje-en-el-mundo-3\/#primaryimage","url":"https:\/\/newsmediadirectories.com\/es\/wp-content\/uploads\/2023\/05\/0-278.jpg","contentUrl":"https:\/\/newsmediadirectories.com\/es\/wp-content\/uploads\/2023\/05\/0-278.jpg","width":1100,"height":619},{"@type":"WebSite","@id":"https:\/\/newsmediadirectories.com\/es\/#website","url":"https:\/\/newsmediadirectories.com\/es\/","name":"News Media Directories - Noticias Online","description":"News Media Directories - Noticias Online","potentialAction":[{"@type":"SearchAction","target":{"@type":"EntryPoint","urlTemplate":"https:\/\/newsmediadirectories.com\/es\/?s={search_term_string}"},"query-input":{"@type":"PropertyValueSpecification","valueRequired":true,"valueName":"search_term_string"}}],"inLanguage":"es"},{"@type":"Person","@id":"https:\/\/newsmediadirectories.com\/es\/#\/schema\/person\/d936c9a5f74cd01c7ff4e2b559363063","name":"Valeria Catillo","image":{"@type":"ImageObject","inLanguage":"es","@id":"https:\/\/newsmediadirectories.com\/es\/#\/schema\/person\/image\/","url":"https:\/\/secure.gravatar.com\/avatar\/1b6716d8318da7cd8a049a1c7b480328?s=96&d=mm&r=g","contentUrl":"https:\/\/secure.gravatar.com\/avatar\/1b6716d8318da7cd8a049a1c7b480328?s=96&d=mm&r=g","caption":"Valeria Catillo"},"sameAs":["https:\/\/newsmediadirectories.com\/es"]}]}},"_links":{"self":[{"href":"https:\/\/newsmediadirectories.com\/es\/wp-json\/wp\/v2\/posts\/4373"}],"collection":[{"href":"https:\/\/newsmediadirectories.com\/es\/wp-json\/wp\/v2\/posts"}],"about":[{"href":"https:\/\/newsmediadirectories.com\/es\/wp-json\/wp\/v2\/types\/post"}],"author":[{"embeddable":true,"href":"https:\/\/newsmediadirectories.com\/es\/wp-json\/wp\/v2\/users\/1"}],"replies":[{"embeddable":true,"href":"https:\/\/newsmediadirectories.com\/es\/wp-json\/wp\/v2\/comments?post=4373"}],"version-history":[{"count":0,"href":"https:\/\/newsmediadirectories.com\/es\/wp-json\/wp\/v2\/posts\/4373\/revisions"}],"wp:featuredmedia":[{"embeddable":true,"href":"https:\/\/newsmediadirectories.com\/es\/wp-json\/wp\/v2\/media\/3592"}],"wp:attachment":[{"href":"https:\/\/newsmediadirectories.com\/es\/wp-json\/wp\/v2\/media?parent=4373"}],"wp:term":[{"taxonomy":"category","embeddable":true,"href":"https:\/\/newsmediadirectories.com\/es\/wp-json\/wp\/v2\/categories?post=4373"},{"taxonomy":"post_tag","embeddable":true,"href":"https:\/\/newsmediadirectories.com\/es\/wp-json\/wp\/v2\/tags?post=4373"},{"taxonomy":"wf_post_folders","embeddable":true,"href":"https:\/\/newsmediadirectories.com\/es\/wp-json\/wp\/v2\/wf_post_folders?post=4373"}],"curies":[{"name":"wp","href":"https:\/\/api.w.org\/{rel}","templated":true}]}}