{"id":4372,"date":"2023-05-20T05:32:59","date_gmt":"2023-05-20T05:32:59","guid":{"rendered":"https:\/\/newsmediadirectories.com\/es\/la-neuroeducacion-la-clave-para-potenciar-el-aprendizaje-en-el-mundo-2\/"},"modified":"2023-05-20T05:32:59","modified_gmt":"2023-05-20T05:32:59","slug":"la-neuroeducacion-la-clave-para-potenciar-el-aprendizaje-en-el-mundo-2","status":"publish","type":"post","link":"https:\/\/newsmediadirectories.com\/es\/la-neuroeducacion-la-clave-para-potenciar-el-aprendizaje-en-el-mundo-2\/","title":{"rendered":"La Neuroeducaci\u00f3n, la clave para potenciar el aprendizaje en el mundo"},"content":{"rendered":"<p>La neuroeducaci\u00f3n es una disciplina relativamente nueva que ha ido adquiriendo importancia en los \u00faltimos a\u00f1os. Se trata de una rama de la neurociencia que se centra en el estudio de los procesos de aprendizaje desde una perspectiva cient\u00edfica, con el objetivo de mejorar la calidad de la educaci\u00f3n y potenciar el desarrollo cognitivo de los estudiantes.<\/p>\n<p>En los \u00faltimos a\u00f1os, la neuroeducaci\u00f3n se ha convertido en un tema de gran inter\u00e9s para la comunidad educativa, ya que ha demostrado que el cerebro humano funciona de forma muy distinta a como se cre\u00eda en el pasado. Esto ha llevado a un replanteamiento de las metodolog\u00edas educativas, con el objetivo de adaptarse a los nuevos hallazgos y sacar partido de las nuevas tecnolog\u00edas.<\/p>\n<p>Uno de los principales objetivos de la neuroeducaci\u00f3n es el de identificar las \u00e1reas del cerebro que intervienen en los procesos de aprendizaje, con el fin de dise\u00f1ar programas educativos m\u00e1s efectivos y adaptados a las necesidades individuales de cada estudiante. De esta forma, se pueden identificar las estrategias de ense\u00f1anza que funcionan mejor para cada tipo de persona y adaptar el proceso educativo en funci\u00f3n de sus caracter\u00edsticas.<\/p>\n<p>Entre las principales herramientas utilizadas en neuroeducaci\u00f3n se encuentran la estimulaci\u00f3n cognitiva, la tecnolog\u00eda aplicada a la educaci\u00f3n, la gamificaci\u00f3n, los programas de entrenamiento cognitivo y la educaci\u00f3n emocional. Estas herramientas permiten desarrollar capacidades como la atenci\u00f3n, la memoria, la resoluci\u00f3n de problemas, la creatividad y la motivaci\u00f3n, lo que se traduce en un mejor rendimiento acad\u00e9mico y una mayor satisfacci\u00f3n del estudiante.<\/p>\n<p>En definitiva, la neuroeducaci\u00f3n es una disciplina clave para potenciar el aprendizaje en el mundo, ya que permite entender c\u00f3mo funciona el cerebro humano y c\u00f3mo se puede mejorar la calidad de la educaci\u00f3n. Gracias a esta ciencia, los educadores pueden dise\u00f1ar programas educativos m\u00e1s innovadores y efectivos, adaptados a las necesidades individuales de cada estudiante. Esto, sin duda, ser\u00e1 una herramienta clave para el futuro del mundo de la educaci\u00f3n.<\/p>\n<p>Nota express publicada por <a href=\"https:\/\/mediastarpress.com\/\" target=\"_blank\" rel=\"noopener\">MediaStar | Agencia de Medios<\/a>.<\/p>\n","protected":false},"excerpt":{"rendered":"<p>La neuroeducaci\u00f3n es una disciplina relativamente nueva que ha ido adquiriendo importancia en los \u00faltimos a\u00f1os. Se trata de una rama de la neurociencia que se centra en el estudio de los procesos de aprendizaje desde una perspectiva cient\u00edfica, con el objetivo de mejorar la calidad de la educaci\u00f3n y potenciar el desarrollo cognitivo de [&hellip;]<\/p>\n","protected":false},"author":1,"featured_media":3460,"comment_status":"open","ping_status":"open","sticky":false,"template":"","format":"standard","meta":{"inline_featured_image":false,"footnotes":""},"categories":[38],"tags":[],"wf_post_folders":[],"class_list":{"0":"post-4372","1":"post","2":"type-post","3":"status-publish","4":"format-standard","5":"has-post-thumbnail","7":"category-fast-news"},"yoast_head":"<!-- This site is optimized with the Yoast SEO plugin v24.1 - https:\/\/yoast.com\/wordpress\/plugins\/seo\/ -->\n<title>La Neuroeducaci\u00f3n, la clave para potenciar el aprendizaje en el mundo<\/title>\n<meta name=\"robots\" content=\"index, follow, max-snippet:-1, max-image-preview:large, max-video-preview:-1\" \/>\n<link rel=\"canonical\" href=\"https:\/\/newsmediadirectories.com\/es\/la-neuroeducacion-la-clave-para-potenciar-el-aprendizaje-en-el-mundo-2\/\" \/>\n<meta property=\"og:locale\" content=\"es_ES\" \/>\n<meta property=\"og:type\" content=\"article\" \/>\n<meta property=\"og:title\" content=\"La Neuroeducaci\u00f3n, la clave para potenciar el aprendizaje en el mundo\" \/>\n<meta property=\"og:description\" content=\"La neuroeducaci\u00f3n es una disciplina relativamente nueva que ha ido adquiriendo importancia en los \u00faltimos a\u00f1os. Se trata de una rama de la neurociencia que se centra en el estudio de los procesos de aprendizaje desde una perspectiva cient\u00edfica, con el objetivo de mejorar la calidad de la educaci\u00f3n y potenciar el desarrollo cognitivo de [&hellip;]\" \/>\n<meta property=\"og:url\" content=\"https:\/\/newsmediadirectories.com\/es\/la-neuroeducacion-la-clave-para-potenciar-el-aprendizaje-en-el-mundo-2\/\" \/>\n<meta property=\"og:site_name\" content=\"News Media Directories - Noticias Online\" \/>\n<meta property=\"article:published_time\" content=\"2023-05-20T05:32:59+00:00\" \/>\n<meta property=\"og:image\" content=\"https:\/\/newsmediadirectories.com\/es\/wp-content\/uploads\/2023\/05\/01-82.jpg\" \/>\n\t<meta property=\"og:image:width\" content=\"1100\" \/>\n\t<meta property=\"og:image:height\" content=\"619\" \/>\n\t<meta property=\"og:image:type\" content=\"image\/jpeg\" \/>\n<meta name=\"author\" content=\"Valeria Catillo\" \/>\n<meta name=\"twitter:card\" content=\"summary_large_image\" \/>\n<meta name=\"twitter:label1\" content=\"Escrito por\" \/>\n\t<meta name=\"twitter:data1\" content=\"Valeria Catillo\" \/>\n\t<meta name=\"twitter:label2\" content=\"Tiempo de lectura\" \/>\n\t<meta name=\"twitter:data2\" content=\"2 minutos\" \/>\n<script type=\"application\/ld+json\" class=\"yoast-schema-graph\">{\"@context\":\"https:\/\/schema.org\",\"@graph\":[{\"@type\":\"WebPage\",\"@id\":\"https:\/\/newsmediadirectories.com\/es\/la-neuroeducacion-la-clave-para-potenciar-el-aprendizaje-en-el-mundo-2\/\",\"url\":\"https:\/\/newsmediadirectories.com\/es\/la-neuroeducacion-la-clave-para-potenciar-el-aprendizaje-en-el-mundo-2\/\",\"name\":\"La Neuroeducaci\u00f3n, la clave para potenciar el aprendizaje en el mundo\",\"isPartOf\":{\"@id\":\"https:\/\/newsmediadirectories.com\/es\/#website\"},\"primaryImageOfPage\":{\"@id\":\"https:\/\/newsmediadirectories.com\/es\/la-neuroeducacion-la-clave-para-potenciar-el-aprendizaje-en-el-mundo-2\/#primaryimage\"},\"image\":{\"@id\":\"https:\/\/newsmediadirectories.com\/es\/la-neuroeducacion-la-clave-para-potenciar-el-aprendizaje-en-el-mundo-2\/#primaryimage\"},\"thumbnailUrl\":\"https:\/\/newsmediadirectories.com\/es\/wp-content\/uploads\/2023\/05\/01-82.jpg\",\"datePublished\":\"2023-05-20T05:32:59+00:00\",\"dateModified\":\"2023-05-20T05:32:59+00:00\",\"author\":{\"@id\":\"https:\/\/newsmediadirectories.com\/es\/#\/schema\/person\/d936c9a5f74cd01c7ff4e2b559363063\"},\"inLanguage\":\"es\",\"potentialAction\":[{\"@type\":\"ReadAction\",\"target\":[\"https:\/\/newsmediadirectories.com\/es\/la-neuroeducacion-la-clave-para-potenciar-el-aprendizaje-en-el-mundo-2\/\"]}]},{\"@type\":\"ImageObject\",\"inLanguage\":\"es\",\"@id\":\"https:\/\/newsmediadirectories.com\/es\/la-neuroeducacion-la-clave-para-potenciar-el-aprendizaje-en-el-mundo-2\/#primaryimage\",\"url\":\"https:\/\/newsmediadirectories.com\/es\/wp-content\/uploads\/2023\/05\/01-82.jpg\",\"contentUrl\":\"https:\/\/newsmediadirectories.com\/es\/wp-content\/uploads\/2023\/05\/01-82.jpg\",\"width\":1100,\"height\":619},{\"@type\":\"WebSite\",\"@id\":\"https:\/\/newsmediadirectories.com\/es\/#website\",\"url\":\"https:\/\/newsmediadirectories.com\/es\/\",\"name\":\"News Media Directories - Noticias Online\",\"description\":\"News Media Directories - Noticias Online\",\"potentialAction\":[{\"@type\":\"SearchAction\",\"target\":{\"@type\":\"EntryPoint\",\"urlTemplate\":\"https:\/\/newsmediadirectories.com\/es\/?s={search_term_string}\"},\"query-input\":{\"@type\":\"PropertyValueSpecification\",\"valueRequired\":true,\"valueName\":\"search_term_string\"}}],\"inLanguage\":\"es\"},{\"@type\":\"Person\",\"@id\":\"https:\/\/newsmediadirectories.com\/es\/#\/schema\/person\/d936c9a5f74cd01c7ff4e2b559363063\",\"name\":\"Valeria Catillo\",\"image\":{\"@type\":\"ImageObject\",\"inLanguage\":\"es\",\"@id\":\"https:\/\/newsmediadirectories.com\/es\/#\/schema\/person\/image\/\",\"url\":\"https:\/\/secure.gravatar.com\/avatar\/1b6716d8318da7cd8a049a1c7b480328?s=96&d=mm&r=g\",\"contentUrl\":\"https:\/\/secure.gravatar.com\/avatar\/1b6716d8318da7cd8a049a1c7b480328?s=96&d=mm&r=g\",\"caption\":\"Valeria Catillo\"},\"sameAs\":[\"https:\/\/newsmediadirectories.com\/es\"]}]}<\/script>\n<!-- \/ Yoast SEO plugin. -->","yoast_head_json":{"title":"La Neuroeducaci\u00f3n, la clave para potenciar el aprendizaje en el mundo","robots":{"index":"index","follow":"follow","max-snippet":"max-snippet:-1","max-image-preview":"max-image-preview:large","max-video-preview":"max-video-preview:-1"},"canonical":"https:\/\/newsmediadirectories.com\/es\/la-neuroeducacion-la-clave-para-potenciar-el-aprendizaje-en-el-mundo-2\/","og_locale":"es_ES","og_type":"article","og_title":"La Neuroeducaci\u00f3n, la clave para potenciar el aprendizaje en el mundo","og_description":"La neuroeducaci\u00f3n es una disciplina relativamente nueva que ha ido adquiriendo importancia en los \u00faltimos a\u00f1os. Se trata de una rama de la neurociencia que se centra en el estudio de los procesos de aprendizaje desde una perspectiva cient\u00edfica, con el objetivo de mejorar la calidad de la educaci\u00f3n y potenciar el desarrollo cognitivo de [&hellip;]","og_url":"https:\/\/newsmediadirectories.com\/es\/la-neuroeducacion-la-clave-para-potenciar-el-aprendizaje-en-el-mundo-2\/","og_site_name":"News Media Directories - Noticias Online","article_published_time":"2023-05-20T05:32:59+00:00","og_image":[{"width":1100,"height":619,"url":"https:\/\/newsmediadirectories.com\/es\/wp-content\/uploads\/2023\/05\/01-82.jpg","type":"image\/jpeg"}],"author":"Valeria Catillo","twitter_card":"summary_large_image","twitter_misc":{"Escrito por":"Valeria Catillo","Tiempo de lectura":"2 minutos"},"schema":{"@context":"https:\/\/schema.org","@graph":[{"@type":"WebPage","@id":"https:\/\/newsmediadirectories.com\/es\/la-neuroeducacion-la-clave-para-potenciar-el-aprendizaje-en-el-mundo-2\/","url":"https:\/\/newsmediadirectories.com\/es\/la-neuroeducacion-la-clave-para-potenciar-el-aprendizaje-en-el-mundo-2\/","name":"La Neuroeducaci\u00f3n, la clave para potenciar el aprendizaje en el mundo","isPartOf":{"@id":"https:\/\/newsmediadirectories.com\/es\/#website"},"primaryImageOfPage":{"@id":"https:\/\/newsmediadirectories.com\/es\/la-neuroeducacion-la-clave-para-potenciar-el-aprendizaje-en-el-mundo-2\/#primaryimage"},"image":{"@id":"https:\/\/newsmediadirectories.com\/es\/la-neuroeducacion-la-clave-para-potenciar-el-aprendizaje-en-el-mundo-2\/#primaryimage"},"thumbnailUrl":"https:\/\/newsmediadirectories.com\/es\/wp-content\/uploads\/2023\/05\/01-82.jpg","datePublished":"2023-05-20T05:32:59+00:00","dateModified":"2023-05-20T05:32:59+00:00","author":{"@id":"https:\/\/newsmediadirectories.com\/es\/#\/schema\/person\/d936c9a5f74cd01c7ff4e2b559363063"},"inLanguage":"es","potentialAction":[{"@type":"ReadAction","target":["https:\/\/newsmediadirectories.com\/es\/la-neuroeducacion-la-clave-para-potenciar-el-aprendizaje-en-el-mundo-2\/"]}]},{"@type":"ImageObject","inLanguage":"es","@id":"https:\/\/newsmediadirectories.com\/es\/la-neuroeducacion-la-clave-para-potenciar-el-aprendizaje-en-el-mundo-2\/#primaryimage","url":"https:\/\/newsmediadirectories.com\/es\/wp-content\/uploads\/2023\/05\/01-82.jpg","contentUrl":"https:\/\/newsmediadirectories.com\/es\/wp-content\/uploads\/2023\/05\/01-82.jpg","width":1100,"height":619},{"@type":"WebSite","@id":"https:\/\/newsmediadirectories.com\/es\/#website","url":"https:\/\/newsmediadirectories.com\/es\/","name":"News Media Directories - Noticias Online","description":"News Media Directories - Noticias Online","potentialAction":[{"@type":"SearchAction","target":{"@type":"EntryPoint","urlTemplate":"https:\/\/newsmediadirectories.com\/es\/?s={search_term_string}"},"query-input":{"@type":"PropertyValueSpecification","valueRequired":true,"valueName":"search_term_string"}}],"inLanguage":"es"},{"@type":"Person","@id":"https:\/\/newsmediadirectories.com\/es\/#\/schema\/person\/d936c9a5f74cd01c7ff4e2b559363063","name":"Valeria Catillo","image":{"@type":"ImageObject","inLanguage":"es","@id":"https:\/\/newsmediadirectories.com\/es\/#\/schema\/person\/image\/","url":"https:\/\/secure.gravatar.com\/avatar\/1b6716d8318da7cd8a049a1c7b480328?s=96&d=mm&r=g","contentUrl":"https:\/\/secure.gravatar.com\/avatar\/1b6716d8318da7cd8a049a1c7b480328?s=96&d=mm&r=g","caption":"Valeria Catillo"},"sameAs":["https:\/\/newsmediadirectories.com\/es"]}]}},"_links":{"self":[{"href":"https:\/\/newsmediadirectories.com\/es\/wp-json\/wp\/v2\/posts\/4372"}],"collection":[{"href":"https:\/\/newsmediadirectories.com\/es\/wp-json\/wp\/v2\/posts"}],"about":[{"href":"https:\/\/newsmediadirectories.com\/es\/wp-json\/wp\/v2\/types\/post"}],"author":[{"embeddable":true,"href":"https:\/\/newsmediadirectories.com\/es\/wp-json\/wp\/v2\/users\/1"}],"replies":[{"embeddable":true,"href":"https:\/\/newsmediadirectories.com\/es\/wp-json\/wp\/v2\/comments?post=4372"}],"version-history":[{"count":0,"href":"https:\/\/newsmediadirectories.com\/es\/wp-json\/wp\/v2\/posts\/4372\/revisions"}],"wp:featuredmedia":[{"embeddable":true,"href":"https:\/\/newsmediadirectories.com\/es\/wp-json\/wp\/v2\/media\/3460"}],"wp:attachment":[{"href":"https:\/\/newsmediadirectories.com\/es\/wp-json\/wp\/v2\/media?parent=4372"}],"wp:term":[{"taxonomy":"category","embeddable":true,"href":"https:\/\/newsmediadirectories.com\/es\/wp-json\/wp\/v2\/categories?post=4372"},{"taxonomy":"post_tag","embeddable":true,"href":"https:\/\/newsmediadirectories.com\/es\/wp-json\/wp\/v2\/tags?post=4372"},{"taxonomy":"wf_post_folders","embeddable":true,"href":"https:\/\/newsmediadirectories.com\/es\/wp-json\/wp\/v2\/wf_post_folders?post=4372"}],"curies":[{"name":"wp","href":"https:\/\/api.w.org\/{rel}","templated":true}]}}