{"id":4360,"date":"2023-05-20T05:34:01","date_gmt":"2023-05-20T05:34:01","guid":{"rendered":"https:\/\/newsmediadirectories.com\/es\/cultura-y-educacion-unidas-por-una-sociedad-mas-inclusiva\/"},"modified":"2023-05-20T05:34:01","modified_gmt":"2023-05-20T05:34:01","slug":"cultura-y-educacion-unidas-por-una-sociedad-mas-inclusiva","status":"publish","type":"post","link":"https:\/\/newsmediadirectories.com\/es\/cultura-y-educacion-unidas-por-una-sociedad-mas-inclusiva\/","title":{"rendered":"Cultura y educaci\u00f3n unidas por una sociedad m\u00e1s inclusiva"},"content":{"rendered":"<p>En la actualidad, la cultura y la educaci\u00f3n se convierten en dos elementos fundamentales para promover una sociedad m\u00e1s inclusiva y diversa. Estos dos aspectos, a pesar de tener enfoques diferentes, buscan un mismo objetivo: promover una comprensi\u00f3n m\u00e1s amplia de las diferencias culturales y fomentar una educaci\u00f3n m\u00e1s equitativa.<\/p>\n<p>En el \u00e1mbito de la cultura, la inclusi\u00f3n se enfoca en reconocer y valorar la diversidad cultural y ling\u00fc\u00edstica que existe en las sociedades actuales y, a su vez, en promover el respeto y la valoraci\u00f3n de dichas diferencias. Una cultura inclusiva se caracteriza por la aceptaci\u00f3n y el apoyo mutuo, lo que implica el fomento de la igualdad de oportunidades, la lucha contra la discriminaci\u00f3n y la promoci\u00f3n de la diversidad cultural.<\/p>\n<p>Por otro lado, la educaci\u00f3n inclusiva busca garantizar la igualdad de oportunidades en el acceso a la educaci\u00f3n, independientemente de las diferencias culturales y socioecon\u00f3micas, y en el desarrollo de diferentes habilidades. Esto supone que adem\u00e1s de impartir conocimientos, la educaci\u00f3n tambi\u00e9n debe promover valores como el respeto, la tolerancia y la empat\u00eda, que son fundamentales para una sociedad inclusiva.<\/p>\n<p>En este sentido, la inclusi\u00f3n cultural y educativa son dos elementos que, si trabajan juntos, pueden generar importantes beneficios para la sociedad. Una educaci\u00f3n inclusiva, junto con una cultura que valora y celebra la diversidad, pueden contribuir a una sociedad m\u00e1s democr\u00e1tica, igualitaria y justa.<\/p>\n<p>Es importante destacar que para lograr una sociedad m\u00e1s inclusiva y diversa, es necesario abogar por pol\u00edticas y medidas concretas que promuevan la educaci\u00f3n y la cultura inclusiva. En este sentido, tanto la educaci\u00f3n como la cultura son \u00e1reas fundamentales que deben ser tomadas en cuenta en la elaboraci\u00f3n de pol\u00edticas p\u00fablicas que busquen una sociedad m\u00e1s equitativa e inclusiva.<\/p>\n<p>En conclusi\u00f3n, la cultura y la educaci\u00f3n son dos elementos fundamentales en la lucha por una sociedad m\u00e1s inclusiva y diversa. Ambas \u00e1reas deben trabajar juntas para fomentar el respeto y la valoraci\u00f3n de la diversidad cultural, garantizar el acceso a la educaci\u00f3n y promover valores como la tolerancia y la empat\u00eda. Solo as\u00ed podremos construir una sociedad m\u00e1s igualitaria, justa y democr\u00e1tica.<\/p>\n<p>Nota express publicada por <a href=\"https:\/\/mediastarpress.com\/\" target=\"_blank\" rel=\"noopener\">MediaStar | Agencia de Medios<\/a>.<\/p>\n","protected":false},"excerpt":{"rendered":"<p>En la actualidad, la cultura y la educaci\u00f3n se convierten en dos elementos fundamentales para promover una sociedad m\u00e1s inclusiva y diversa. Estos dos aspectos, a pesar de tener enfoques diferentes, buscan un mismo objetivo: promover una comprensi\u00f3n m\u00e1s amplia de las diferencias culturales y fomentar una educaci\u00f3n m\u00e1s equitativa. En el \u00e1mbito de la [&hellip;]<\/p>\n","protected":false},"author":1,"featured_media":4361,"comment_status":"open","ping_status":"open","sticky":false,"template":"","format":"standard","meta":{"inline_featured_image":false,"footnotes":""},"categories":[38],"tags":[],"wf_post_folders":[],"class_list":{"0":"post-4360","1":"post","2":"type-post","3":"status-publish","4":"format-standard","5":"has-post-thumbnail","7":"category-fast-news"},"yoast_head":"<!-- This site is optimized with the Yoast SEO plugin v24.1 - https:\/\/yoast.com\/wordpress\/plugins\/seo\/ -->\n<title>Cultura y educaci\u00f3n unidas por una sociedad m\u00e1s inclusiva<\/title>\n<meta name=\"robots\" content=\"index, follow, max-snippet:-1, max-image-preview:large, max-video-preview:-1\" \/>\n<link rel=\"canonical\" href=\"https:\/\/newsmediadirectories.com\/es\/cultura-y-educacion-unidas-por-una-sociedad-mas-inclusiva\/\" \/>\n<meta property=\"og:locale\" content=\"es_ES\" \/>\n<meta property=\"og:type\" content=\"article\" \/>\n<meta property=\"og:title\" content=\"Cultura y educaci\u00f3n unidas por una sociedad m\u00e1s inclusiva\" \/>\n<meta property=\"og:description\" content=\"En la actualidad, la cultura y la educaci\u00f3n se convierten en dos elementos fundamentales para promover una sociedad m\u00e1s inclusiva y diversa. Estos dos aspectos, a pesar de tener enfoques diferentes, buscan un mismo objetivo: promover una comprensi\u00f3n m\u00e1s amplia de las diferencias culturales y fomentar una educaci\u00f3n m\u00e1s equitativa. En el \u00e1mbito de la [&hellip;]\" \/>\n<meta property=\"og:url\" content=\"https:\/\/newsmediadirectories.com\/es\/cultura-y-educacion-unidas-por-una-sociedad-mas-inclusiva\/\" \/>\n<meta property=\"og:site_name\" content=\"News Media Directories - Noticias Online\" \/>\n<meta property=\"article:published_time\" content=\"2023-05-20T05:34:01+00:00\" \/>\n<meta property=\"og:image\" content=\"https:\/\/newsmediadirectories.com\/es\/wp-content\/uploads\/2023\/05\/0-429.jpg\" \/>\n\t<meta property=\"og:image:width\" content=\"1100\" \/>\n\t<meta property=\"og:image:height\" content=\"619\" \/>\n\t<meta property=\"og:image:type\" content=\"image\/jpeg\" \/>\n<meta name=\"author\" content=\"Valeria Catillo\" \/>\n<meta name=\"twitter:card\" content=\"summary_large_image\" \/>\n<meta name=\"twitter:label1\" content=\"Escrito por\" \/>\n\t<meta name=\"twitter:data1\" content=\"Valeria Catillo\" \/>\n\t<meta name=\"twitter:label2\" content=\"Tiempo de lectura\" \/>\n\t<meta name=\"twitter:data2\" content=\"2 minutos\" \/>\n<script type=\"application\/ld+json\" class=\"yoast-schema-graph\">{\"@context\":\"https:\/\/schema.org\",\"@graph\":[{\"@type\":\"WebPage\",\"@id\":\"https:\/\/newsmediadirectories.com\/es\/cultura-y-educacion-unidas-por-una-sociedad-mas-inclusiva\/\",\"url\":\"https:\/\/newsmediadirectories.com\/es\/cultura-y-educacion-unidas-por-una-sociedad-mas-inclusiva\/\",\"name\":\"Cultura y educaci\u00f3n unidas por una sociedad m\u00e1s inclusiva\",\"isPartOf\":{\"@id\":\"https:\/\/newsmediadirectories.com\/es\/#website\"},\"primaryImageOfPage\":{\"@id\":\"https:\/\/newsmediadirectories.com\/es\/cultura-y-educacion-unidas-por-una-sociedad-mas-inclusiva\/#primaryimage\"},\"image\":{\"@id\":\"https:\/\/newsmediadirectories.com\/es\/cultura-y-educacion-unidas-por-una-sociedad-mas-inclusiva\/#primaryimage\"},\"thumbnailUrl\":\"https:\/\/newsmediadirectories.com\/es\/wp-content\/uploads\/2023\/05\/0-429.jpg\",\"datePublished\":\"2023-05-20T05:34:01+00:00\",\"dateModified\":\"2023-05-20T05:34:01+00:00\",\"author\":{\"@id\":\"https:\/\/newsmediadirectories.com\/es\/#\/schema\/person\/d936c9a5f74cd01c7ff4e2b559363063\"},\"inLanguage\":\"es\",\"potentialAction\":[{\"@type\":\"ReadAction\",\"target\":[\"https:\/\/newsmediadirectories.com\/es\/cultura-y-educacion-unidas-por-una-sociedad-mas-inclusiva\/\"]}]},{\"@type\":\"ImageObject\",\"inLanguage\":\"es\",\"@id\":\"https:\/\/newsmediadirectories.com\/es\/cultura-y-educacion-unidas-por-una-sociedad-mas-inclusiva\/#primaryimage\",\"url\":\"https:\/\/newsmediadirectories.com\/es\/wp-content\/uploads\/2023\/05\/0-429.jpg\",\"contentUrl\":\"https:\/\/newsmediadirectories.com\/es\/wp-content\/uploads\/2023\/05\/0-429.jpg\",\"width\":1100,\"height\":619},{\"@type\":\"WebSite\",\"@id\":\"https:\/\/newsmediadirectories.com\/es\/#website\",\"url\":\"https:\/\/newsmediadirectories.com\/es\/\",\"name\":\"News Media Directories - Noticias Online\",\"description\":\"News Media Directories - Noticias Online\",\"potentialAction\":[{\"@type\":\"SearchAction\",\"target\":{\"@type\":\"EntryPoint\",\"urlTemplate\":\"https:\/\/newsmediadirectories.com\/es\/?s={search_term_string}\"},\"query-input\":{\"@type\":\"PropertyValueSpecification\",\"valueRequired\":true,\"valueName\":\"search_term_string\"}}],\"inLanguage\":\"es\"},{\"@type\":\"Person\",\"@id\":\"https:\/\/newsmediadirectories.com\/es\/#\/schema\/person\/d936c9a5f74cd01c7ff4e2b559363063\",\"name\":\"Valeria Catillo\",\"image\":{\"@type\":\"ImageObject\",\"inLanguage\":\"es\",\"@id\":\"https:\/\/newsmediadirectories.com\/es\/#\/schema\/person\/image\/\",\"url\":\"https:\/\/secure.gravatar.com\/avatar\/1b6716d8318da7cd8a049a1c7b480328?s=96&d=mm&r=g\",\"contentUrl\":\"https:\/\/secure.gravatar.com\/avatar\/1b6716d8318da7cd8a049a1c7b480328?s=96&d=mm&r=g\",\"caption\":\"Valeria Catillo\"},\"sameAs\":[\"https:\/\/newsmediadirectories.com\/es\"]}]}<\/script>\n<!-- \/ Yoast SEO plugin. -->","yoast_head_json":{"title":"Cultura y educaci\u00f3n unidas por una sociedad m\u00e1s inclusiva","robots":{"index":"index","follow":"follow","max-snippet":"max-snippet:-1","max-image-preview":"max-image-preview:large","max-video-preview":"max-video-preview:-1"},"canonical":"https:\/\/newsmediadirectories.com\/es\/cultura-y-educacion-unidas-por-una-sociedad-mas-inclusiva\/","og_locale":"es_ES","og_type":"article","og_title":"Cultura y educaci\u00f3n unidas por una sociedad m\u00e1s inclusiva","og_description":"En la actualidad, la cultura y la educaci\u00f3n se convierten en dos elementos fundamentales para promover una sociedad m\u00e1s inclusiva y diversa. Estos dos aspectos, a pesar de tener enfoques diferentes, buscan un mismo objetivo: promover una comprensi\u00f3n m\u00e1s amplia de las diferencias culturales y fomentar una educaci\u00f3n m\u00e1s equitativa. En el \u00e1mbito de la [&hellip;]","og_url":"https:\/\/newsmediadirectories.com\/es\/cultura-y-educacion-unidas-por-una-sociedad-mas-inclusiva\/","og_site_name":"News Media Directories - Noticias Online","article_published_time":"2023-05-20T05:34:01+00:00","og_image":[{"width":1100,"height":619,"url":"https:\/\/newsmediadirectories.com\/es\/wp-content\/uploads\/2023\/05\/0-429.jpg","type":"image\/jpeg"}],"author":"Valeria Catillo","twitter_card":"summary_large_image","twitter_misc":{"Escrito por":"Valeria Catillo","Tiempo de lectura":"2 minutos"},"schema":{"@context":"https:\/\/schema.org","@graph":[{"@type":"WebPage","@id":"https:\/\/newsmediadirectories.com\/es\/cultura-y-educacion-unidas-por-una-sociedad-mas-inclusiva\/","url":"https:\/\/newsmediadirectories.com\/es\/cultura-y-educacion-unidas-por-una-sociedad-mas-inclusiva\/","name":"Cultura y educaci\u00f3n unidas por una sociedad m\u00e1s inclusiva","isPartOf":{"@id":"https:\/\/newsmediadirectories.com\/es\/#website"},"primaryImageOfPage":{"@id":"https:\/\/newsmediadirectories.com\/es\/cultura-y-educacion-unidas-por-una-sociedad-mas-inclusiva\/#primaryimage"},"image":{"@id":"https:\/\/newsmediadirectories.com\/es\/cultura-y-educacion-unidas-por-una-sociedad-mas-inclusiva\/#primaryimage"},"thumbnailUrl":"https:\/\/newsmediadirectories.com\/es\/wp-content\/uploads\/2023\/05\/0-429.jpg","datePublished":"2023-05-20T05:34:01+00:00","dateModified":"2023-05-20T05:34:01+00:00","author":{"@id":"https:\/\/newsmediadirectories.com\/es\/#\/schema\/person\/d936c9a5f74cd01c7ff4e2b559363063"},"inLanguage":"es","potentialAction":[{"@type":"ReadAction","target":["https:\/\/newsmediadirectories.com\/es\/cultura-y-educacion-unidas-por-una-sociedad-mas-inclusiva\/"]}]},{"@type":"ImageObject","inLanguage":"es","@id":"https:\/\/newsmediadirectories.com\/es\/cultura-y-educacion-unidas-por-una-sociedad-mas-inclusiva\/#primaryimage","url":"https:\/\/newsmediadirectories.com\/es\/wp-content\/uploads\/2023\/05\/0-429.jpg","contentUrl":"https:\/\/newsmediadirectories.com\/es\/wp-content\/uploads\/2023\/05\/0-429.jpg","width":1100,"height":619},{"@type":"WebSite","@id":"https:\/\/newsmediadirectories.com\/es\/#website","url":"https:\/\/newsmediadirectories.com\/es\/","name":"News Media Directories - Noticias Online","description":"News Media Directories - Noticias Online","potentialAction":[{"@type":"SearchAction","target":{"@type":"EntryPoint","urlTemplate":"https:\/\/newsmediadirectories.com\/es\/?s={search_term_string}"},"query-input":{"@type":"PropertyValueSpecification","valueRequired":true,"valueName":"search_term_string"}}],"inLanguage":"es"},{"@type":"Person","@id":"https:\/\/newsmediadirectories.com\/es\/#\/schema\/person\/d936c9a5f74cd01c7ff4e2b559363063","name":"Valeria Catillo","image":{"@type":"ImageObject","inLanguage":"es","@id":"https:\/\/newsmediadirectories.com\/es\/#\/schema\/person\/image\/","url":"https:\/\/secure.gravatar.com\/avatar\/1b6716d8318da7cd8a049a1c7b480328?s=96&d=mm&r=g","contentUrl":"https:\/\/secure.gravatar.com\/avatar\/1b6716d8318da7cd8a049a1c7b480328?s=96&d=mm&r=g","caption":"Valeria Catillo"},"sameAs":["https:\/\/newsmediadirectories.com\/es"]}]}},"_links":{"self":[{"href":"https:\/\/newsmediadirectories.com\/es\/wp-json\/wp\/v2\/posts\/4360"}],"collection":[{"href":"https:\/\/newsmediadirectories.com\/es\/wp-json\/wp\/v2\/posts"}],"about":[{"href":"https:\/\/newsmediadirectories.com\/es\/wp-json\/wp\/v2\/types\/post"}],"author":[{"embeddable":true,"href":"https:\/\/newsmediadirectories.com\/es\/wp-json\/wp\/v2\/users\/1"}],"replies":[{"embeddable":true,"href":"https:\/\/newsmediadirectories.com\/es\/wp-json\/wp\/v2\/comments?post=4360"}],"version-history":[{"count":0,"href":"https:\/\/newsmediadirectories.com\/es\/wp-json\/wp\/v2\/posts\/4360\/revisions"}],"wp:featuredmedia":[{"embeddable":true,"href":"https:\/\/newsmediadirectories.com\/es\/wp-json\/wp\/v2\/media\/4361"}],"wp:attachment":[{"href":"https:\/\/newsmediadirectories.com\/es\/wp-json\/wp\/v2\/media?parent=4360"}],"wp:term":[{"taxonomy":"category","embeddable":true,"href":"https:\/\/newsmediadirectories.com\/es\/wp-json\/wp\/v2\/categories?post=4360"},{"taxonomy":"post_tag","embeddable":true,"href":"https:\/\/newsmediadirectories.com\/es\/wp-json\/wp\/v2\/tags?post=4360"},{"taxonomy":"wf_post_folders","embeddable":true,"href":"https:\/\/newsmediadirectories.com\/es\/wp-json\/wp\/v2\/wf_post_folders?post=4360"}],"curies":[{"name":"wp","href":"https:\/\/api.w.org\/{rel}","templated":true}]}}