{"id":4332,"date":"2023-05-20T05:32:06","date_gmt":"2023-05-20T05:32:06","guid":{"rendered":"https:\/\/newsmediadirectories.com\/es\/la-inflacion-desenfrenada-amenaza-la-economia-mundial\/"},"modified":"2023-05-20T05:32:06","modified_gmt":"2023-05-20T05:32:06","slug":"la-inflacion-desenfrenada-amenaza-la-economia-mundial","status":"publish","type":"post","link":"https:\/\/newsmediadirectories.com\/es\/la-inflacion-desenfrenada-amenaza-la-economia-mundial\/","title":{"rendered":"La inflaci\u00f3n desenfrenada amenaza la econom\u00eda mundial"},"content":{"rendered":"<p>La inflaci\u00f3n desenfrenada es una amenaza para la econom\u00eda mundial, ya que puede desestabilizar los mercados financieros y generar una crisis econ\u00f3mica global. En los \u00faltimos meses, hemos visto un aumento dram\u00e1tico en los precios de los bienes y servicios en muchos pa\u00edses, lo que ha llevado a una creciente preocupaci\u00f3n entre los l\u00edderes econ\u00f3micos y pol\u00edticos.<\/p>\n<p>La inflaci\u00f3n es un aumento sostenido en los precios de los bienes y servicios, y puede ser causada por una variedad de factores, como una mayor demanda, una menor oferta, o una expansi\u00f3n excesiva de la oferta monetaria. Si la inflaci\u00f3n no es controlada a tiempo, puede generar una espiral inflacionaria, que puede ser dif\u00edcil de detener.<\/p>\n<p>Uno de los principales riesgos de la inflaci\u00f3n desenfrenada es que puede aumentar los costos de producci\u00f3n de las empresas, lo que reduce su rentabilidad y puede llevar a despidos y cierre de empresas. Adem\u00e1s, la inflaci\u00f3n tambi\u00e9n reduce el poder adquisitivo de los consumidores, lo que puede generar una disminuci\u00f3n en el consumo y una ca\u00edda en las ventas de las empresas.<\/p>\n<p>A nivel mundial, la inflaci\u00f3n desenfrenada tambi\u00e9n puede generar tensiones financieras y geopol\u00edticas, ya que los pa\u00edses pueden verse tentados a devaluar su moneda para aumentar sus exportaciones y hacer frente a la inflaci\u00f3n. Esto, a su vez, puede generar fricciones comerciales y tensiones pol\u00edticas entre los pa\u00edses.<\/p>\n<p>Para combatir la inflaci\u00f3n desenfrenada, los l\u00edderes econ\u00f3micos y pol\u00edticos deben tomar medidas concretas, como reducir la oferta monetaria, aumentar la oferta de bienes y servicios, y fomentar la inversi\u00f3n y la productividad. Tambi\u00e9n es clave garantizar una gesti\u00f3n adecuada de las reservas internacionales y evitar pol\u00edticas fiscales irresponsables que puedan generar una expansi\u00f3n excesiva de la oferta monetaria.<\/p>\n<p>En conclusi\u00f3n, la inflaci\u00f3n desenfrenada es una amenaza grave para la econom\u00eda mundial, y requiere una respuesta internacional concertada y efectiva. Si no se toman medidas para abordarla a tiempo, la inflaci\u00f3n puede generar una crisis econ\u00f3mica global que afectar\u00e1 a todos los pa\u00edses y a millones de personas en todo el mundo.<\/p>\n<p>Nota express publicada por <a href=\"https:\/\/mediastarpress.com\/\" target=\"_blank\" rel=\"noopener\">MediaStar | Agencia de Medios<\/a>.<\/p>\n","protected":false},"excerpt":{"rendered":"<p>La inflaci\u00f3n desenfrenada es una amenaza para la econom\u00eda mundial, ya que puede desestabilizar los mercados financieros y generar una crisis econ\u00f3mica global. En los \u00faltimos meses, hemos visto un aumento dram\u00e1tico en los precios de los bienes y servicios en muchos pa\u00edses, lo que ha llevado a una creciente preocupaci\u00f3n entre los l\u00edderes econ\u00f3micos [&hellip;]<\/p>\n","protected":false},"author":1,"featured_media":3746,"comment_status":"open","ping_status":"open","sticky":false,"template":"","format":"standard","meta":{"inline_featured_image":false,"footnotes":""},"categories":[38],"tags":[],"wf_post_folders":[],"class_list":{"0":"post-4332","1":"post","2":"type-post","3":"status-publish","4":"format-standard","5":"has-post-thumbnail","7":"category-fast-news"},"yoast_head":"<!-- This site is optimized with the Yoast SEO plugin v24.1 - https:\/\/yoast.com\/wordpress\/plugins\/seo\/ -->\n<title>La inflaci\u00f3n desenfrenada amenaza la econom\u00eda mundial<\/title>\n<meta name=\"robots\" content=\"index, follow, max-snippet:-1, max-image-preview:large, max-video-preview:-1\" \/>\n<link rel=\"canonical\" href=\"https:\/\/newsmediadirectories.com\/es\/la-inflacion-desenfrenada-amenaza-la-economia-mundial\/\" \/>\n<meta property=\"og:locale\" content=\"es_ES\" \/>\n<meta property=\"og:type\" content=\"article\" \/>\n<meta property=\"og:title\" content=\"La inflaci\u00f3n desenfrenada amenaza la econom\u00eda mundial\" \/>\n<meta property=\"og:description\" content=\"La inflaci\u00f3n desenfrenada es una amenaza para la econom\u00eda mundial, ya que puede desestabilizar los mercados financieros y generar una crisis econ\u00f3mica global. En los \u00faltimos meses, hemos visto un aumento dram\u00e1tico en los precios de los bienes y servicios en muchos pa\u00edses, lo que ha llevado a una creciente preocupaci\u00f3n entre los l\u00edderes econ\u00f3micos [&hellip;]\" \/>\n<meta property=\"og:url\" content=\"https:\/\/newsmediadirectories.com\/es\/la-inflacion-desenfrenada-amenaza-la-economia-mundial\/\" \/>\n<meta property=\"og:site_name\" content=\"News Media Directories - Noticias Online\" \/>\n<meta property=\"article:published_time\" content=\"2023-05-20T05:32:06+00:00\" \/>\n<meta property=\"og:image\" content=\"https:\/\/newsmediadirectories.com\/es\/wp-content\/uploads\/2023\/05\/0-364.jpg\" \/>\n\t<meta property=\"og:image:width\" content=\"1100\" \/>\n\t<meta property=\"og:image:height\" content=\"733\" \/>\n\t<meta property=\"og:image:type\" content=\"image\/jpeg\" \/>\n<meta name=\"author\" content=\"Valeria Catillo\" \/>\n<meta name=\"twitter:card\" content=\"summary_large_image\" \/>\n<meta name=\"twitter:label1\" content=\"Escrito por\" \/>\n\t<meta name=\"twitter:data1\" content=\"Valeria Catillo\" \/>\n\t<meta name=\"twitter:label2\" content=\"Tiempo de lectura\" \/>\n\t<meta name=\"twitter:data2\" content=\"2 minutos\" \/>\n<script type=\"application\/ld+json\" class=\"yoast-schema-graph\">{\"@context\":\"https:\/\/schema.org\",\"@graph\":[{\"@type\":\"WebPage\",\"@id\":\"https:\/\/newsmediadirectories.com\/es\/la-inflacion-desenfrenada-amenaza-la-economia-mundial\/\",\"url\":\"https:\/\/newsmediadirectories.com\/es\/la-inflacion-desenfrenada-amenaza-la-economia-mundial\/\",\"name\":\"La inflaci\u00f3n desenfrenada amenaza la econom\u00eda mundial\",\"isPartOf\":{\"@id\":\"https:\/\/newsmediadirectories.com\/es\/#website\"},\"primaryImageOfPage\":{\"@id\":\"https:\/\/newsmediadirectories.com\/es\/la-inflacion-desenfrenada-amenaza-la-economia-mundial\/#primaryimage\"},\"image\":{\"@id\":\"https:\/\/newsmediadirectories.com\/es\/la-inflacion-desenfrenada-amenaza-la-economia-mundial\/#primaryimage\"},\"thumbnailUrl\":\"https:\/\/newsmediadirectories.com\/es\/wp-content\/uploads\/2023\/05\/0-364.jpg\",\"datePublished\":\"2023-05-20T05:32:06+00:00\",\"dateModified\":\"2023-05-20T05:32:06+00:00\",\"author\":{\"@id\":\"https:\/\/newsmediadirectories.com\/es\/#\/schema\/person\/d936c9a5f74cd01c7ff4e2b559363063\"},\"inLanguage\":\"es\",\"potentialAction\":[{\"@type\":\"ReadAction\",\"target\":[\"https:\/\/newsmediadirectories.com\/es\/la-inflacion-desenfrenada-amenaza-la-economia-mundial\/\"]}]},{\"@type\":\"ImageObject\",\"inLanguage\":\"es\",\"@id\":\"https:\/\/newsmediadirectories.com\/es\/la-inflacion-desenfrenada-amenaza-la-economia-mundial\/#primaryimage\",\"url\":\"https:\/\/newsmediadirectories.com\/es\/wp-content\/uploads\/2023\/05\/0-364.jpg\",\"contentUrl\":\"https:\/\/newsmediadirectories.com\/es\/wp-content\/uploads\/2023\/05\/0-364.jpg\",\"width\":1100,\"height\":733},{\"@type\":\"WebSite\",\"@id\":\"https:\/\/newsmediadirectories.com\/es\/#website\",\"url\":\"https:\/\/newsmediadirectories.com\/es\/\",\"name\":\"News Media Directories - Noticias Online\",\"description\":\"News Media Directories - Noticias Online\",\"potentialAction\":[{\"@type\":\"SearchAction\",\"target\":{\"@type\":\"EntryPoint\",\"urlTemplate\":\"https:\/\/newsmediadirectories.com\/es\/?s={search_term_string}\"},\"query-input\":{\"@type\":\"PropertyValueSpecification\",\"valueRequired\":true,\"valueName\":\"search_term_string\"}}],\"inLanguage\":\"es\"},{\"@type\":\"Person\",\"@id\":\"https:\/\/newsmediadirectories.com\/es\/#\/schema\/person\/d936c9a5f74cd01c7ff4e2b559363063\",\"name\":\"Valeria Catillo\",\"image\":{\"@type\":\"ImageObject\",\"inLanguage\":\"es\",\"@id\":\"https:\/\/newsmediadirectories.com\/es\/#\/schema\/person\/image\/\",\"url\":\"https:\/\/secure.gravatar.com\/avatar\/1b6716d8318da7cd8a049a1c7b480328?s=96&d=mm&r=g\",\"contentUrl\":\"https:\/\/secure.gravatar.com\/avatar\/1b6716d8318da7cd8a049a1c7b480328?s=96&d=mm&r=g\",\"caption\":\"Valeria Catillo\"},\"sameAs\":[\"https:\/\/newsmediadirectories.com\/es\"]}]}<\/script>\n<!-- \/ Yoast SEO plugin. -->","yoast_head_json":{"title":"La inflaci\u00f3n desenfrenada amenaza la econom\u00eda mundial","robots":{"index":"index","follow":"follow","max-snippet":"max-snippet:-1","max-image-preview":"max-image-preview:large","max-video-preview":"max-video-preview:-1"},"canonical":"https:\/\/newsmediadirectories.com\/es\/la-inflacion-desenfrenada-amenaza-la-economia-mundial\/","og_locale":"es_ES","og_type":"article","og_title":"La inflaci\u00f3n desenfrenada amenaza la econom\u00eda mundial","og_description":"La inflaci\u00f3n desenfrenada es una amenaza para la econom\u00eda mundial, ya que puede desestabilizar los mercados financieros y generar una crisis econ\u00f3mica global. En los \u00faltimos meses, hemos visto un aumento dram\u00e1tico en los precios de los bienes y servicios en muchos pa\u00edses, lo que ha llevado a una creciente preocupaci\u00f3n entre los l\u00edderes econ\u00f3micos [&hellip;]","og_url":"https:\/\/newsmediadirectories.com\/es\/la-inflacion-desenfrenada-amenaza-la-economia-mundial\/","og_site_name":"News Media Directories - Noticias Online","article_published_time":"2023-05-20T05:32:06+00:00","og_image":[{"width":1100,"height":733,"url":"https:\/\/newsmediadirectories.com\/es\/wp-content\/uploads\/2023\/05\/0-364.jpg","type":"image\/jpeg"}],"author":"Valeria Catillo","twitter_card":"summary_large_image","twitter_misc":{"Escrito por":"Valeria Catillo","Tiempo de lectura":"2 minutos"},"schema":{"@context":"https:\/\/schema.org","@graph":[{"@type":"WebPage","@id":"https:\/\/newsmediadirectories.com\/es\/la-inflacion-desenfrenada-amenaza-la-economia-mundial\/","url":"https:\/\/newsmediadirectories.com\/es\/la-inflacion-desenfrenada-amenaza-la-economia-mundial\/","name":"La inflaci\u00f3n desenfrenada amenaza la econom\u00eda mundial","isPartOf":{"@id":"https:\/\/newsmediadirectories.com\/es\/#website"},"primaryImageOfPage":{"@id":"https:\/\/newsmediadirectories.com\/es\/la-inflacion-desenfrenada-amenaza-la-economia-mundial\/#primaryimage"},"image":{"@id":"https:\/\/newsmediadirectories.com\/es\/la-inflacion-desenfrenada-amenaza-la-economia-mundial\/#primaryimage"},"thumbnailUrl":"https:\/\/newsmediadirectories.com\/es\/wp-content\/uploads\/2023\/05\/0-364.jpg","datePublished":"2023-05-20T05:32:06+00:00","dateModified":"2023-05-20T05:32:06+00:00","author":{"@id":"https:\/\/newsmediadirectories.com\/es\/#\/schema\/person\/d936c9a5f74cd01c7ff4e2b559363063"},"inLanguage":"es","potentialAction":[{"@type":"ReadAction","target":["https:\/\/newsmediadirectories.com\/es\/la-inflacion-desenfrenada-amenaza-la-economia-mundial\/"]}]},{"@type":"ImageObject","inLanguage":"es","@id":"https:\/\/newsmediadirectories.com\/es\/la-inflacion-desenfrenada-amenaza-la-economia-mundial\/#primaryimage","url":"https:\/\/newsmediadirectories.com\/es\/wp-content\/uploads\/2023\/05\/0-364.jpg","contentUrl":"https:\/\/newsmediadirectories.com\/es\/wp-content\/uploads\/2023\/05\/0-364.jpg","width":1100,"height":733},{"@type":"WebSite","@id":"https:\/\/newsmediadirectories.com\/es\/#website","url":"https:\/\/newsmediadirectories.com\/es\/","name":"News Media Directories - Noticias Online","description":"News Media Directories - Noticias Online","potentialAction":[{"@type":"SearchAction","target":{"@type":"EntryPoint","urlTemplate":"https:\/\/newsmediadirectories.com\/es\/?s={search_term_string}"},"query-input":{"@type":"PropertyValueSpecification","valueRequired":true,"valueName":"search_term_string"}}],"inLanguage":"es"},{"@type":"Person","@id":"https:\/\/newsmediadirectories.com\/es\/#\/schema\/person\/d936c9a5f74cd01c7ff4e2b559363063","name":"Valeria Catillo","image":{"@type":"ImageObject","inLanguage":"es","@id":"https:\/\/newsmediadirectories.com\/es\/#\/schema\/person\/image\/","url":"https:\/\/secure.gravatar.com\/avatar\/1b6716d8318da7cd8a049a1c7b480328?s=96&d=mm&r=g","contentUrl":"https:\/\/secure.gravatar.com\/avatar\/1b6716d8318da7cd8a049a1c7b480328?s=96&d=mm&r=g","caption":"Valeria Catillo"},"sameAs":["https:\/\/newsmediadirectories.com\/es"]}]}},"_links":{"self":[{"href":"https:\/\/newsmediadirectories.com\/es\/wp-json\/wp\/v2\/posts\/4332"}],"collection":[{"href":"https:\/\/newsmediadirectories.com\/es\/wp-json\/wp\/v2\/posts"}],"about":[{"href":"https:\/\/newsmediadirectories.com\/es\/wp-json\/wp\/v2\/types\/post"}],"author":[{"embeddable":true,"href":"https:\/\/newsmediadirectories.com\/es\/wp-json\/wp\/v2\/users\/1"}],"replies":[{"embeddable":true,"href":"https:\/\/newsmediadirectories.com\/es\/wp-json\/wp\/v2\/comments?post=4332"}],"version-history":[{"count":0,"href":"https:\/\/newsmediadirectories.com\/es\/wp-json\/wp\/v2\/posts\/4332\/revisions"}],"wp:featuredmedia":[{"embeddable":true,"href":"https:\/\/newsmediadirectories.com\/es\/wp-json\/wp\/v2\/media\/3746"}],"wp:attachment":[{"href":"https:\/\/newsmediadirectories.com\/es\/wp-json\/wp\/v2\/media?parent=4332"}],"wp:term":[{"taxonomy":"category","embeddable":true,"href":"https:\/\/newsmediadirectories.com\/es\/wp-json\/wp\/v2\/categories?post=4332"},{"taxonomy":"post_tag","embeddable":true,"href":"https:\/\/newsmediadirectories.com\/es\/wp-json\/wp\/v2\/tags?post=4332"},{"taxonomy":"wf_post_folders","embeddable":true,"href":"https:\/\/newsmediadirectories.com\/es\/wp-json\/wp\/v2\/wf_post_folders?post=4332"}],"curies":[{"name":"wp","href":"https:\/\/api.w.org\/{rel}","templated":true}]}}