{"id":4323,"date":"2023-05-20T05:32:42","date_gmt":"2023-05-20T05:32:42","guid":{"rendered":"https:\/\/newsmediadirectories.com\/es\/fomentar-las-competencias-sociales-en-tiempos-de-crisis-una-tarea-imprescindible\/"},"modified":"2023-05-20T05:32:42","modified_gmt":"2023-05-20T05:32:42","slug":"fomentar-las-competencias-sociales-en-tiempos-de-crisis-una-tarea-imprescindible","status":"publish","type":"post","link":"https:\/\/newsmediadirectories.com\/es\/fomentar-las-competencias-sociales-en-tiempos-de-crisis-una-tarea-imprescindible\/","title":{"rendered":"Fomentar las competencias sociales en tiempos de crisis: una tarea imprescindible"},"content":{"rendered":"<p>En tiempos de incertidumbre econ\u00f3mica y social, como los que estamos viviendo en la actualidad, se hace imprescindible fomentar las competencias sociales para garantizar una mejor convivencia y adaptaci\u00f3n a los cambios. <\/p>\n<p>En primer lugar, es importante destacar que las competencias sociales no se limitan \u00fanicamente a las habilidades comunicativas o de colaboraci\u00f3n, sino que engloban un conjunto de aptitudes que permiten a las personas desenvolverse con \u00e9xito en diferentes situaciones, tanto a nivel personal como profesional. Entre estas habilidades se encuentran la empat\u00eda, el trabajo en equipo, la resoluci\u00f3n de conflictos, la toma de decisiones y la gesti\u00f3n emocional.<\/p>\n<p>En este sentido, la crisis sanitaria y econ\u00f3mica que estamos enfrentando ha puesto de manifiesto la importancia de estas competencias para afrontar situaciones de incertidumbre y estr\u00e9s. Las personas que poseen habilidades sociales m\u00e1s desarrolladas suelen tener una mayor capacidad de adaptaci\u00f3n a los cambios y de afrontamiento del estr\u00e9s, lo que les permite mantener una actitud m\u00e1s positiva y activa ante las adversidades.<\/p>\n<p>Por otro lado, el fomento de las competencias sociales tiene un impacto positivo en la sociedad en su conjunto. Al mejorar la comunicaci\u00f3n y la colaboraci\u00f3n entre las personas, se puede promover una mayor cohesi\u00f3n social y una cultura de convivencia pac\u00edfica y respetuosa. Asimismo, el desarrollo de habilidades sociales puede favorecer la creatividad y la innovaci\u00f3n, lo que puede impulsar el emprendimiento y el crecimiento econ\u00f3mico.<\/p>\n<p>En conclusi\u00f3n, fomentar las competencias sociales es una tarea imprescindible en tiempos de crisis, ya que no solo contribuye al bienestar personal de las personas, sino que tambi\u00e9n tiene un impacto positivo en la sociedad en su conjunto. Por ello, es necesario promover pol\u00edticas educativas y laborales que favorezcan el desarrollo de estas habilidades y valorarlas como un elemento clave para el desarrollo humano sostenible.<\/p>\n<p>Nota express publicada por <a href=\"https:\/\/mediastarpress.com\/\" target=\"_blank\" rel=\"noopener\">MediaStar | Agencia de Medios<\/a>.<\/p>\n","protected":false},"excerpt":{"rendered":"<p>En tiempos de incertidumbre econ\u00f3mica y social, como los que estamos viviendo en la actualidad, se hace imprescindible fomentar las competencias sociales para garantizar una mejor convivencia y adaptaci\u00f3n a los cambios. En primer lugar, es importante destacar que las competencias sociales no se limitan \u00fanicamente a las habilidades comunicativas o de colaboraci\u00f3n, sino que [&hellip;]<\/p>\n","protected":false},"author":1,"featured_media":3533,"comment_status":"open","ping_status":"open","sticky":false,"template":"","format":"standard","meta":{"inline_featured_image":false,"footnotes":""},"categories":[38],"tags":[],"wf_post_folders":[],"class_list":{"0":"post-4323","1":"post","2":"type-post","3":"status-publish","4":"format-standard","5":"has-post-thumbnail","7":"category-fast-news"},"yoast_head":"<!-- This site is optimized with the Yoast SEO plugin v24.1 - https:\/\/yoast.com\/wordpress\/plugins\/seo\/ -->\n<title>Fomentar las competencias sociales en tiempos de crisis: una tarea imprescindible<\/title>\n<meta name=\"robots\" content=\"index, follow, max-snippet:-1, max-image-preview:large, max-video-preview:-1\" \/>\n<link rel=\"canonical\" href=\"https:\/\/newsmediadirectories.com\/es\/fomentar-las-competencias-sociales-en-tiempos-de-crisis-una-tarea-imprescindible\/\" \/>\n<meta property=\"og:locale\" content=\"es_ES\" \/>\n<meta property=\"og:type\" content=\"article\" \/>\n<meta property=\"og:title\" content=\"Fomentar las competencias sociales en tiempos de crisis: una tarea imprescindible\" \/>\n<meta property=\"og:description\" content=\"En tiempos de incertidumbre econ\u00f3mica y social, como los que estamos viviendo en la actualidad, se hace imprescindible fomentar las competencias sociales para garantizar una mejor convivencia y adaptaci\u00f3n a los cambios. En primer lugar, es importante destacar que las competencias sociales no se limitan \u00fanicamente a las habilidades comunicativas o de colaboraci\u00f3n, sino que [&hellip;]\" \/>\n<meta property=\"og:url\" content=\"https:\/\/newsmediadirectories.com\/es\/fomentar-las-competencias-sociales-en-tiempos-de-crisis-una-tarea-imprescindible\/\" \/>\n<meta property=\"og:site_name\" content=\"News Media Directories - Noticias Online\" \/>\n<meta property=\"article:published_time\" content=\"2023-05-20T05:32:42+00:00\" \/>\n<meta property=\"og:image\" content=\"https:\/\/newsmediadirectories.com\/es\/wp-content\/uploads\/2023\/05\/01-74.jpg\" \/>\n\t<meta property=\"og:image:width\" content=\"1100\" \/>\n\t<meta property=\"og:image:height\" content=\"548\" \/>\n\t<meta property=\"og:image:type\" content=\"image\/jpeg\" \/>\n<meta name=\"author\" content=\"Valeria Catillo\" \/>\n<meta name=\"twitter:card\" content=\"summary_large_image\" \/>\n<meta name=\"twitter:label1\" content=\"Escrito por\" \/>\n\t<meta name=\"twitter:data1\" content=\"Valeria Catillo\" \/>\n\t<meta name=\"twitter:label2\" content=\"Tiempo de lectura\" \/>\n\t<meta name=\"twitter:data2\" content=\"2 minutos\" \/>\n<script type=\"application\/ld+json\" class=\"yoast-schema-graph\">{\"@context\":\"https:\/\/schema.org\",\"@graph\":[{\"@type\":\"WebPage\",\"@id\":\"https:\/\/newsmediadirectories.com\/es\/fomentar-las-competencias-sociales-en-tiempos-de-crisis-una-tarea-imprescindible\/\",\"url\":\"https:\/\/newsmediadirectories.com\/es\/fomentar-las-competencias-sociales-en-tiempos-de-crisis-una-tarea-imprescindible\/\",\"name\":\"Fomentar las competencias sociales en tiempos de crisis: una tarea imprescindible\",\"isPartOf\":{\"@id\":\"https:\/\/newsmediadirectories.com\/es\/#website\"},\"primaryImageOfPage\":{\"@id\":\"https:\/\/newsmediadirectories.com\/es\/fomentar-las-competencias-sociales-en-tiempos-de-crisis-una-tarea-imprescindible\/#primaryimage\"},\"image\":{\"@id\":\"https:\/\/newsmediadirectories.com\/es\/fomentar-las-competencias-sociales-en-tiempos-de-crisis-una-tarea-imprescindible\/#primaryimage\"},\"thumbnailUrl\":\"https:\/\/newsmediadirectories.com\/es\/wp-content\/uploads\/2023\/05\/01-74.jpg\",\"datePublished\":\"2023-05-20T05:32:42+00:00\",\"dateModified\":\"2023-05-20T05:32:42+00:00\",\"author\":{\"@id\":\"https:\/\/newsmediadirectories.com\/es\/#\/schema\/person\/d936c9a5f74cd01c7ff4e2b559363063\"},\"inLanguage\":\"es\",\"potentialAction\":[{\"@type\":\"ReadAction\",\"target\":[\"https:\/\/newsmediadirectories.com\/es\/fomentar-las-competencias-sociales-en-tiempos-de-crisis-una-tarea-imprescindible\/\"]}]},{\"@type\":\"ImageObject\",\"inLanguage\":\"es\",\"@id\":\"https:\/\/newsmediadirectories.com\/es\/fomentar-las-competencias-sociales-en-tiempos-de-crisis-una-tarea-imprescindible\/#primaryimage\",\"url\":\"https:\/\/newsmediadirectories.com\/es\/wp-content\/uploads\/2023\/05\/01-74.jpg\",\"contentUrl\":\"https:\/\/newsmediadirectories.com\/es\/wp-content\/uploads\/2023\/05\/01-74.jpg\",\"width\":1100,\"height\":548},{\"@type\":\"WebSite\",\"@id\":\"https:\/\/newsmediadirectories.com\/es\/#website\",\"url\":\"https:\/\/newsmediadirectories.com\/es\/\",\"name\":\"News Media Directories - Noticias Online\",\"description\":\"News Media Directories - Noticias Online\",\"potentialAction\":[{\"@type\":\"SearchAction\",\"target\":{\"@type\":\"EntryPoint\",\"urlTemplate\":\"https:\/\/newsmediadirectories.com\/es\/?s={search_term_string}\"},\"query-input\":{\"@type\":\"PropertyValueSpecification\",\"valueRequired\":true,\"valueName\":\"search_term_string\"}}],\"inLanguage\":\"es\"},{\"@type\":\"Person\",\"@id\":\"https:\/\/newsmediadirectories.com\/es\/#\/schema\/person\/d936c9a5f74cd01c7ff4e2b559363063\",\"name\":\"Valeria Catillo\",\"image\":{\"@type\":\"ImageObject\",\"inLanguage\":\"es\",\"@id\":\"https:\/\/newsmediadirectories.com\/es\/#\/schema\/person\/image\/\",\"url\":\"https:\/\/secure.gravatar.com\/avatar\/1b6716d8318da7cd8a049a1c7b480328?s=96&d=mm&r=g\",\"contentUrl\":\"https:\/\/secure.gravatar.com\/avatar\/1b6716d8318da7cd8a049a1c7b480328?s=96&d=mm&r=g\",\"caption\":\"Valeria Catillo\"},\"sameAs\":[\"https:\/\/newsmediadirectories.com\/es\"]}]}<\/script>\n<!-- \/ Yoast SEO plugin. -->","yoast_head_json":{"title":"Fomentar las competencias sociales en tiempos de crisis: una tarea imprescindible","robots":{"index":"index","follow":"follow","max-snippet":"max-snippet:-1","max-image-preview":"max-image-preview:large","max-video-preview":"max-video-preview:-1"},"canonical":"https:\/\/newsmediadirectories.com\/es\/fomentar-las-competencias-sociales-en-tiempos-de-crisis-una-tarea-imprescindible\/","og_locale":"es_ES","og_type":"article","og_title":"Fomentar las competencias sociales en tiempos de crisis: una tarea imprescindible","og_description":"En tiempos de incertidumbre econ\u00f3mica y social, como los que estamos viviendo en la actualidad, se hace imprescindible fomentar las competencias sociales para garantizar una mejor convivencia y adaptaci\u00f3n a los cambios. En primer lugar, es importante destacar que las competencias sociales no se limitan \u00fanicamente a las habilidades comunicativas o de colaboraci\u00f3n, sino que [&hellip;]","og_url":"https:\/\/newsmediadirectories.com\/es\/fomentar-las-competencias-sociales-en-tiempos-de-crisis-una-tarea-imprescindible\/","og_site_name":"News Media Directories - Noticias Online","article_published_time":"2023-05-20T05:32:42+00:00","og_image":[{"width":1100,"height":548,"url":"https:\/\/newsmediadirectories.com\/es\/wp-content\/uploads\/2023\/05\/01-74.jpg","type":"image\/jpeg"}],"author":"Valeria Catillo","twitter_card":"summary_large_image","twitter_misc":{"Escrito por":"Valeria Catillo","Tiempo de lectura":"2 minutos"},"schema":{"@context":"https:\/\/schema.org","@graph":[{"@type":"WebPage","@id":"https:\/\/newsmediadirectories.com\/es\/fomentar-las-competencias-sociales-en-tiempos-de-crisis-una-tarea-imprescindible\/","url":"https:\/\/newsmediadirectories.com\/es\/fomentar-las-competencias-sociales-en-tiempos-de-crisis-una-tarea-imprescindible\/","name":"Fomentar las competencias sociales en tiempos de crisis: una tarea imprescindible","isPartOf":{"@id":"https:\/\/newsmediadirectories.com\/es\/#website"},"primaryImageOfPage":{"@id":"https:\/\/newsmediadirectories.com\/es\/fomentar-las-competencias-sociales-en-tiempos-de-crisis-una-tarea-imprescindible\/#primaryimage"},"image":{"@id":"https:\/\/newsmediadirectories.com\/es\/fomentar-las-competencias-sociales-en-tiempos-de-crisis-una-tarea-imprescindible\/#primaryimage"},"thumbnailUrl":"https:\/\/newsmediadirectories.com\/es\/wp-content\/uploads\/2023\/05\/01-74.jpg","datePublished":"2023-05-20T05:32:42+00:00","dateModified":"2023-05-20T05:32:42+00:00","author":{"@id":"https:\/\/newsmediadirectories.com\/es\/#\/schema\/person\/d936c9a5f74cd01c7ff4e2b559363063"},"inLanguage":"es","potentialAction":[{"@type":"ReadAction","target":["https:\/\/newsmediadirectories.com\/es\/fomentar-las-competencias-sociales-en-tiempos-de-crisis-una-tarea-imprescindible\/"]}]},{"@type":"ImageObject","inLanguage":"es","@id":"https:\/\/newsmediadirectories.com\/es\/fomentar-las-competencias-sociales-en-tiempos-de-crisis-una-tarea-imprescindible\/#primaryimage","url":"https:\/\/newsmediadirectories.com\/es\/wp-content\/uploads\/2023\/05\/01-74.jpg","contentUrl":"https:\/\/newsmediadirectories.com\/es\/wp-content\/uploads\/2023\/05\/01-74.jpg","width":1100,"height":548},{"@type":"WebSite","@id":"https:\/\/newsmediadirectories.com\/es\/#website","url":"https:\/\/newsmediadirectories.com\/es\/","name":"News Media Directories - Noticias Online","description":"News Media Directories - Noticias Online","potentialAction":[{"@type":"SearchAction","target":{"@type":"EntryPoint","urlTemplate":"https:\/\/newsmediadirectories.com\/es\/?s={search_term_string}"},"query-input":{"@type":"PropertyValueSpecification","valueRequired":true,"valueName":"search_term_string"}}],"inLanguage":"es"},{"@type":"Person","@id":"https:\/\/newsmediadirectories.com\/es\/#\/schema\/person\/d936c9a5f74cd01c7ff4e2b559363063","name":"Valeria Catillo","image":{"@type":"ImageObject","inLanguage":"es","@id":"https:\/\/newsmediadirectories.com\/es\/#\/schema\/person\/image\/","url":"https:\/\/secure.gravatar.com\/avatar\/1b6716d8318da7cd8a049a1c7b480328?s=96&d=mm&r=g","contentUrl":"https:\/\/secure.gravatar.com\/avatar\/1b6716d8318da7cd8a049a1c7b480328?s=96&d=mm&r=g","caption":"Valeria Catillo"},"sameAs":["https:\/\/newsmediadirectories.com\/es"]}]}},"_links":{"self":[{"href":"https:\/\/newsmediadirectories.com\/es\/wp-json\/wp\/v2\/posts\/4323"}],"collection":[{"href":"https:\/\/newsmediadirectories.com\/es\/wp-json\/wp\/v2\/posts"}],"about":[{"href":"https:\/\/newsmediadirectories.com\/es\/wp-json\/wp\/v2\/types\/post"}],"author":[{"embeddable":true,"href":"https:\/\/newsmediadirectories.com\/es\/wp-json\/wp\/v2\/users\/1"}],"replies":[{"embeddable":true,"href":"https:\/\/newsmediadirectories.com\/es\/wp-json\/wp\/v2\/comments?post=4323"}],"version-history":[{"count":0,"href":"https:\/\/newsmediadirectories.com\/es\/wp-json\/wp\/v2\/posts\/4323\/revisions"}],"wp:featuredmedia":[{"embeddable":true,"href":"https:\/\/newsmediadirectories.com\/es\/wp-json\/wp\/v2\/media\/3533"}],"wp:attachment":[{"href":"https:\/\/newsmediadirectories.com\/es\/wp-json\/wp\/v2\/media?parent=4323"}],"wp:term":[{"taxonomy":"category","embeddable":true,"href":"https:\/\/newsmediadirectories.com\/es\/wp-json\/wp\/v2\/categories?post=4323"},{"taxonomy":"post_tag","embeddable":true,"href":"https:\/\/newsmediadirectories.com\/es\/wp-json\/wp\/v2\/tags?post=4323"},{"taxonomy":"wf_post_folders","embeddable":true,"href":"https:\/\/newsmediadirectories.com\/es\/wp-json\/wp\/v2\/wf_post_folders?post=4323"}],"curies":[{"name":"wp","href":"https:\/\/api.w.org\/{rel}","templated":true}]}}