{"id":4305,"date":"2023-05-20T05:32:52","date_gmt":"2023-05-20T05:32:52","guid":{"rendered":"https:\/\/newsmediadirectories.com\/es\/la-importancia-de-gramatica-en-la-comunicacion-efectiva\/"},"modified":"2023-05-20T05:32:52","modified_gmt":"2023-05-20T05:32:52","slug":"la-importancia-de-gramatica-en-la-comunicacion-efectiva","status":"publish","type":"post","link":"https:\/\/newsmediadirectories.com\/es\/la-importancia-de-gramatica-en-la-comunicacion-efectiva\/","title":{"rendered":"La importancia de Gram\u00e1tica en la comunicaci\u00f3n efectiva"},"content":{"rendered":"<p>En la sociedad actual, la comunicaci\u00f3n efectiva es un aspecto clave para lograr el \u00e9xito en cualquier \u00e1mbito profesional y personal. Una buena habilidad comunicativa puede abrir puertas y crear oportunidades, mientras que una habilidad deficiente puede limitar las posibilidades de crecimiento y desarrollo. La gram\u00e1tica, en este sentido, juega un papel fundamental en la efectividad de la comunicaci\u00f3n, ya que es la base sobre la cual se construyen las estructuras ling\u00fc\u00edsticas que permiten la comprensi\u00f3n y transmisi\u00f3n de ideas.<\/p>\n<p>La importancia de la gram\u00e1tica en la comunicaci\u00f3n efectiva radica en su capacidad para establecer las reglas de construcci\u00f3n del lenguaje, lo que permite que las personas se comuniquen de manera clara y precisa. La correcta utilizaci\u00f3n de la gram\u00e1tica permite evitar ambig\u00fcedades, errores y malentendidos, lo que facilita la transmisi\u00f3n de mensajes y la consecuci\u00f3n de objetivos. Por el contrario, una mala gram\u00e1tica puede generar confusiones y dar lugar a interpretaciones err\u00f3neas, lo que resulta en un malentendido y en una barrera para la comunicaci\u00f3n efectiva.<\/p>\n<p>La importancia de la gram\u00e1tica es particularmente relevante en el \u00e1mbito laboral. En un entorno empresarial, la capacidad de comunicarse de forma efectiva es esencial para el \u00e9xito de cualquier empresa. Los empleados con habilidades ling\u00fc\u00edsticas deficientes pueden generar errores en los documentos empresariales, enviar correos electr\u00f3nicos poco claros y, en general, crear una imagen poco profesional para la empresa. Esto puede afectar negativamente la reputaci\u00f3n y el rendimiento de la empresa, ya que la capacidad de comunicaci\u00f3n es una habilidad cr\u00edtica para el comercio hoy en d\u00eda.<\/p>\n<p>En conclusi\u00f3n, la gram\u00e1tica es esencial para la comunicaci\u00f3n efectiva y tiene un impacto significativo en la capacidad de las personas para transmitir y comprender informaci\u00f3n. En el mundo empresarial, una buena habilidad gramatical puede marcar la diferencia entre el \u00e9xito y el fracaso, ya que la capacidad de comunicarse de manera efectiva es un factor cr\u00edtico para el desempe\u00f1o empresarial. Por lo tanto, una comprensi\u00f3n s\u00f3lida de la gram\u00e1tica es esencial para las personas que desean maximizar su potencial de comunicaci\u00f3n en cualquier \u00e1mbito profesional o personal.<\/p>\n<p>Nota express publicada por <a href=\"https:\/\/mediastarpress.com\/\" target=\"_blank\" rel=\"noopener\">MediaStar | Agencia de Medios<\/a>.<\/p>\n","protected":false},"excerpt":{"rendered":"<p>En la sociedad actual, la comunicaci\u00f3n efectiva es un aspecto clave para lograr el \u00e9xito en cualquier \u00e1mbito profesional y personal. Una buena habilidad comunicativa puede abrir puertas y crear oportunidades, mientras que una habilidad deficiente puede limitar las posibilidades de crecimiento y desarrollo. La gram\u00e1tica, en este sentido, juega un papel fundamental en la [&hellip;]<\/p>\n","protected":false},"author":1,"featured_media":3802,"comment_status":"open","ping_status":"open","sticky":false,"template":"","format":"standard","meta":{"inline_featured_image":false,"footnotes":""},"categories":[38],"tags":[],"wf_post_folders":[],"class_list":{"0":"post-4305","1":"post","2":"type-post","3":"status-publish","4":"format-standard","5":"has-post-thumbnail","7":"category-fast-news"},"yoast_head":"<!-- This site is optimized with the Yoast SEO plugin v24.1 - https:\/\/yoast.com\/wordpress\/plugins\/seo\/ -->\n<title>La importancia de Gram\u00e1tica en la comunicaci\u00f3n efectiva<\/title>\n<meta name=\"robots\" content=\"index, follow, max-snippet:-1, max-image-preview:large, max-video-preview:-1\" \/>\n<link rel=\"canonical\" href=\"https:\/\/newsmediadirectories.com\/es\/la-importancia-de-gramatica-en-la-comunicacion-efectiva\/\" \/>\n<meta property=\"og:locale\" content=\"es_ES\" \/>\n<meta property=\"og:type\" content=\"article\" \/>\n<meta property=\"og:title\" content=\"La importancia de Gram\u00e1tica en la comunicaci\u00f3n efectiva\" \/>\n<meta property=\"og:description\" content=\"En la sociedad actual, la comunicaci\u00f3n efectiva es un aspecto clave para lograr el \u00e9xito en cualquier \u00e1mbito profesional y personal. Una buena habilidad comunicativa puede abrir puertas y crear oportunidades, mientras que una habilidad deficiente puede limitar las posibilidades de crecimiento y desarrollo. La gram\u00e1tica, en este sentido, juega un papel fundamental en la [&hellip;]\" \/>\n<meta property=\"og:url\" content=\"https:\/\/newsmediadirectories.com\/es\/la-importancia-de-gramatica-en-la-comunicacion-efectiva\/\" \/>\n<meta property=\"og:site_name\" content=\"News Media Directories - Noticias Online\" \/>\n<meta property=\"article:published_time\" content=\"2023-05-20T05:32:52+00:00\" \/>\n<meta property=\"og:image\" content=\"https:\/\/newsmediadirectories.com\/es\/wp-content\/uploads\/2023\/05\/01-2.jpg\" \/>\n\t<meta property=\"og:image:width\" content=\"1100\" \/>\n\t<meta property=\"og:image:height\" content=\"778\" \/>\n\t<meta property=\"og:image:type\" content=\"image\/jpeg\" \/>\n<meta name=\"author\" content=\"Valeria Catillo\" \/>\n<meta name=\"twitter:card\" content=\"summary_large_image\" \/>\n<meta name=\"twitter:label1\" content=\"Escrito por\" \/>\n\t<meta name=\"twitter:data1\" content=\"Valeria Catillo\" \/>\n\t<meta name=\"twitter:label2\" content=\"Tiempo de lectura\" \/>\n\t<meta name=\"twitter:data2\" content=\"2 minutos\" \/>\n<script type=\"application\/ld+json\" class=\"yoast-schema-graph\">{\"@context\":\"https:\/\/schema.org\",\"@graph\":[{\"@type\":\"WebPage\",\"@id\":\"https:\/\/newsmediadirectories.com\/es\/la-importancia-de-gramatica-en-la-comunicacion-efectiva\/\",\"url\":\"https:\/\/newsmediadirectories.com\/es\/la-importancia-de-gramatica-en-la-comunicacion-efectiva\/\",\"name\":\"La importancia de Gram\u00e1tica en la comunicaci\u00f3n efectiva\",\"isPartOf\":{\"@id\":\"https:\/\/newsmediadirectories.com\/es\/#website\"},\"primaryImageOfPage\":{\"@id\":\"https:\/\/newsmediadirectories.com\/es\/la-importancia-de-gramatica-en-la-comunicacion-efectiva\/#primaryimage\"},\"image\":{\"@id\":\"https:\/\/newsmediadirectories.com\/es\/la-importancia-de-gramatica-en-la-comunicacion-efectiva\/#primaryimage\"},\"thumbnailUrl\":\"https:\/\/newsmediadirectories.com\/es\/wp-content\/uploads\/2023\/05\/01-2.jpg\",\"datePublished\":\"2023-05-20T05:32:52+00:00\",\"dateModified\":\"2023-05-20T05:32:52+00:00\",\"author\":{\"@id\":\"https:\/\/newsmediadirectories.com\/es\/#\/schema\/person\/d936c9a5f74cd01c7ff4e2b559363063\"},\"inLanguage\":\"es\",\"potentialAction\":[{\"@type\":\"ReadAction\",\"target\":[\"https:\/\/newsmediadirectories.com\/es\/la-importancia-de-gramatica-en-la-comunicacion-efectiva\/\"]}]},{\"@type\":\"ImageObject\",\"inLanguage\":\"es\",\"@id\":\"https:\/\/newsmediadirectories.com\/es\/la-importancia-de-gramatica-en-la-comunicacion-efectiva\/#primaryimage\",\"url\":\"https:\/\/newsmediadirectories.com\/es\/wp-content\/uploads\/2023\/05\/01-2.jpg\",\"contentUrl\":\"https:\/\/newsmediadirectories.com\/es\/wp-content\/uploads\/2023\/05\/01-2.jpg\",\"width\":1100,\"height\":778},{\"@type\":\"WebSite\",\"@id\":\"https:\/\/newsmediadirectories.com\/es\/#website\",\"url\":\"https:\/\/newsmediadirectories.com\/es\/\",\"name\":\"News Media Directories - Noticias Online\",\"description\":\"News Media Directories - Noticias Online\",\"potentialAction\":[{\"@type\":\"SearchAction\",\"target\":{\"@type\":\"EntryPoint\",\"urlTemplate\":\"https:\/\/newsmediadirectories.com\/es\/?s={search_term_string}\"},\"query-input\":{\"@type\":\"PropertyValueSpecification\",\"valueRequired\":true,\"valueName\":\"search_term_string\"}}],\"inLanguage\":\"es\"},{\"@type\":\"Person\",\"@id\":\"https:\/\/newsmediadirectories.com\/es\/#\/schema\/person\/d936c9a5f74cd01c7ff4e2b559363063\",\"name\":\"Valeria Catillo\",\"image\":{\"@type\":\"ImageObject\",\"inLanguage\":\"es\",\"@id\":\"https:\/\/newsmediadirectories.com\/es\/#\/schema\/person\/image\/\",\"url\":\"https:\/\/secure.gravatar.com\/avatar\/1b6716d8318da7cd8a049a1c7b480328?s=96&d=mm&r=g\",\"contentUrl\":\"https:\/\/secure.gravatar.com\/avatar\/1b6716d8318da7cd8a049a1c7b480328?s=96&d=mm&r=g\",\"caption\":\"Valeria Catillo\"},\"sameAs\":[\"https:\/\/newsmediadirectories.com\/es\"]}]}<\/script>\n<!-- \/ Yoast SEO plugin. -->","yoast_head_json":{"title":"La importancia de Gram\u00e1tica en la comunicaci\u00f3n efectiva","robots":{"index":"index","follow":"follow","max-snippet":"max-snippet:-1","max-image-preview":"max-image-preview:large","max-video-preview":"max-video-preview:-1"},"canonical":"https:\/\/newsmediadirectories.com\/es\/la-importancia-de-gramatica-en-la-comunicacion-efectiva\/","og_locale":"es_ES","og_type":"article","og_title":"La importancia de Gram\u00e1tica en la comunicaci\u00f3n efectiva","og_description":"En la sociedad actual, la comunicaci\u00f3n efectiva es un aspecto clave para lograr el \u00e9xito en cualquier \u00e1mbito profesional y personal. Una buena habilidad comunicativa puede abrir puertas y crear oportunidades, mientras que una habilidad deficiente puede limitar las posibilidades de crecimiento y desarrollo. La gram\u00e1tica, en este sentido, juega un papel fundamental en la [&hellip;]","og_url":"https:\/\/newsmediadirectories.com\/es\/la-importancia-de-gramatica-en-la-comunicacion-efectiva\/","og_site_name":"News Media Directories - Noticias Online","article_published_time":"2023-05-20T05:32:52+00:00","og_image":[{"width":1100,"height":778,"url":"https:\/\/newsmediadirectories.com\/es\/wp-content\/uploads\/2023\/05\/01-2.jpg","type":"image\/jpeg"}],"author":"Valeria Catillo","twitter_card":"summary_large_image","twitter_misc":{"Escrito por":"Valeria Catillo","Tiempo de lectura":"2 minutos"},"schema":{"@context":"https:\/\/schema.org","@graph":[{"@type":"WebPage","@id":"https:\/\/newsmediadirectories.com\/es\/la-importancia-de-gramatica-en-la-comunicacion-efectiva\/","url":"https:\/\/newsmediadirectories.com\/es\/la-importancia-de-gramatica-en-la-comunicacion-efectiva\/","name":"La importancia de Gram\u00e1tica en la comunicaci\u00f3n efectiva","isPartOf":{"@id":"https:\/\/newsmediadirectories.com\/es\/#website"},"primaryImageOfPage":{"@id":"https:\/\/newsmediadirectories.com\/es\/la-importancia-de-gramatica-en-la-comunicacion-efectiva\/#primaryimage"},"image":{"@id":"https:\/\/newsmediadirectories.com\/es\/la-importancia-de-gramatica-en-la-comunicacion-efectiva\/#primaryimage"},"thumbnailUrl":"https:\/\/newsmediadirectories.com\/es\/wp-content\/uploads\/2023\/05\/01-2.jpg","datePublished":"2023-05-20T05:32:52+00:00","dateModified":"2023-05-20T05:32:52+00:00","author":{"@id":"https:\/\/newsmediadirectories.com\/es\/#\/schema\/person\/d936c9a5f74cd01c7ff4e2b559363063"},"inLanguage":"es","potentialAction":[{"@type":"ReadAction","target":["https:\/\/newsmediadirectories.com\/es\/la-importancia-de-gramatica-en-la-comunicacion-efectiva\/"]}]},{"@type":"ImageObject","inLanguage":"es","@id":"https:\/\/newsmediadirectories.com\/es\/la-importancia-de-gramatica-en-la-comunicacion-efectiva\/#primaryimage","url":"https:\/\/newsmediadirectories.com\/es\/wp-content\/uploads\/2023\/05\/01-2.jpg","contentUrl":"https:\/\/newsmediadirectories.com\/es\/wp-content\/uploads\/2023\/05\/01-2.jpg","width":1100,"height":778},{"@type":"WebSite","@id":"https:\/\/newsmediadirectories.com\/es\/#website","url":"https:\/\/newsmediadirectories.com\/es\/","name":"News Media Directories - Noticias Online","description":"News Media Directories - Noticias Online","potentialAction":[{"@type":"SearchAction","target":{"@type":"EntryPoint","urlTemplate":"https:\/\/newsmediadirectories.com\/es\/?s={search_term_string}"},"query-input":{"@type":"PropertyValueSpecification","valueRequired":true,"valueName":"search_term_string"}}],"inLanguage":"es"},{"@type":"Person","@id":"https:\/\/newsmediadirectories.com\/es\/#\/schema\/person\/d936c9a5f74cd01c7ff4e2b559363063","name":"Valeria Catillo","image":{"@type":"ImageObject","inLanguage":"es","@id":"https:\/\/newsmediadirectories.com\/es\/#\/schema\/person\/image\/","url":"https:\/\/secure.gravatar.com\/avatar\/1b6716d8318da7cd8a049a1c7b480328?s=96&d=mm&r=g","contentUrl":"https:\/\/secure.gravatar.com\/avatar\/1b6716d8318da7cd8a049a1c7b480328?s=96&d=mm&r=g","caption":"Valeria Catillo"},"sameAs":["https:\/\/newsmediadirectories.com\/es"]}]}},"_links":{"self":[{"href":"https:\/\/newsmediadirectories.com\/es\/wp-json\/wp\/v2\/posts\/4305"}],"collection":[{"href":"https:\/\/newsmediadirectories.com\/es\/wp-json\/wp\/v2\/posts"}],"about":[{"href":"https:\/\/newsmediadirectories.com\/es\/wp-json\/wp\/v2\/types\/post"}],"author":[{"embeddable":true,"href":"https:\/\/newsmediadirectories.com\/es\/wp-json\/wp\/v2\/users\/1"}],"replies":[{"embeddable":true,"href":"https:\/\/newsmediadirectories.com\/es\/wp-json\/wp\/v2\/comments?post=4305"}],"version-history":[{"count":0,"href":"https:\/\/newsmediadirectories.com\/es\/wp-json\/wp\/v2\/posts\/4305\/revisions"}],"wp:featuredmedia":[{"embeddable":true,"href":"https:\/\/newsmediadirectories.com\/es\/wp-json\/wp\/v2\/media\/3802"}],"wp:attachment":[{"href":"https:\/\/newsmediadirectories.com\/es\/wp-json\/wp\/v2\/media?parent=4305"}],"wp:term":[{"taxonomy":"category","embeddable":true,"href":"https:\/\/newsmediadirectories.com\/es\/wp-json\/wp\/v2\/categories?post=4305"},{"taxonomy":"post_tag","embeddable":true,"href":"https:\/\/newsmediadirectories.com\/es\/wp-json\/wp\/v2\/tags?post=4305"},{"taxonomy":"wf_post_folders","embeddable":true,"href":"https:\/\/newsmediadirectories.com\/es\/wp-json\/wp\/v2\/wf_post_folders?post=4305"}],"curies":[{"name":"wp","href":"https:\/\/api.w.org\/{rel}","templated":true}]}}