{"id":4301,"date":"2023-05-20T05:32:53","date_gmt":"2023-05-20T05:32:53","guid":{"rendered":"https:\/\/newsmediadirectories.com\/es\/el-desarrollo-social-es-la-clave-del-progreso-humano-2\/"},"modified":"2023-05-20T05:32:53","modified_gmt":"2023-05-20T05:32:53","slug":"el-desarrollo-social-es-la-clave-del-progreso-humano-2","status":"publish","type":"post","link":"https:\/\/newsmediadirectories.com\/es\/el-desarrollo-social-es-la-clave-del-progreso-humano-2\/","title":{"rendered":"El desarrollo social es la clave del progreso humano"},"content":{"rendered":"<p>El desarrollo social es uno de los pilares fundamentales que impulsan el progreso humano en las sociedades modernas. Es un aspecto clave que permite mejorar la calidad de vida de las personas, as\u00ed como la inclusi\u00f3n social y la igualdad de oportunidades.<\/p>\n<p>En este sentido, es importante destacar que el desarrollo social no solo se centra en la creaci\u00f3n de pol\u00edticas p\u00fablicas que fomenten el bienestar social, sino que tambi\u00e9n se enfoca en la participaci\u00f3n activa de la sociedad en la toma de decisiones y el desarrollo de proyectos comunitarios que fortalezcan la cohesi\u00f3n social.<\/p>\n<p>El desarrollo social tambi\u00e9n fomenta la educaci\u00f3n y la formaci\u00f3n de las personas, lo cual es esencial para el desarrollo econ\u00f3mico y la competitividad de los pa\u00edses. La inversi\u00f3n en educaci\u00f3n y formaci\u00f3n de la poblaci\u00f3n es una de las estrategias m\u00e1s efectivas para promover el crecimiento econ\u00f3mico y la creaci\u00f3n de empleo.<\/p>\n<p>Adem\u00e1s, cuando se aborda de manera efectiva el desarrollo social, se contribuye a reducir la pobreza, la desigualdad y la exclusi\u00f3n social. Los pa\u00edses donde se han llevado a cabo pol\u00edticas sociales exitosas han conseguido mejorar significativamente las condiciones de vida de las personas m\u00e1s vulnerables.<\/p>\n<p>En conclusi\u00f3n, el desarrollo social es la clave del progreso humano en todas las sociedades modernas. Es indispensable trabajar en pol\u00edticas p\u00fablicas que tengan como objetivo mejorar la calidad de vida de las personas, fomentar la inclusi\u00f3n social y la igualdad de oportunidades. Pero tambi\u00e9n es fundamental la participaci\u00f3n activa de la sociedad en la toma de decisiones y el desarrollo de proyectos comunitarios que fortalezcan la cohesi\u00f3n social. La educaci\u00f3n y la formaci\u00f3n de las personas son estrategias clave para mejorar la competitividad econ\u00f3mica y contribuir a reducir la pobreza, la desigualdad y la exclusi\u00f3n social.<\/p>\n<p>Nota express publicada por <a href=\"https:\/\/mediastarpress.com\/\" target=\"_blank\" rel=\"noopener\">MediaStar | Agencia de Medios<\/a>.<\/p>\n","protected":false},"excerpt":{"rendered":"<p>El desarrollo social es uno de los pilares fundamentales que impulsan el progreso humano en las sociedades modernas. Es un aspecto clave que permite mejorar la calidad de vida de las personas, as\u00ed como la inclusi\u00f3n social y la igualdad de oportunidades. En este sentido, es importante destacar que el desarrollo social no solo se [&hellip;]<\/p>\n","protected":false},"author":1,"featured_media":3551,"comment_status":"open","ping_status":"open","sticky":false,"template":"","format":"standard","meta":{"inline_featured_image":false,"footnotes":""},"categories":[38],"tags":[],"wf_post_folders":[],"class_list":{"0":"post-4301","1":"post","2":"type-post","3":"status-publish","4":"format-standard","5":"has-post-thumbnail","7":"category-fast-news"},"yoast_head":"<!-- This site is optimized with the Yoast SEO plugin v24.1 - https:\/\/yoast.com\/wordpress\/plugins\/seo\/ -->\n<title>El desarrollo social es la clave del progreso humano<\/title>\n<meta name=\"robots\" content=\"index, follow, max-snippet:-1, max-image-preview:large, max-video-preview:-1\" \/>\n<link rel=\"canonical\" href=\"https:\/\/newsmediadirectories.com\/es\/el-desarrollo-social-es-la-clave-del-progreso-humano-2\/\" \/>\n<meta property=\"og:locale\" content=\"es_ES\" \/>\n<meta property=\"og:type\" content=\"article\" \/>\n<meta property=\"og:title\" content=\"El desarrollo social es la clave del progreso humano\" \/>\n<meta property=\"og:description\" content=\"El desarrollo social es uno de los pilares fundamentales que impulsan el progreso humano en las sociedades modernas. Es un aspecto clave que permite mejorar la calidad de vida de las personas, as\u00ed como la inclusi\u00f3n social y la igualdad de oportunidades. En este sentido, es importante destacar que el desarrollo social no solo se [&hellip;]\" \/>\n<meta property=\"og:url\" content=\"https:\/\/newsmediadirectories.com\/es\/el-desarrollo-social-es-la-clave-del-progreso-humano-2\/\" \/>\n<meta property=\"og:site_name\" content=\"News Media Directories - Noticias Online\" \/>\n<meta property=\"article:published_time\" content=\"2023-05-20T05:32:53+00:00\" \/>\n<meta property=\"og:image\" content=\"https:\/\/newsmediadirectories.com\/es\/wp-content\/uploads\/2023\/05\/0-221.jpg\" \/>\n\t<meta property=\"og:image:width\" content=\"1100\" \/>\n\t<meta property=\"og:image:height\" content=\"619\" \/>\n\t<meta property=\"og:image:type\" content=\"image\/jpeg\" \/>\n<meta name=\"author\" content=\"Valeria Catillo\" \/>\n<meta name=\"twitter:card\" content=\"summary_large_image\" \/>\n<meta name=\"twitter:label1\" content=\"Escrito por\" \/>\n\t<meta name=\"twitter:data1\" content=\"Valeria Catillo\" \/>\n\t<meta name=\"twitter:label2\" content=\"Tiempo de lectura\" \/>\n\t<meta name=\"twitter:data2\" content=\"2 minutos\" \/>\n<script type=\"application\/ld+json\" class=\"yoast-schema-graph\">{\"@context\":\"https:\/\/schema.org\",\"@graph\":[{\"@type\":\"WebPage\",\"@id\":\"https:\/\/newsmediadirectories.com\/es\/el-desarrollo-social-es-la-clave-del-progreso-humano-2\/\",\"url\":\"https:\/\/newsmediadirectories.com\/es\/el-desarrollo-social-es-la-clave-del-progreso-humano-2\/\",\"name\":\"El desarrollo social es la clave del progreso humano\",\"isPartOf\":{\"@id\":\"https:\/\/newsmediadirectories.com\/es\/#website\"},\"primaryImageOfPage\":{\"@id\":\"https:\/\/newsmediadirectories.com\/es\/el-desarrollo-social-es-la-clave-del-progreso-humano-2\/#primaryimage\"},\"image\":{\"@id\":\"https:\/\/newsmediadirectories.com\/es\/el-desarrollo-social-es-la-clave-del-progreso-humano-2\/#primaryimage\"},\"thumbnailUrl\":\"https:\/\/newsmediadirectories.com\/es\/wp-content\/uploads\/2023\/05\/0-221.jpg\",\"datePublished\":\"2023-05-20T05:32:53+00:00\",\"dateModified\":\"2023-05-20T05:32:53+00:00\",\"author\":{\"@id\":\"https:\/\/newsmediadirectories.com\/es\/#\/schema\/person\/d936c9a5f74cd01c7ff4e2b559363063\"},\"inLanguage\":\"es\",\"potentialAction\":[{\"@type\":\"ReadAction\",\"target\":[\"https:\/\/newsmediadirectories.com\/es\/el-desarrollo-social-es-la-clave-del-progreso-humano-2\/\"]}]},{\"@type\":\"ImageObject\",\"inLanguage\":\"es\",\"@id\":\"https:\/\/newsmediadirectories.com\/es\/el-desarrollo-social-es-la-clave-del-progreso-humano-2\/#primaryimage\",\"url\":\"https:\/\/newsmediadirectories.com\/es\/wp-content\/uploads\/2023\/05\/0-221.jpg\",\"contentUrl\":\"https:\/\/newsmediadirectories.com\/es\/wp-content\/uploads\/2023\/05\/0-221.jpg\",\"width\":1100,\"height\":619},{\"@type\":\"WebSite\",\"@id\":\"https:\/\/newsmediadirectories.com\/es\/#website\",\"url\":\"https:\/\/newsmediadirectories.com\/es\/\",\"name\":\"News Media Directories - Noticias Online\",\"description\":\"News Media Directories - Noticias Online\",\"potentialAction\":[{\"@type\":\"SearchAction\",\"target\":{\"@type\":\"EntryPoint\",\"urlTemplate\":\"https:\/\/newsmediadirectories.com\/es\/?s={search_term_string}\"},\"query-input\":{\"@type\":\"PropertyValueSpecification\",\"valueRequired\":true,\"valueName\":\"search_term_string\"}}],\"inLanguage\":\"es\"},{\"@type\":\"Person\",\"@id\":\"https:\/\/newsmediadirectories.com\/es\/#\/schema\/person\/d936c9a5f74cd01c7ff4e2b559363063\",\"name\":\"Valeria Catillo\",\"image\":{\"@type\":\"ImageObject\",\"inLanguage\":\"es\",\"@id\":\"https:\/\/newsmediadirectories.com\/es\/#\/schema\/person\/image\/\",\"url\":\"https:\/\/secure.gravatar.com\/avatar\/1b6716d8318da7cd8a049a1c7b480328?s=96&d=mm&r=g\",\"contentUrl\":\"https:\/\/secure.gravatar.com\/avatar\/1b6716d8318da7cd8a049a1c7b480328?s=96&d=mm&r=g\",\"caption\":\"Valeria Catillo\"},\"sameAs\":[\"https:\/\/newsmediadirectories.com\/es\"]}]}<\/script>\n<!-- \/ Yoast SEO plugin. -->","yoast_head_json":{"title":"El desarrollo social es la clave del progreso humano","robots":{"index":"index","follow":"follow","max-snippet":"max-snippet:-1","max-image-preview":"max-image-preview:large","max-video-preview":"max-video-preview:-1"},"canonical":"https:\/\/newsmediadirectories.com\/es\/el-desarrollo-social-es-la-clave-del-progreso-humano-2\/","og_locale":"es_ES","og_type":"article","og_title":"El desarrollo social es la clave del progreso humano","og_description":"El desarrollo social es uno de los pilares fundamentales que impulsan el progreso humano en las sociedades modernas. Es un aspecto clave que permite mejorar la calidad de vida de las personas, as\u00ed como la inclusi\u00f3n social y la igualdad de oportunidades. En este sentido, es importante destacar que el desarrollo social no solo se [&hellip;]","og_url":"https:\/\/newsmediadirectories.com\/es\/el-desarrollo-social-es-la-clave-del-progreso-humano-2\/","og_site_name":"News Media Directories - Noticias Online","article_published_time":"2023-05-20T05:32:53+00:00","og_image":[{"width":1100,"height":619,"url":"https:\/\/newsmediadirectories.com\/es\/wp-content\/uploads\/2023\/05\/0-221.jpg","type":"image\/jpeg"}],"author":"Valeria Catillo","twitter_card":"summary_large_image","twitter_misc":{"Escrito por":"Valeria Catillo","Tiempo de lectura":"2 minutos"},"schema":{"@context":"https:\/\/schema.org","@graph":[{"@type":"WebPage","@id":"https:\/\/newsmediadirectories.com\/es\/el-desarrollo-social-es-la-clave-del-progreso-humano-2\/","url":"https:\/\/newsmediadirectories.com\/es\/el-desarrollo-social-es-la-clave-del-progreso-humano-2\/","name":"El desarrollo social es la clave del progreso humano","isPartOf":{"@id":"https:\/\/newsmediadirectories.com\/es\/#website"},"primaryImageOfPage":{"@id":"https:\/\/newsmediadirectories.com\/es\/el-desarrollo-social-es-la-clave-del-progreso-humano-2\/#primaryimage"},"image":{"@id":"https:\/\/newsmediadirectories.com\/es\/el-desarrollo-social-es-la-clave-del-progreso-humano-2\/#primaryimage"},"thumbnailUrl":"https:\/\/newsmediadirectories.com\/es\/wp-content\/uploads\/2023\/05\/0-221.jpg","datePublished":"2023-05-20T05:32:53+00:00","dateModified":"2023-05-20T05:32:53+00:00","author":{"@id":"https:\/\/newsmediadirectories.com\/es\/#\/schema\/person\/d936c9a5f74cd01c7ff4e2b559363063"},"inLanguage":"es","potentialAction":[{"@type":"ReadAction","target":["https:\/\/newsmediadirectories.com\/es\/el-desarrollo-social-es-la-clave-del-progreso-humano-2\/"]}]},{"@type":"ImageObject","inLanguage":"es","@id":"https:\/\/newsmediadirectories.com\/es\/el-desarrollo-social-es-la-clave-del-progreso-humano-2\/#primaryimage","url":"https:\/\/newsmediadirectories.com\/es\/wp-content\/uploads\/2023\/05\/0-221.jpg","contentUrl":"https:\/\/newsmediadirectories.com\/es\/wp-content\/uploads\/2023\/05\/0-221.jpg","width":1100,"height":619},{"@type":"WebSite","@id":"https:\/\/newsmediadirectories.com\/es\/#website","url":"https:\/\/newsmediadirectories.com\/es\/","name":"News Media Directories - Noticias Online","description":"News Media Directories - Noticias Online","potentialAction":[{"@type":"SearchAction","target":{"@type":"EntryPoint","urlTemplate":"https:\/\/newsmediadirectories.com\/es\/?s={search_term_string}"},"query-input":{"@type":"PropertyValueSpecification","valueRequired":true,"valueName":"search_term_string"}}],"inLanguage":"es"},{"@type":"Person","@id":"https:\/\/newsmediadirectories.com\/es\/#\/schema\/person\/d936c9a5f74cd01c7ff4e2b559363063","name":"Valeria Catillo","image":{"@type":"ImageObject","inLanguage":"es","@id":"https:\/\/newsmediadirectories.com\/es\/#\/schema\/person\/image\/","url":"https:\/\/secure.gravatar.com\/avatar\/1b6716d8318da7cd8a049a1c7b480328?s=96&d=mm&r=g","contentUrl":"https:\/\/secure.gravatar.com\/avatar\/1b6716d8318da7cd8a049a1c7b480328?s=96&d=mm&r=g","caption":"Valeria Catillo"},"sameAs":["https:\/\/newsmediadirectories.com\/es"]}]}},"_links":{"self":[{"href":"https:\/\/newsmediadirectories.com\/es\/wp-json\/wp\/v2\/posts\/4301"}],"collection":[{"href":"https:\/\/newsmediadirectories.com\/es\/wp-json\/wp\/v2\/posts"}],"about":[{"href":"https:\/\/newsmediadirectories.com\/es\/wp-json\/wp\/v2\/types\/post"}],"author":[{"embeddable":true,"href":"https:\/\/newsmediadirectories.com\/es\/wp-json\/wp\/v2\/users\/1"}],"replies":[{"embeddable":true,"href":"https:\/\/newsmediadirectories.com\/es\/wp-json\/wp\/v2\/comments?post=4301"}],"version-history":[{"count":0,"href":"https:\/\/newsmediadirectories.com\/es\/wp-json\/wp\/v2\/posts\/4301\/revisions"}],"wp:featuredmedia":[{"embeddable":true,"href":"https:\/\/newsmediadirectories.com\/es\/wp-json\/wp\/v2\/media\/3551"}],"wp:attachment":[{"href":"https:\/\/newsmediadirectories.com\/es\/wp-json\/wp\/v2\/media?parent=4301"}],"wp:term":[{"taxonomy":"category","embeddable":true,"href":"https:\/\/newsmediadirectories.com\/es\/wp-json\/wp\/v2\/categories?post=4301"},{"taxonomy":"post_tag","embeddable":true,"href":"https:\/\/newsmediadirectories.com\/es\/wp-json\/wp\/v2\/tags?post=4301"},{"taxonomy":"wf_post_folders","embeddable":true,"href":"https:\/\/newsmediadirectories.com\/es\/wp-json\/wp\/v2\/wf_post_folders?post=4301"}],"curies":[{"name":"wp","href":"https:\/\/api.w.org\/{rel}","templated":true}]}}