{"id":4282,"date":"2023-05-28T07:45:15","date_gmt":"2023-05-28T07:45:15","guid":{"rendered":"https:\/\/newsmediadirectories.com\/es\/el-internacional-impacta-al-mundo-con-su-victoria-historica-2\/"},"modified":"2023-05-28T07:45:15","modified_gmt":"2023-05-28T07:45:15","slug":"el-internacional-impacta-al-mundo-con-su-victoria-historica-2","status":"publish","type":"post","link":"https:\/\/newsmediadirectories.com\/es\/el-internacional-impacta-al-mundo-con-su-victoria-historica-2\/","title":{"rendered":"\u00a1El Internacional impacta al mundo con su victoria hist\u00f3rica!"},"content":{"rendered":"<p>El equipo de f\u00fatbol El Internacional ha dejado una huella indeleble en la historia del deporte y ha hecho sentir su presencia en todo el mundo con su victoria hist\u00f3rica.<\/p>\n<p>El partido, que se jug\u00f3 frente a un p\u00fablico entregado, fue un verdadero espect\u00e1culo de habilidad, estrategia y determinaci\u00f3n. Los jugadores de El Internacional demostraron una vez m\u00e1s por qu\u00e9 son considerados uno de los equipos m\u00e1s talentosos del mundo, y c\u00f3mo su dedicaci\u00f3n y trabajo duro han dado lugar a un logro sin precedentes.<\/p>\n<p>No se puede negar que el impacto de la victoria de El Internacional ha sido medi\u00e1tico y ha generado una gran cantidad de comentarios y elogios en todo el mundo. La noticia ha sido compartida en todas las redes sociales, y los seguidores del equipo se han desbordado en mensajes de felicitaci\u00f3n y apoyo.<\/p>\n<p>Pero m\u00e1s all\u00e1 del seguimiento y la atenci\u00f3n que ha despertado este logro, es importante destacar el valor que tiene para la comunidad deportiva, para los aficionados y para la sociedad en general. La victoria de El Internacional es una demostraci\u00f3n de la importancia que tiene la dedicaci\u00f3n, el esfuerzo y la pasi\u00f3n en el mundo del deporte, pero tambi\u00e9n en la vida.<\/p>\n<p>En este sentido, hay que reconocer la labor de los entrenadores y del conjunto del equipo, quienes han logrado llevar a cabo un trabajo ejemplar y han conseguido inculcar valores como el compa\u00f1erismo, el esfuerzo y la superaci\u00f3n personal y colectiva en sus jugadores.<\/p>\n<p>Sin duda, la victoria de El Internacional ha sido algo m\u00e1s que un simple partido de f\u00fatbol. Ha sido un triunfo que ha impactado al mundo y ha demostrado que, cuando se trabaja con dedicaci\u00f3n y pasi\u00f3n, se pueden conseguir grandes cosas.<\/p>\n<p>Nota express publicada por <a href=\"https:\/\/mediastarpress.com\/\" target=\"_blank\" rel=\"noopener\">MediaStar | Agencia de Medios<\/a>.<\/p>\n","protected":false},"excerpt":{"rendered":"<p>El equipo de f\u00fatbol El Internacional ha dejado una huella indeleble en la historia del deporte y ha hecho sentir su presencia en todo el mundo con su victoria hist\u00f3rica. El partido, que se jug\u00f3 frente a un p\u00fablico entregado, fue un verdadero espect\u00e1culo de habilidad, estrategia y determinaci\u00f3n. Los jugadores de El Internacional demostraron [&hellip;]<\/p>\n","protected":false},"author":1,"featured_media":3466,"comment_status":"open","ping_status":"open","sticky":false,"template":"","format":"standard","meta":{"inline_featured_image":false,"footnotes":""},"categories":[1],"tags":[],"wf_post_folders":[],"class_list":{"0":"post-4282","1":"post","2":"type-post","3":"status-publish","4":"format-standard","5":"has-post-thumbnail","7":"category-noticias"},"yoast_head":"<!-- This site is optimized with the Yoast SEO plugin v24.1 - https:\/\/yoast.com\/wordpress\/plugins\/seo\/ -->\n<title>\u00a1El Internacional impacta al mundo con su victoria hist\u00f3rica!<\/title>\n<meta name=\"robots\" content=\"index, follow, max-snippet:-1, max-image-preview:large, max-video-preview:-1\" \/>\n<link rel=\"canonical\" href=\"https:\/\/newsmediadirectories.com\/es\/el-internacional-impacta-al-mundo-con-su-victoria-historica-2\/\" \/>\n<meta property=\"og:locale\" content=\"es_ES\" \/>\n<meta property=\"og:type\" content=\"article\" \/>\n<meta property=\"og:title\" content=\"\u00a1El Internacional impacta al mundo con su victoria hist\u00f3rica!\" \/>\n<meta property=\"og:description\" content=\"El equipo de f\u00fatbol El Internacional ha dejado una huella indeleble en la historia del deporte y ha hecho sentir su presencia en todo el mundo con su victoria hist\u00f3rica. El partido, que se jug\u00f3 frente a un p\u00fablico entregado, fue un verdadero espect\u00e1culo de habilidad, estrategia y determinaci\u00f3n. Los jugadores de El Internacional demostraron [&hellip;]\" \/>\n<meta property=\"og:url\" content=\"https:\/\/newsmediadirectories.com\/es\/el-internacional-impacta-al-mundo-con-su-victoria-historica-2\/\" \/>\n<meta property=\"og:site_name\" content=\"News Media Directories - Noticias Online\" \/>\n<meta property=\"article:published_time\" content=\"2023-05-28T07:45:15+00:00\" \/>\n<meta property=\"og:image\" content=\"https:\/\/newsmediadirectories.com\/es\/wp-content\/uploads\/2023\/05\/01-92.jpg\" \/>\n\t<meta property=\"og:image:width\" content=\"1100\" \/>\n\t<meta property=\"og:image:height\" content=\"489\" \/>\n\t<meta property=\"og:image:type\" content=\"image\/jpeg\" \/>\n<meta name=\"author\" content=\"Valeria Catillo\" \/>\n<meta name=\"twitter:card\" content=\"summary_large_image\" \/>\n<meta name=\"twitter:label1\" content=\"Escrito por\" \/>\n\t<meta name=\"twitter:data1\" content=\"Valeria Catillo\" \/>\n\t<meta name=\"twitter:label2\" content=\"Tiempo de lectura\" \/>\n\t<meta name=\"twitter:data2\" content=\"2 minutos\" \/>\n<script type=\"application\/ld+json\" class=\"yoast-schema-graph\">{\"@context\":\"https:\/\/schema.org\",\"@graph\":[{\"@type\":\"WebPage\",\"@id\":\"https:\/\/newsmediadirectories.com\/es\/el-internacional-impacta-al-mundo-con-su-victoria-historica-2\/\",\"url\":\"https:\/\/newsmediadirectories.com\/es\/el-internacional-impacta-al-mundo-con-su-victoria-historica-2\/\",\"name\":\"\u00a1El Internacional impacta al mundo con su victoria hist\u00f3rica!\",\"isPartOf\":{\"@id\":\"https:\/\/newsmediadirectories.com\/es\/#website\"},\"primaryImageOfPage\":{\"@id\":\"https:\/\/newsmediadirectories.com\/es\/el-internacional-impacta-al-mundo-con-su-victoria-historica-2\/#primaryimage\"},\"image\":{\"@id\":\"https:\/\/newsmediadirectories.com\/es\/el-internacional-impacta-al-mundo-con-su-victoria-historica-2\/#primaryimage\"},\"thumbnailUrl\":\"https:\/\/newsmediadirectories.com\/es\/wp-content\/uploads\/2023\/05\/01-92.jpg\",\"datePublished\":\"2023-05-28T07:45:15+00:00\",\"dateModified\":\"2023-05-28T07:45:15+00:00\",\"author\":{\"@id\":\"https:\/\/newsmediadirectories.com\/es\/#\/schema\/person\/d936c9a5f74cd01c7ff4e2b559363063\"},\"inLanguage\":\"es\",\"potentialAction\":[{\"@type\":\"ReadAction\",\"target\":[\"https:\/\/newsmediadirectories.com\/es\/el-internacional-impacta-al-mundo-con-su-victoria-historica-2\/\"]}]},{\"@type\":\"ImageObject\",\"inLanguage\":\"es\",\"@id\":\"https:\/\/newsmediadirectories.com\/es\/el-internacional-impacta-al-mundo-con-su-victoria-historica-2\/#primaryimage\",\"url\":\"https:\/\/newsmediadirectories.com\/es\/wp-content\/uploads\/2023\/05\/01-92.jpg\",\"contentUrl\":\"https:\/\/newsmediadirectories.com\/es\/wp-content\/uploads\/2023\/05\/01-92.jpg\",\"width\":1100,\"height\":489},{\"@type\":\"WebSite\",\"@id\":\"https:\/\/newsmediadirectories.com\/es\/#website\",\"url\":\"https:\/\/newsmediadirectories.com\/es\/\",\"name\":\"News Media Directories - Noticias Online\",\"description\":\"News Media Directories - Noticias Online\",\"potentialAction\":[{\"@type\":\"SearchAction\",\"target\":{\"@type\":\"EntryPoint\",\"urlTemplate\":\"https:\/\/newsmediadirectories.com\/es\/?s={search_term_string}\"},\"query-input\":{\"@type\":\"PropertyValueSpecification\",\"valueRequired\":true,\"valueName\":\"search_term_string\"}}],\"inLanguage\":\"es\"},{\"@type\":\"Person\",\"@id\":\"https:\/\/newsmediadirectories.com\/es\/#\/schema\/person\/d936c9a5f74cd01c7ff4e2b559363063\",\"name\":\"Valeria Catillo\",\"image\":{\"@type\":\"ImageObject\",\"inLanguage\":\"es\",\"@id\":\"https:\/\/newsmediadirectories.com\/es\/#\/schema\/person\/image\/\",\"url\":\"https:\/\/secure.gravatar.com\/avatar\/1b6716d8318da7cd8a049a1c7b480328?s=96&d=mm&r=g\",\"contentUrl\":\"https:\/\/secure.gravatar.com\/avatar\/1b6716d8318da7cd8a049a1c7b480328?s=96&d=mm&r=g\",\"caption\":\"Valeria Catillo\"},\"sameAs\":[\"https:\/\/newsmediadirectories.com\/es\"]}]}<\/script>\n<!-- \/ Yoast SEO plugin. -->","yoast_head_json":{"title":"\u00a1El Internacional impacta al mundo con su victoria hist\u00f3rica!","robots":{"index":"index","follow":"follow","max-snippet":"max-snippet:-1","max-image-preview":"max-image-preview:large","max-video-preview":"max-video-preview:-1"},"canonical":"https:\/\/newsmediadirectories.com\/es\/el-internacional-impacta-al-mundo-con-su-victoria-historica-2\/","og_locale":"es_ES","og_type":"article","og_title":"\u00a1El Internacional impacta al mundo con su victoria hist\u00f3rica!","og_description":"El equipo de f\u00fatbol El Internacional ha dejado una huella indeleble en la historia del deporte y ha hecho sentir su presencia en todo el mundo con su victoria hist\u00f3rica. El partido, que se jug\u00f3 frente a un p\u00fablico entregado, fue un verdadero espect\u00e1culo de habilidad, estrategia y determinaci\u00f3n. Los jugadores de El Internacional demostraron [&hellip;]","og_url":"https:\/\/newsmediadirectories.com\/es\/el-internacional-impacta-al-mundo-con-su-victoria-historica-2\/","og_site_name":"News Media Directories - Noticias Online","article_published_time":"2023-05-28T07:45:15+00:00","og_image":[{"width":1100,"height":489,"url":"https:\/\/newsmediadirectories.com\/es\/wp-content\/uploads\/2023\/05\/01-92.jpg","type":"image\/jpeg"}],"author":"Valeria Catillo","twitter_card":"summary_large_image","twitter_misc":{"Escrito por":"Valeria Catillo","Tiempo de lectura":"2 minutos"},"schema":{"@context":"https:\/\/schema.org","@graph":[{"@type":"WebPage","@id":"https:\/\/newsmediadirectories.com\/es\/el-internacional-impacta-al-mundo-con-su-victoria-historica-2\/","url":"https:\/\/newsmediadirectories.com\/es\/el-internacional-impacta-al-mundo-con-su-victoria-historica-2\/","name":"\u00a1El Internacional impacta al mundo con su victoria hist\u00f3rica!","isPartOf":{"@id":"https:\/\/newsmediadirectories.com\/es\/#website"},"primaryImageOfPage":{"@id":"https:\/\/newsmediadirectories.com\/es\/el-internacional-impacta-al-mundo-con-su-victoria-historica-2\/#primaryimage"},"image":{"@id":"https:\/\/newsmediadirectories.com\/es\/el-internacional-impacta-al-mundo-con-su-victoria-historica-2\/#primaryimage"},"thumbnailUrl":"https:\/\/newsmediadirectories.com\/es\/wp-content\/uploads\/2023\/05\/01-92.jpg","datePublished":"2023-05-28T07:45:15+00:00","dateModified":"2023-05-28T07:45:15+00:00","author":{"@id":"https:\/\/newsmediadirectories.com\/es\/#\/schema\/person\/d936c9a5f74cd01c7ff4e2b559363063"},"inLanguage":"es","potentialAction":[{"@type":"ReadAction","target":["https:\/\/newsmediadirectories.com\/es\/el-internacional-impacta-al-mundo-con-su-victoria-historica-2\/"]}]},{"@type":"ImageObject","inLanguage":"es","@id":"https:\/\/newsmediadirectories.com\/es\/el-internacional-impacta-al-mundo-con-su-victoria-historica-2\/#primaryimage","url":"https:\/\/newsmediadirectories.com\/es\/wp-content\/uploads\/2023\/05\/01-92.jpg","contentUrl":"https:\/\/newsmediadirectories.com\/es\/wp-content\/uploads\/2023\/05\/01-92.jpg","width":1100,"height":489},{"@type":"WebSite","@id":"https:\/\/newsmediadirectories.com\/es\/#website","url":"https:\/\/newsmediadirectories.com\/es\/","name":"News Media Directories - Noticias Online","description":"News Media Directories - Noticias Online","potentialAction":[{"@type":"SearchAction","target":{"@type":"EntryPoint","urlTemplate":"https:\/\/newsmediadirectories.com\/es\/?s={search_term_string}"},"query-input":{"@type":"PropertyValueSpecification","valueRequired":true,"valueName":"search_term_string"}}],"inLanguage":"es"},{"@type":"Person","@id":"https:\/\/newsmediadirectories.com\/es\/#\/schema\/person\/d936c9a5f74cd01c7ff4e2b559363063","name":"Valeria Catillo","image":{"@type":"ImageObject","inLanguage":"es","@id":"https:\/\/newsmediadirectories.com\/es\/#\/schema\/person\/image\/","url":"https:\/\/secure.gravatar.com\/avatar\/1b6716d8318da7cd8a049a1c7b480328?s=96&d=mm&r=g","contentUrl":"https:\/\/secure.gravatar.com\/avatar\/1b6716d8318da7cd8a049a1c7b480328?s=96&d=mm&r=g","caption":"Valeria Catillo"},"sameAs":["https:\/\/newsmediadirectories.com\/es"]}]}},"_links":{"self":[{"href":"https:\/\/newsmediadirectories.com\/es\/wp-json\/wp\/v2\/posts\/4282"}],"collection":[{"href":"https:\/\/newsmediadirectories.com\/es\/wp-json\/wp\/v2\/posts"}],"about":[{"href":"https:\/\/newsmediadirectories.com\/es\/wp-json\/wp\/v2\/types\/post"}],"author":[{"embeddable":true,"href":"https:\/\/newsmediadirectories.com\/es\/wp-json\/wp\/v2\/users\/1"}],"replies":[{"embeddable":true,"href":"https:\/\/newsmediadirectories.com\/es\/wp-json\/wp\/v2\/comments?post=4282"}],"version-history":[{"count":0,"href":"https:\/\/newsmediadirectories.com\/es\/wp-json\/wp\/v2\/posts\/4282\/revisions"}],"wp:featuredmedia":[{"embeddable":true,"href":"https:\/\/newsmediadirectories.com\/es\/wp-json\/wp\/v2\/media\/3466"}],"wp:attachment":[{"href":"https:\/\/newsmediadirectories.com\/es\/wp-json\/wp\/v2\/media?parent=4282"}],"wp:term":[{"taxonomy":"category","embeddable":true,"href":"https:\/\/newsmediadirectories.com\/es\/wp-json\/wp\/v2\/categories?post=4282"},{"taxonomy":"post_tag","embeddable":true,"href":"https:\/\/newsmediadirectories.com\/es\/wp-json\/wp\/v2\/tags?post=4282"},{"taxonomy":"wf_post_folders","embeddable":true,"href":"https:\/\/newsmediadirectories.com\/es\/wp-json\/wp\/v2\/wf_post_folders?post=4282"}],"curies":[{"name":"wp","href":"https:\/\/api.w.org\/{rel}","templated":true}]}}