{"id":4271,"date":"2023-05-20T05:30:55","date_gmt":"2023-05-20T05:30:55","guid":{"rendered":"https:\/\/newsmediadirectories.com\/es\/no-dejes-que-te-quiten-lo-que-es-tuyo-lucha-contra-el-aumento-del-impuesto-sobre-la-renta\/"},"modified":"2023-05-20T05:30:55","modified_gmt":"2023-05-20T05:30:55","slug":"no-dejes-que-te-quiten-lo-que-es-tuyo-lucha-contra-el-aumento-del-impuesto-sobre-la-renta","status":"publish","type":"post","link":"https:\/\/newsmediadirectories.com\/es\/no-dejes-que-te-quiten-lo-que-es-tuyo-lucha-contra-el-aumento-del-impuesto-sobre-la-renta\/","title":{"rendered":"\u00a1No dejes que te quiten lo que es tuyo! \u00a1Lucha contra el aumento del Impuesto sobre la Renta!"},"content":{"rendered":"<p>En los \u00faltimos d\u00edas, ha surgido un gran debate en torno al aumento del Impuesto sobre la Renta en algunos pa\u00edses. Muchos ciudadanos se han manifestado en contra de esta medida, argumentando que no est\u00e1n dispuestos a permitir que se les quite lo que les pertenece.<\/p>\n<p>La situaci\u00f3n es especialmente delicada en los momentos actuales, en los que la crisis econ\u00f3mica ha golpeado con fuerza a una gran cantidad de personas. Desde este punto de vista, el aumento del Impuesto sobre la Renta podr\u00eda tener consecuencias muy negativas para muchos ciudadanos que ya est\u00e1n sufriendo las consecuencias de la crisis.<\/p>\n<p>Por otra parte, tambi\u00e9n hay voces que defienden el aumento del Impuesto sobre la Renta como una medida necesaria para financiar los servicios p\u00fablicos y mantener el bienestar social. Seg\u00fan ellos, es fundamental que todos los ciudadanos contribuyan de manera equitativa al sostenimiento del Estado.<\/p>\n<p>En este contexto, es fundamental que se produzca un debate p\u00fablico sobre el aumento del Impuesto sobre la Renta y se aborden todas las cuestiones con el rigor y la profundidad necesarios. Es necesario que todas las partes puedan expresar sus argumentos y que se analicen las consecuencias de las diferentes opciones.<\/p>\n<p>En \u00faltima instancia, la decisi\u00f3n final sobre el aumento del Impuesto sobre la Renta deber\u00e1 ser tomada por los representantes elegidos por los ciudadanos. Por eso, es fundamental que los ciudadanos participen activamente en la vida pol\u00edtica y ejerzan sus derechos y responsabilidades como ciudadanos.<\/p>\n<p>En definitiva, estamos ante un tema de gran importancia para el futuro de nuestras sociedades. Los ciudadanos no deben dejar que se les quite lo que es suyo y deben luchar por sus derechos y sus intereses. Al mismo tiempo, es fundamental que el debate se lleve a cabo de manera constructiva y con el objetivo de encontrar las mejores soluciones para todos.<\/p>\n<p>Nota express publicada por <a href=\"https:\/\/mediastarpress.com\/\" target=\"_blank\" rel=\"noopener\">MediaStar | Agencia de Medios<\/a>.<\/p>\n","protected":false},"excerpt":{"rendered":"<p>En los \u00faltimos d\u00edas, ha surgido un gran debate en torno al aumento del Impuesto sobre la Renta en algunos pa\u00edses. Muchos ciudadanos se han manifestado en contra de esta medida, argumentando que no est\u00e1n dispuestos a permitir que se les quite lo que les pertenece. La situaci\u00f3n es especialmente delicada en los momentos actuales, [&hellip;]<\/p>\n","protected":false},"author":1,"featured_media":3590,"comment_status":"open","ping_status":"open","sticky":false,"template":"","format":"standard","meta":{"inline_featured_image":false,"footnotes":""},"categories":[38],"tags":[],"wf_post_folders":[],"class_list":{"0":"post-4271","1":"post","2":"type-post","3":"status-publish","4":"format-standard","5":"has-post-thumbnail","7":"category-fast-news"},"yoast_head":"<!-- This site is optimized with the Yoast SEO plugin v24.1 - https:\/\/yoast.com\/wordpress\/plugins\/seo\/ -->\n<title>\u00a1No dejes que te quiten lo que es tuyo! \u00a1Lucha contra el aumento del Impuesto sobre la Renta!<\/title>\n<meta name=\"robots\" content=\"index, follow, max-snippet:-1, max-image-preview:large, max-video-preview:-1\" \/>\n<link rel=\"canonical\" href=\"https:\/\/newsmediadirectories.com\/es\/no-dejes-que-te-quiten-lo-que-es-tuyo-lucha-contra-el-aumento-del-impuesto-sobre-la-renta\/\" \/>\n<meta property=\"og:locale\" content=\"es_ES\" \/>\n<meta property=\"og:type\" content=\"article\" \/>\n<meta property=\"og:title\" content=\"\u00a1No dejes que te quiten lo que es tuyo! \u00a1Lucha contra el aumento del Impuesto sobre la Renta!\" \/>\n<meta property=\"og:description\" content=\"En los \u00faltimos d\u00edas, ha surgido un gran debate en torno al aumento del Impuesto sobre la Renta en algunos pa\u00edses. Muchos ciudadanos se han manifestado en contra de esta medida, argumentando que no est\u00e1n dispuestos a permitir que se les quite lo que les pertenece. La situaci\u00f3n es especialmente delicada en los momentos actuales, [&hellip;]\" \/>\n<meta property=\"og:url\" content=\"https:\/\/newsmediadirectories.com\/es\/no-dejes-que-te-quiten-lo-que-es-tuyo-lucha-contra-el-aumento-del-impuesto-sobre-la-renta\/\" \/>\n<meta property=\"og:site_name\" content=\"News Media Directories - Noticias Online\" \/>\n<meta property=\"article:published_time\" content=\"2023-05-20T05:30:55+00:00\" \/>\n<meta property=\"og:image\" content=\"https:\/\/newsmediadirectories.com\/es\/wp-content\/uploads\/2023\/05\/0-44.jpg\" \/>\n\t<meta property=\"og:image:width\" content=\"1100\" \/>\n\t<meta property=\"og:image:height\" content=\"619\" \/>\n\t<meta property=\"og:image:type\" content=\"image\/jpeg\" \/>\n<meta name=\"author\" content=\"Valeria Catillo\" \/>\n<meta name=\"twitter:card\" content=\"summary_large_image\" \/>\n<meta name=\"twitter:label1\" content=\"Escrito por\" \/>\n\t<meta name=\"twitter:data1\" content=\"Valeria Catillo\" \/>\n\t<meta name=\"twitter:label2\" content=\"Tiempo de lectura\" \/>\n\t<meta name=\"twitter:data2\" content=\"2 minutos\" \/>\n<script type=\"application\/ld+json\" class=\"yoast-schema-graph\">{\"@context\":\"https:\/\/schema.org\",\"@graph\":[{\"@type\":\"WebPage\",\"@id\":\"https:\/\/newsmediadirectories.com\/es\/no-dejes-que-te-quiten-lo-que-es-tuyo-lucha-contra-el-aumento-del-impuesto-sobre-la-renta\/\",\"url\":\"https:\/\/newsmediadirectories.com\/es\/no-dejes-que-te-quiten-lo-que-es-tuyo-lucha-contra-el-aumento-del-impuesto-sobre-la-renta\/\",\"name\":\"\u00a1No dejes que te quiten lo que es tuyo! \u00a1Lucha contra el aumento del Impuesto sobre la Renta!\",\"isPartOf\":{\"@id\":\"https:\/\/newsmediadirectories.com\/es\/#website\"},\"primaryImageOfPage\":{\"@id\":\"https:\/\/newsmediadirectories.com\/es\/no-dejes-que-te-quiten-lo-que-es-tuyo-lucha-contra-el-aumento-del-impuesto-sobre-la-renta\/#primaryimage\"},\"image\":{\"@id\":\"https:\/\/newsmediadirectories.com\/es\/no-dejes-que-te-quiten-lo-que-es-tuyo-lucha-contra-el-aumento-del-impuesto-sobre-la-renta\/#primaryimage\"},\"thumbnailUrl\":\"https:\/\/newsmediadirectories.com\/es\/wp-content\/uploads\/2023\/05\/0-44.jpg\",\"datePublished\":\"2023-05-20T05:30:55+00:00\",\"dateModified\":\"2023-05-20T05:30:55+00:00\",\"author\":{\"@id\":\"https:\/\/newsmediadirectories.com\/es\/#\/schema\/person\/d936c9a5f74cd01c7ff4e2b559363063\"},\"inLanguage\":\"es\",\"potentialAction\":[{\"@type\":\"ReadAction\",\"target\":[\"https:\/\/newsmediadirectories.com\/es\/no-dejes-que-te-quiten-lo-que-es-tuyo-lucha-contra-el-aumento-del-impuesto-sobre-la-renta\/\"]}]},{\"@type\":\"ImageObject\",\"inLanguage\":\"es\",\"@id\":\"https:\/\/newsmediadirectories.com\/es\/no-dejes-que-te-quiten-lo-que-es-tuyo-lucha-contra-el-aumento-del-impuesto-sobre-la-renta\/#primaryimage\",\"url\":\"https:\/\/newsmediadirectories.com\/es\/wp-content\/uploads\/2023\/05\/0-44.jpg\",\"contentUrl\":\"https:\/\/newsmediadirectories.com\/es\/wp-content\/uploads\/2023\/05\/0-44.jpg\",\"width\":1100,\"height\":619},{\"@type\":\"WebSite\",\"@id\":\"https:\/\/newsmediadirectories.com\/es\/#website\",\"url\":\"https:\/\/newsmediadirectories.com\/es\/\",\"name\":\"News Media Directories - Noticias Online\",\"description\":\"News Media Directories - Noticias Online\",\"potentialAction\":[{\"@type\":\"SearchAction\",\"target\":{\"@type\":\"EntryPoint\",\"urlTemplate\":\"https:\/\/newsmediadirectories.com\/es\/?s={search_term_string}\"},\"query-input\":{\"@type\":\"PropertyValueSpecification\",\"valueRequired\":true,\"valueName\":\"search_term_string\"}}],\"inLanguage\":\"es\"},{\"@type\":\"Person\",\"@id\":\"https:\/\/newsmediadirectories.com\/es\/#\/schema\/person\/d936c9a5f74cd01c7ff4e2b559363063\",\"name\":\"Valeria Catillo\",\"image\":{\"@type\":\"ImageObject\",\"inLanguage\":\"es\",\"@id\":\"https:\/\/newsmediadirectories.com\/es\/#\/schema\/person\/image\/\",\"url\":\"https:\/\/secure.gravatar.com\/avatar\/1b6716d8318da7cd8a049a1c7b480328?s=96&d=mm&r=g\",\"contentUrl\":\"https:\/\/secure.gravatar.com\/avatar\/1b6716d8318da7cd8a049a1c7b480328?s=96&d=mm&r=g\",\"caption\":\"Valeria Catillo\"},\"sameAs\":[\"https:\/\/newsmediadirectories.com\/es\"]}]}<\/script>\n<!-- \/ Yoast SEO plugin. -->","yoast_head_json":{"title":"\u00a1No dejes que te quiten lo que es tuyo! \u00a1Lucha contra el aumento del Impuesto sobre la Renta!","robots":{"index":"index","follow":"follow","max-snippet":"max-snippet:-1","max-image-preview":"max-image-preview:large","max-video-preview":"max-video-preview:-1"},"canonical":"https:\/\/newsmediadirectories.com\/es\/no-dejes-que-te-quiten-lo-que-es-tuyo-lucha-contra-el-aumento-del-impuesto-sobre-la-renta\/","og_locale":"es_ES","og_type":"article","og_title":"\u00a1No dejes que te quiten lo que es tuyo! \u00a1Lucha contra el aumento del Impuesto sobre la Renta!","og_description":"En los \u00faltimos d\u00edas, ha surgido un gran debate en torno al aumento del Impuesto sobre la Renta en algunos pa\u00edses. Muchos ciudadanos se han manifestado en contra de esta medida, argumentando que no est\u00e1n dispuestos a permitir que se les quite lo que les pertenece. La situaci\u00f3n es especialmente delicada en los momentos actuales, [&hellip;]","og_url":"https:\/\/newsmediadirectories.com\/es\/no-dejes-que-te-quiten-lo-que-es-tuyo-lucha-contra-el-aumento-del-impuesto-sobre-la-renta\/","og_site_name":"News Media Directories - Noticias Online","article_published_time":"2023-05-20T05:30:55+00:00","og_image":[{"width":1100,"height":619,"url":"https:\/\/newsmediadirectories.com\/es\/wp-content\/uploads\/2023\/05\/0-44.jpg","type":"image\/jpeg"}],"author":"Valeria Catillo","twitter_card":"summary_large_image","twitter_misc":{"Escrito por":"Valeria Catillo","Tiempo de lectura":"2 minutos"},"schema":{"@context":"https:\/\/schema.org","@graph":[{"@type":"WebPage","@id":"https:\/\/newsmediadirectories.com\/es\/no-dejes-que-te-quiten-lo-que-es-tuyo-lucha-contra-el-aumento-del-impuesto-sobre-la-renta\/","url":"https:\/\/newsmediadirectories.com\/es\/no-dejes-que-te-quiten-lo-que-es-tuyo-lucha-contra-el-aumento-del-impuesto-sobre-la-renta\/","name":"\u00a1No dejes que te quiten lo que es tuyo! \u00a1Lucha contra el aumento del Impuesto sobre la Renta!","isPartOf":{"@id":"https:\/\/newsmediadirectories.com\/es\/#website"},"primaryImageOfPage":{"@id":"https:\/\/newsmediadirectories.com\/es\/no-dejes-que-te-quiten-lo-que-es-tuyo-lucha-contra-el-aumento-del-impuesto-sobre-la-renta\/#primaryimage"},"image":{"@id":"https:\/\/newsmediadirectories.com\/es\/no-dejes-que-te-quiten-lo-que-es-tuyo-lucha-contra-el-aumento-del-impuesto-sobre-la-renta\/#primaryimage"},"thumbnailUrl":"https:\/\/newsmediadirectories.com\/es\/wp-content\/uploads\/2023\/05\/0-44.jpg","datePublished":"2023-05-20T05:30:55+00:00","dateModified":"2023-05-20T05:30:55+00:00","author":{"@id":"https:\/\/newsmediadirectories.com\/es\/#\/schema\/person\/d936c9a5f74cd01c7ff4e2b559363063"},"inLanguage":"es","potentialAction":[{"@type":"ReadAction","target":["https:\/\/newsmediadirectories.com\/es\/no-dejes-que-te-quiten-lo-que-es-tuyo-lucha-contra-el-aumento-del-impuesto-sobre-la-renta\/"]}]},{"@type":"ImageObject","inLanguage":"es","@id":"https:\/\/newsmediadirectories.com\/es\/no-dejes-que-te-quiten-lo-que-es-tuyo-lucha-contra-el-aumento-del-impuesto-sobre-la-renta\/#primaryimage","url":"https:\/\/newsmediadirectories.com\/es\/wp-content\/uploads\/2023\/05\/0-44.jpg","contentUrl":"https:\/\/newsmediadirectories.com\/es\/wp-content\/uploads\/2023\/05\/0-44.jpg","width":1100,"height":619},{"@type":"WebSite","@id":"https:\/\/newsmediadirectories.com\/es\/#website","url":"https:\/\/newsmediadirectories.com\/es\/","name":"News Media Directories - Noticias Online","description":"News Media Directories - Noticias Online","potentialAction":[{"@type":"SearchAction","target":{"@type":"EntryPoint","urlTemplate":"https:\/\/newsmediadirectories.com\/es\/?s={search_term_string}"},"query-input":{"@type":"PropertyValueSpecification","valueRequired":true,"valueName":"search_term_string"}}],"inLanguage":"es"},{"@type":"Person","@id":"https:\/\/newsmediadirectories.com\/es\/#\/schema\/person\/d936c9a5f74cd01c7ff4e2b559363063","name":"Valeria Catillo","image":{"@type":"ImageObject","inLanguage":"es","@id":"https:\/\/newsmediadirectories.com\/es\/#\/schema\/person\/image\/","url":"https:\/\/secure.gravatar.com\/avatar\/1b6716d8318da7cd8a049a1c7b480328?s=96&d=mm&r=g","contentUrl":"https:\/\/secure.gravatar.com\/avatar\/1b6716d8318da7cd8a049a1c7b480328?s=96&d=mm&r=g","caption":"Valeria Catillo"},"sameAs":["https:\/\/newsmediadirectories.com\/es"]}]}},"_links":{"self":[{"href":"https:\/\/newsmediadirectories.com\/es\/wp-json\/wp\/v2\/posts\/4271"}],"collection":[{"href":"https:\/\/newsmediadirectories.com\/es\/wp-json\/wp\/v2\/posts"}],"about":[{"href":"https:\/\/newsmediadirectories.com\/es\/wp-json\/wp\/v2\/types\/post"}],"author":[{"embeddable":true,"href":"https:\/\/newsmediadirectories.com\/es\/wp-json\/wp\/v2\/users\/1"}],"replies":[{"embeddable":true,"href":"https:\/\/newsmediadirectories.com\/es\/wp-json\/wp\/v2\/comments?post=4271"}],"version-history":[{"count":0,"href":"https:\/\/newsmediadirectories.com\/es\/wp-json\/wp\/v2\/posts\/4271\/revisions"}],"wp:featuredmedia":[{"embeddable":true,"href":"https:\/\/newsmediadirectories.com\/es\/wp-json\/wp\/v2\/media\/3590"}],"wp:attachment":[{"href":"https:\/\/newsmediadirectories.com\/es\/wp-json\/wp\/v2\/media?parent=4271"}],"wp:term":[{"taxonomy":"category","embeddable":true,"href":"https:\/\/newsmediadirectories.com\/es\/wp-json\/wp\/v2\/categories?post=4271"},{"taxonomy":"post_tag","embeddable":true,"href":"https:\/\/newsmediadirectories.com\/es\/wp-json\/wp\/v2\/tags?post=4271"},{"taxonomy":"wf_post_folders","embeddable":true,"href":"https:\/\/newsmediadirectories.com\/es\/wp-json\/wp\/v2\/wf_post_folders?post=4271"}],"curies":[{"name":"wp","href":"https:\/\/api.w.org\/{rel}","templated":true}]}}