{"id":4253,"date":"2023-05-20T05:31:00","date_gmt":"2023-05-20T05:31:00","guid":{"rendered":"https:\/\/newsmediadirectories.com\/es\/la-bolsa-de-valores-se-recupera-despues-de-la-pandemia\/"},"modified":"2023-05-20T05:31:00","modified_gmt":"2023-05-20T05:31:00","slug":"la-bolsa-de-valores-se-recupera-despues-de-la-pandemia","status":"publish","type":"post","link":"https:\/\/newsmediadirectories.com\/es\/la-bolsa-de-valores-se-recupera-despues-de-la-pandemia\/","title":{"rendered":"La Bolsa de Valores se recupera despu\u00e9s de la pandemia"},"content":{"rendered":"<p>La Bolsa de Valores ha logrado recuperarse despu\u00e9s de los meses ca\u00f3ticos de la pandemia de COVID-19, seg\u00fan los datos m\u00e1s recientes proporcionados por la Comisi\u00f3n Nacional del Mercado de Valores (CNMV). Aunque el \u00edndice de valores espa\u00f1oles, el IBEX 35, sigue estando por debajo del nivel pre-pand\u00e9mico, la tendencia alcista de las \u00faltimas semanas ha llevado a algunos inversores a ser optimistas sobre el futuro.<\/p>\n<p>Los inversores est\u00e1n apostando por la recuperaci\u00f3n econ\u00f3mica tras la crisis sanitaria, lo que ha llevado a un aumento del valor de las acciones de las empresas m\u00e1s vinculadas con el consumo y el turismo. Las acciones del sector tur\u00edstico, en particular, han sido las m\u00e1s beneficiadas gracias a la reapertura de fronteras y al aumento del turismo interno.<\/p>\n<p>Sin embargo, no todas las acciones han aumentado su valor de igual manera. Algunos sectores, como el financiero y el energ\u00e9tico, se han quedado atr\u00e1s en la recuperaci\u00f3n y a\u00fan tienen que recuperar el terreno perdido durante la pandemia.<\/p>\n<p>Adem\u00e1s, el aumento del valor de las acciones no se debe solamente a la recuperaci\u00f3n econ\u00f3mica post-pandemia, sino tambi\u00e9n a la abundancia de liquidez gracias a la pol\u00edtica monetaria expansiva del Banco Central Europeo. Esto ha llevado a algunos inversores a preocuparse por la posible aparici\u00f3n de una burbuja especulativa en los mercados.<\/p>\n<p>En cualquier caso, la recuperaci\u00f3n de la Bolsa de Valores es una buena noticia para la econom\u00eda espa\u00f1ola y para los inversores que han visto caer el valor de sus carteras durante los \u00faltimos meses. Sin embargo, a\u00fan hay incertidumbre sobre el futuro y habr\u00e1 que esperar para ver si la recuperaci\u00f3n se mantiene o si es solo un espejismo antes de una posible ca\u00edda.<\/p>\n<p>Nota express publicada por <a href=\"https:\/\/mediastarpress.com\/\" target=\"_blank\" rel=\"noopener\">MediaStar | Agencia de Medios<\/a>.<\/p>\n","protected":false},"excerpt":{"rendered":"<p>La Bolsa de Valores ha logrado recuperarse despu\u00e9s de los meses ca\u00f3ticos de la pandemia de COVID-19, seg\u00fan los datos m\u00e1s recientes proporcionados por la Comisi\u00f3n Nacional del Mercado de Valores (CNMV). Aunque el \u00edndice de valores espa\u00f1oles, el IBEX 35, sigue estando por debajo del nivel pre-pand\u00e9mico, la tendencia alcista de las \u00faltimas semanas [&hellip;]<\/p>\n","protected":false},"author":1,"featured_media":3567,"comment_status":"open","ping_status":"open","sticky":false,"template":"","format":"standard","meta":{"inline_featured_image":false,"footnotes":""},"categories":[38],"tags":[],"wf_post_folders":[],"class_list":{"0":"post-4253","1":"post","2":"type-post","3":"status-publish","4":"format-standard","5":"has-post-thumbnail","7":"category-fast-news"},"yoast_head":"<!-- This site is optimized with the Yoast SEO plugin v24.1 - https:\/\/yoast.com\/wordpress\/plugins\/seo\/ -->\n<title>La Bolsa de Valores se recupera despu\u00e9s de la pandemia<\/title>\n<meta name=\"robots\" content=\"index, follow, max-snippet:-1, max-image-preview:large, max-video-preview:-1\" \/>\n<link rel=\"canonical\" href=\"https:\/\/newsmediadirectories.com\/es\/la-bolsa-de-valores-se-recupera-despues-de-la-pandemia\/\" \/>\n<meta property=\"og:locale\" content=\"es_ES\" \/>\n<meta property=\"og:type\" content=\"article\" \/>\n<meta property=\"og:title\" content=\"La Bolsa de Valores se recupera despu\u00e9s de la pandemia\" \/>\n<meta property=\"og:description\" content=\"La Bolsa de Valores ha logrado recuperarse despu\u00e9s de los meses ca\u00f3ticos de la pandemia de COVID-19, seg\u00fan los datos m\u00e1s recientes proporcionados por la Comisi\u00f3n Nacional del Mercado de Valores (CNMV). Aunque el \u00edndice de valores espa\u00f1oles, el IBEX 35, sigue estando por debajo del nivel pre-pand\u00e9mico, la tendencia alcista de las \u00faltimas semanas [&hellip;]\" \/>\n<meta property=\"og:url\" content=\"https:\/\/newsmediadirectories.com\/es\/la-bolsa-de-valores-se-recupera-despues-de-la-pandemia\/\" \/>\n<meta property=\"og:site_name\" content=\"News Media Directories - Noticias Online\" \/>\n<meta property=\"article:published_time\" content=\"2023-05-20T05:31:00+00:00\" \/>\n<meta property=\"og:image\" content=\"https:\/\/newsmediadirectories.com\/es\/wp-content\/uploads\/2023\/05\/0-308.jpg\" \/>\n\t<meta property=\"og:image:width\" content=\"1100\" \/>\n\t<meta property=\"og:image:height\" content=\"564\" \/>\n\t<meta property=\"og:image:type\" content=\"image\/jpeg\" \/>\n<meta name=\"author\" content=\"Valeria Catillo\" \/>\n<meta name=\"twitter:card\" content=\"summary_large_image\" \/>\n<meta name=\"twitter:label1\" content=\"Escrito por\" \/>\n\t<meta name=\"twitter:data1\" content=\"Valeria Catillo\" \/>\n\t<meta name=\"twitter:label2\" content=\"Tiempo de lectura\" \/>\n\t<meta name=\"twitter:data2\" content=\"2 minutos\" \/>\n<script type=\"application\/ld+json\" class=\"yoast-schema-graph\">{\"@context\":\"https:\/\/schema.org\",\"@graph\":[{\"@type\":\"WebPage\",\"@id\":\"https:\/\/newsmediadirectories.com\/es\/la-bolsa-de-valores-se-recupera-despues-de-la-pandemia\/\",\"url\":\"https:\/\/newsmediadirectories.com\/es\/la-bolsa-de-valores-se-recupera-despues-de-la-pandemia\/\",\"name\":\"La Bolsa de Valores se recupera despu\u00e9s de la pandemia\",\"isPartOf\":{\"@id\":\"https:\/\/newsmediadirectories.com\/es\/#website\"},\"primaryImageOfPage\":{\"@id\":\"https:\/\/newsmediadirectories.com\/es\/la-bolsa-de-valores-se-recupera-despues-de-la-pandemia\/#primaryimage\"},\"image\":{\"@id\":\"https:\/\/newsmediadirectories.com\/es\/la-bolsa-de-valores-se-recupera-despues-de-la-pandemia\/#primaryimage\"},\"thumbnailUrl\":\"https:\/\/newsmediadirectories.com\/es\/wp-content\/uploads\/2023\/05\/0-308.jpg\",\"datePublished\":\"2023-05-20T05:31:00+00:00\",\"dateModified\":\"2023-05-20T05:31:00+00:00\",\"author\":{\"@id\":\"https:\/\/newsmediadirectories.com\/es\/#\/schema\/person\/d936c9a5f74cd01c7ff4e2b559363063\"},\"inLanguage\":\"es\",\"potentialAction\":[{\"@type\":\"ReadAction\",\"target\":[\"https:\/\/newsmediadirectories.com\/es\/la-bolsa-de-valores-se-recupera-despues-de-la-pandemia\/\"]}]},{\"@type\":\"ImageObject\",\"inLanguage\":\"es\",\"@id\":\"https:\/\/newsmediadirectories.com\/es\/la-bolsa-de-valores-se-recupera-despues-de-la-pandemia\/#primaryimage\",\"url\":\"https:\/\/newsmediadirectories.com\/es\/wp-content\/uploads\/2023\/05\/0-308.jpg\",\"contentUrl\":\"https:\/\/newsmediadirectories.com\/es\/wp-content\/uploads\/2023\/05\/0-308.jpg\",\"width\":1100,\"height\":564},{\"@type\":\"WebSite\",\"@id\":\"https:\/\/newsmediadirectories.com\/es\/#website\",\"url\":\"https:\/\/newsmediadirectories.com\/es\/\",\"name\":\"News Media Directories - Noticias Online\",\"description\":\"News Media Directories - Noticias Online\",\"potentialAction\":[{\"@type\":\"SearchAction\",\"target\":{\"@type\":\"EntryPoint\",\"urlTemplate\":\"https:\/\/newsmediadirectories.com\/es\/?s={search_term_string}\"},\"query-input\":{\"@type\":\"PropertyValueSpecification\",\"valueRequired\":true,\"valueName\":\"search_term_string\"}}],\"inLanguage\":\"es\"},{\"@type\":\"Person\",\"@id\":\"https:\/\/newsmediadirectories.com\/es\/#\/schema\/person\/d936c9a5f74cd01c7ff4e2b559363063\",\"name\":\"Valeria Catillo\",\"image\":{\"@type\":\"ImageObject\",\"inLanguage\":\"es\",\"@id\":\"https:\/\/newsmediadirectories.com\/es\/#\/schema\/person\/image\/\",\"url\":\"https:\/\/secure.gravatar.com\/avatar\/1b6716d8318da7cd8a049a1c7b480328?s=96&d=mm&r=g\",\"contentUrl\":\"https:\/\/secure.gravatar.com\/avatar\/1b6716d8318da7cd8a049a1c7b480328?s=96&d=mm&r=g\",\"caption\":\"Valeria Catillo\"},\"sameAs\":[\"https:\/\/newsmediadirectories.com\/es\"]}]}<\/script>\n<!-- \/ Yoast SEO plugin. -->","yoast_head_json":{"title":"La Bolsa de Valores se recupera despu\u00e9s de la pandemia","robots":{"index":"index","follow":"follow","max-snippet":"max-snippet:-1","max-image-preview":"max-image-preview:large","max-video-preview":"max-video-preview:-1"},"canonical":"https:\/\/newsmediadirectories.com\/es\/la-bolsa-de-valores-se-recupera-despues-de-la-pandemia\/","og_locale":"es_ES","og_type":"article","og_title":"La Bolsa de Valores se recupera despu\u00e9s de la pandemia","og_description":"La Bolsa de Valores ha logrado recuperarse despu\u00e9s de los meses ca\u00f3ticos de la pandemia de COVID-19, seg\u00fan los datos m\u00e1s recientes proporcionados por la Comisi\u00f3n Nacional del Mercado de Valores (CNMV). Aunque el \u00edndice de valores espa\u00f1oles, el IBEX 35, sigue estando por debajo del nivel pre-pand\u00e9mico, la tendencia alcista de las \u00faltimas semanas [&hellip;]","og_url":"https:\/\/newsmediadirectories.com\/es\/la-bolsa-de-valores-se-recupera-despues-de-la-pandemia\/","og_site_name":"News Media Directories - Noticias Online","article_published_time":"2023-05-20T05:31:00+00:00","og_image":[{"width":1100,"height":564,"url":"https:\/\/newsmediadirectories.com\/es\/wp-content\/uploads\/2023\/05\/0-308.jpg","type":"image\/jpeg"}],"author":"Valeria Catillo","twitter_card":"summary_large_image","twitter_misc":{"Escrito por":"Valeria Catillo","Tiempo de lectura":"2 minutos"},"schema":{"@context":"https:\/\/schema.org","@graph":[{"@type":"WebPage","@id":"https:\/\/newsmediadirectories.com\/es\/la-bolsa-de-valores-se-recupera-despues-de-la-pandemia\/","url":"https:\/\/newsmediadirectories.com\/es\/la-bolsa-de-valores-se-recupera-despues-de-la-pandemia\/","name":"La Bolsa de Valores se recupera despu\u00e9s de la pandemia","isPartOf":{"@id":"https:\/\/newsmediadirectories.com\/es\/#website"},"primaryImageOfPage":{"@id":"https:\/\/newsmediadirectories.com\/es\/la-bolsa-de-valores-se-recupera-despues-de-la-pandemia\/#primaryimage"},"image":{"@id":"https:\/\/newsmediadirectories.com\/es\/la-bolsa-de-valores-se-recupera-despues-de-la-pandemia\/#primaryimage"},"thumbnailUrl":"https:\/\/newsmediadirectories.com\/es\/wp-content\/uploads\/2023\/05\/0-308.jpg","datePublished":"2023-05-20T05:31:00+00:00","dateModified":"2023-05-20T05:31:00+00:00","author":{"@id":"https:\/\/newsmediadirectories.com\/es\/#\/schema\/person\/d936c9a5f74cd01c7ff4e2b559363063"},"inLanguage":"es","potentialAction":[{"@type":"ReadAction","target":["https:\/\/newsmediadirectories.com\/es\/la-bolsa-de-valores-se-recupera-despues-de-la-pandemia\/"]}]},{"@type":"ImageObject","inLanguage":"es","@id":"https:\/\/newsmediadirectories.com\/es\/la-bolsa-de-valores-se-recupera-despues-de-la-pandemia\/#primaryimage","url":"https:\/\/newsmediadirectories.com\/es\/wp-content\/uploads\/2023\/05\/0-308.jpg","contentUrl":"https:\/\/newsmediadirectories.com\/es\/wp-content\/uploads\/2023\/05\/0-308.jpg","width":1100,"height":564},{"@type":"WebSite","@id":"https:\/\/newsmediadirectories.com\/es\/#website","url":"https:\/\/newsmediadirectories.com\/es\/","name":"News Media Directories - Noticias Online","description":"News Media Directories - Noticias Online","potentialAction":[{"@type":"SearchAction","target":{"@type":"EntryPoint","urlTemplate":"https:\/\/newsmediadirectories.com\/es\/?s={search_term_string}"},"query-input":{"@type":"PropertyValueSpecification","valueRequired":true,"valueName":"search_term_string"}}],"inLanguage":"es"},{"@type":"Person","@id":"https:\/\/newsmediadirectories.com\/es\/#\/schema\/person\/d936c9a5f74cd01c7ff4e2b559363063","name":"Valeria Catillo","image":{"@type":"ImageObject","inLanguage":"es","@id":"https:\/\/newsmediadirectories.com\/es\/#\/schema\/person\/image\/","url":"https:\/\/secure.gravatar.com\/avatar\/1b6716d8318da7cd8a049a1c7b480328?s=96&d=mm&r=g","contentUrl":"https:\/\/secure.gravatar.com\/avatar\/1b6716d8318da7cd8a049a1c7b480328?s=96&d=mm&r=g","caption":"Valeria Catillo"},"sameAs":["https:\/\/newsmediadirectories.com\/es"]}]}},"_links":{"self":[{"href":"https:\/\/newsmediadirectories.com\/es\/wp-json\/wp\/v2\/posts\/4253"}],"collection":[{"href":"https:\/\/newsmediadirectories.com\/es\/wp-json\/wp\/v2\/posts"}],"about":[{"href":"https:\/\/newsmediadirectories.com\/es\/wp-json\/wp\/v2\/types\/post"}],"author":[{"embeddable":true,"href":"https:\/\/newsmediadirectories.com\/es\/wp-json\/wp\/v2\/users\/1"}],"replies":[{"embeddable":true,"href":"https:\/\/newsmediadirectories.com\/es\/wp-json\/wp\/v2\/comments?post=4253"}],"version-history":[{"count":0,"href":"https:\/\/newsmediadirectories.com\/es\/wp-json\/wp\/v2\/posts\/4253\/revisions"}],"wp:featuredmedia":[{"embeddable":true,"href":"https:\/\/newsmediadirectories.com\/es\/wp-json\/wp\/v2\/media\/3567"}],"wp:attachment":[{"href":"https:\/\/newsmediadirectories.com\/es\/wp-json\/wp\/v2\/media?parent=4253"}],"wp:term":[{"taxonomy":"category","embeddable":true,"href":"https:\/\/newsmediadirectories.com\/es\/wp-json\/wp\/v2\/categories?post=4253"},{"taxonomy":"post_tag","embeddable":true,"href":"https:\/\/newsmediadirectories.com\/es\/wp-json\/wp\/v2\/tags?post=4253"},{"taxonomy":"wf_post_folders","embeddable":true,"href":"https:\/\/newsmediadirectories.com\/es\/wp-json\/wp\/v2\/wf_post_folders?post=4253"}],"curies":[{"name":"wp","href":"https:\/\/api.w.org\/{rel}","templated":true}]}}