{"id":4251,"date":"2023-05-20T05:31:00","date_gmt":"2023-05-20T05:31:00","guid":{"rendered":"https:\/\/newsmediadirectories.com\/es\/cuidado-es-hora-de-tomar-accion-para-reducir-el-consumo-excesivo-en-el-mundo\/"},"modified":"2023-05-20T05:31:00","modified_gmt":"2023-05-20T05:31:00","slug":"cuidado-es-hora-de-tomar-accion-para-reducir-el-consumo-excesivo-en-el-mundo","status":"publish","type":"post","link":"https:\/\/newsmediadirectories.com\/es\/cuidado-es-hora-de-tomar-accion-para-reducir-el-consumo-excesivo-en-el-mundo\/","title":{"rendered":"\u00a1Cuidado! Es hora de tomar acci\u00f3n para reducir el consumo excesivo en el mundo"},"content":{"rendered":"<p>En los \u00faltimos a\u00f1os, el mundo ha visto un aumento preocupante en el consumo excesivo. Este patr\u00f3n de consumo est\u00e1 afectando el planeta de maneras significativas. Desde la proliferaci\u00f3n de residuos pl\u00e1sticos y la contaminaci\u00f3n del aire, hasta la sobrecarga en recursos naturales y la degradaci\u00f3n del medio ambiente, el costo ambiental del consumo excesivo es enorme y se est\u00e1 haciendo cada vez m\u00e1s evidente.<\/p>\n<p>Es tiempo de que tomemos medidas para cambiar este patr\u00f3n de consumo antes de que sea demasiado tarde. Como consumidores, debemos tomar decisiones m\u00e1s responsables y conscientes sobre lo que compramos y c\u00f3mo lo utilizamos. Adem\u00e1s, las empresas deben asumir un rol activo en la promoci\u00f3n del consumo responsable y en la reducci\u00f3n de residuos y emisiones en sus procesos productivos.<\/p>\n<p>Existen muchas formas en las que podemos reducir nuestro consumo excesivo. La primera y m\u00e1s importante es reconocer el problema y entender que nuestros comportamientos de consumo tienen un impacto en el medio ambiente. Debemos revisar nuestros h\u00e1bitos de compra y optar por productos que sean m\u00e1s respetuosos con el medio ambiente.<\/p>\n<p>Las empresas tambi\u00e9n pueden hacer su parte promoviendo pr\u00e1cticas m\u00e1s sostenibles en sus operaciones. Algunas compa\u00f1\u00edas ya han comenzado a implementar cambios en sus procesos productivos para reducir su impacto ambiental, desde la producci\u00f3n de energ\u00edas renovables hasta el uso de materiales m\u00e1s sostenibles y la adopci\u00f3n de enfoques de econom\u00eda circular.<\/p>\n<p>Como sociedad, necesitamos tomar medidas para reducir y mitigar los efectos del consumo excesivo, tanto a nivel individual como colectivo. Si no actuamos ahora, las consecuencias del consumo excesivo podr\u00edan ser catastr\u00f3ficas para nuestro planeta.<\/p>\n<p>Nota express publicada por <a href=\"https:\/\/mediastarpress.com\/\" target=\"_blank\" rel=\"noopener\">MediaStar | Agencia de Medios<\/a>.<\/p>\n","protected":false},"excerpt":{"rendered":"<p>En los \u00faltimos a\u00f1os, el mundo ha visto un aumento preocupante en el consumo excesivo. Este patr\u00f3n de consumo est\u00e1 afectando el planeta de maneras significativas. Desde la proliferaci\u00f3n de residuos pl\u00e1sticos y la contaminaci\u00f3n del aire, hasta la sobrecarga en recursos naturales y la degradaci\u00f3n del medio ambiente, el costo ambiental del consumo excesivo [&hellip;]<\/p>\n","protected":false},"author":1,"featured_media":3830,"comment_status":"open","ping_status":"open","sticky":false,"template":"","format":"standard","meta":{"inline_featured_image":false,"footnotes":""},"categories":[38],"tags":[],"wf_post_folders":[],"class_list":{"0":"post-4251","1":"post","2":"type-post","3":"status-publish","4":"format-standard","5":"has-post-thumbnail","7":"category-fast-news"},"yoast_head":"<!-- This site is optimized with the Yoast SEO plugin v24.1 - https:\/\/yoast.com\/wordpress\/plugins\/seo\/ -->\n<title>\u00a1Cuidado! Es hora de tomar acci\u00f3n para reducir el consumo excesivo en el mundo<\/title>\n<meta name=\"robots\" content=\"index, follow, max-snippet:-1, max-image-preview:large, max-video-preview:-1\" \/>\n<link rel=\"canonical\" href=\"https:\/\/newsmediadirectories.com\/es\/cuidado-es-hora-de-tomar-accion-para-reducir-el-consumo-excesivo-en-el-mundo\/\" \/>\n<meta property=\"og:locale\" content=\"es_ES\" \/>\n<meta property=\"og:type\" content=\"article\" \/>\n<meta property=\"og:title\" content=\"\u00a1Cuidado! Es hora de tomar acci\u00f3n para reducir el consumo excesivo en el mundo\" \/>\n<meta property=\"og:description\" content=\"En los \u00faltimos a\u00f1os, el mundo ha visto un aumento preocupante en el consumo excesivo. Este patr\u00f3n de consumo est\u00e1 afectando el planeta de maneras significativas. Desde la proliferaci\u00f3n de residuos pl\u00e1sticos y la contaminaci\u00f3n del aire, hasta la sobrecarga en recursos naturales y la degradaci\u00f3n del medio ambiente, el costo ambiental del consumo excesivo [&hellip;]\" \/>\n<meta property=\"og:url\" content=\"https:\/\/newsmediadirectories.com\/es\/cuidado-es-hora-de-tomar-accion-para-reducir-el-consumo-excesivo-en-el-mundo\/\" \/>\n<meta property=\"og:site_name\" content=\"News Media Directories - Noticias Online\" \/>\n<meta property=\"article:published_time\" content=\"2023-05-20T05:31:00+00:00\" \/>\n<meta property=\"og:image\" content=\"https:\/\/newsmediadirectories.com\/es\/wp-content\/uploads\/2023\/05\/0-314.jpg\" \/>\n\t<meta property=\"og:image:width\" content=\"1100\" \/>\n\t<meta property=\"og:image:height\" content=\"454\" \/>\n\t<meta property=\"og:image:type\" content=\"image\/jpeg\" \/>\n<meta name=\"author\" content=\"Valeria Catillo\" \/>\n<meta name=\"twitter:card\" content=\"summary_large_image\" \/>\n<meta name=\"twitter:label1\" content=\"Escrito por\" \/>\n\t<meta name=\"twitter:data1\" content=\"Valeria Catillo\" \/>\n\t<meta name=\"twitter:label2\" content=\"Tiempo de lectura\" \/>\n\t<meta name=\"twitter:data2\" content=\"2 minutos\" \/>\n<script type=\"application\/ld+json\" class=\"yoast-schema-graph\">{\"@context\":\"https:\/\/schema.org\",\"@graph\":[{\"@type\":\"WebPage\",\"@id\":\"https:\/\/newsmediadirectories.com\/es\/cuidado-es-hora-de-tomar-accion-para-reducir-el-consumo-excesivo-en-el-mundo\/\",\"url\":\"https:\/\/newsmediadirectories.com\/es\/cuidado-es-hora-de-tomar-accion-para-reducir-el-consumo-excesivo-en-el-mundo\/\",\"name\":\"\u00a1Cuidado! Es hora de tomar acci\u00f3n para reducir el consumo excesivo en el mundo\",\"isPartOf\":{\"@id\":\"https:\/\/newsmediadirectories.com\/es\/#website\"},\"primaryImageOfPage\":{\"@id\":\"https:\/\/newsmediadirectories.com\/es\/cuidado-es-hora-de-tomar-accion-para-reducir-el-consumo-excesivo-en-el-mundo\/#primaryimage\"},\"image\":{\"@id\":\"https:\/\/newsmediadirectories.com\/es\/cuidado-es-hora-de-tomar-accion-para-reducir-el-consumo-excesivo-en-el-mundo\/#primaryimage\"},\"thumbnailUrl\":\"https:\/\/newsmediadirectories.com\/es\/wp-content\/uploads\/2023\/05\/0-314.jpg\",\"datePublished\":\"2023-05-20T05:31:00+00:00\",\"dateModified\":\"2023-05-20T05:31:00+00:00\",\"author\":{\"@id\":\"https:\/\/newsmediadirectories.com\/es\/#\/schema\/person\/d936c9a5f74cd01c7ff4e2b559363063\"},\"inLanguage\":\"es\",\"potentialAction\":[{\"@type\":\"ReadAction\",\"target\":[\"https:\/\/newsmediadirectories.com\/es\/cuidado-es-hora-de-tomar-accion-para-reducir-el-consumo-excesivo-en-el-mundo\/\"]}]},{\"@type\":\"ImageObject\",\"inLanguage\":\"es\",\"@id\":\"https:\/\/newsmediadirectories.com\/es\/cuidado-es-hora-de-tomar-accion-para-reducir-el-consumo-excesivo-en-el-mundo\/#primaryimage\",\"url\":\"https:\/\/newsmediadirectories.com\/es\/wp-content\/uploads\/2023\/05\/0-314.jpg\",\"contentUrl\":\"https:\/\/newsmediadirectories.com\/es\/wp-content\/uploads\/2023\/05\/0-314.jpg\",\"width\":1100,\"height\":454},{\"@type\":\"WebSite\",\"@id\":\"https:\/\/newsmediadirectories.com\/es\/#website\",\"url\":\"https:\/\/newsmediadirectories.com\/es\/\",\"name\":\"News Media Directories - Noticias Online\",\"description\":\"News Media Directories - Noticias Online\",\"potentialAction\":[{\"@type\":\"SearchAction\",\"target\":{\"@type\":\"EntryPoint\",\"urlTemplate\":\"https:\/\/newsmediadirectories.com\/es\/?s={search_term_string}\"},\"query-input\":{\"@type\":\"PropertyValueSpecification\",\"valueRequired\":true,\"valueName\":\"search_term_string\"}}],\"inLanguage\":\"es\"},{\"@type\":\"Person\",\"@id\":\"https:\/\/newsmediadirectories.com\/es\/#\/schema\/person\/d936c9a5f74cd01c7ff4e2b559363063\",\"name\":\"Valeria Catillo\",\"image\":{\"@type\":\"ImageObject\",\"inLanguage\":\"es\",\"@id\":\"https:\/\/newsmediadirectories.com\/es\/#\/schema\/person\/image\/\",\"url\":\"https:\/\/secure.gravatar.com\/avatar\/1b6716d8318da7cd8a049a1c7b480328?s=96&d=mm&r=g\",\"contentUrl\":\"https:\/\/secure.gravatar.com\/avatar\/1b6716d8318da7cd8a049a1c7b480328?s=96&d=mm&r=g\",\"caption\":\"Valeria Catillo\"},\"sameAs\":[\"https:\/\/newsmediadirectories.com\/es\"]}]}<\/script>\n<!-- \/ Yoast SEO plugin. -->","yoast_head_json":{"title":"\u00a1Cuidado! Es hora de tomar acci\u00f3n para reducir el consumo excesivo en el mundo","robots":{"index":"index","follow":"follow","max-snippet":"max-snippet:-1","max-image-preview":"max-image-preview:large","max-video-preview":"max-video-preview:-1"},"canonical":"https:\/\/newsmediadirectories.com\/es\/cuidado-es-hora-de-tomar-accion-para-reducir-el-consumo-excesivo-en-el-mundo\/","og_locale":"es_ES","og_type":"article","og_title":"\u00a1Cuidado! Es hora de tomar acci\u00f3n para reducir el consumo excesivo en el mundo","og_description":"En los \u00faltimos a\u00f1os, el mundo ha visto un aumento preocupante en el consumo excesivo. Este patr\u00f3n de consumo est\u00e1 afectando el planeta de maneras significativas. Desde la proliferaci\u00f3n de residuos pl\u00e1sticos y la contaminaci\u00f3n del aire, hasta la sobrecarga en recursos naturales y la degradaci\u00f3n del medio ambiente, el costo ambiental del consumo excesivo [&hellip;]","og_url":"https:\/\/newsmediadirectories.com\/es\/cuidado-es-hora-de-tomar-accion-para-reducir-el-consumo-excesivo-en-el-mundo\/","og_site_name":"News Media Directories - Noticias Online","article_published_time":"2023-05-20T05:31:00+00:00","og_image":[{"width":1100,"height":454,"url":"https:\/\/newsmediadirectories.com\/es\/wp-content\/uploads\/2023\/05\/0-314.jpg","type":"image\/jpeg"}],"author":"Valeria Catillo","twitter_card":"summary_large_image","twitter_misc":{"Escrito por":"Valeria Catillo","Tiempo de lectura":"2 minutos"},"schema":{"@context":"https:\/\/schema.org","@graph":[{"@type":"WebPage","@id":"https:\/\/newsmediadirectories.com\/es\/cuidado-es-hora-de-tomar-accion-para-reducir-el-consumo-excesivo-en-el-mundo\/","url":"https:\/\/newsmediadirectories.com\/es\/cuidado-es-hora-de-tomar-accion-para-reducir-el-consumo-excesivo-en-el-mundo\/","name":"\u00a1Cuidado! Es hora de tomar acci\u00f3n para reducir el consumo excesivo en el mundo","isPartOf":{"@id":"https:\/\/newsmediadirectories.com\/es\/#website"},"primaryImageOfPage":{"@id":"https:\/\/newsmediadirectories.com\/es\/cuidado-es-hora-de-tomar-accion-para-reducir-el-consumo-excesivo-en-el-mundo\/#primaryimage"},"image":{"@id":"https:\/\/newsmediadirectories.com\/es\/cuidado-es-hora-de-tomar-accion-para-reducir-el-consumo-excesivo-en-el-mundo\/#primaryimage"},"thumbnailUrl":"https:\/\/newsmediadirectories.com\/es\/wp-content\/uploads\/2023\/05\/0-314.jpg","datePublished":"2023-05-20T05:31:00+00:00","dateModified":"2023-05-20T05:31:00+00:00","author":{"@id":"https:\/\/newsmediadirectories.com\/es\/#\/schema\/person\/d936c9a5f74cd01c7ff4e2b559363063"},"inLanguage":"es","potentialAction":[{"@type":"ReadAction","target":["https:\/\/newsmediadirectories.com\/es\/cuidado-es-hora-de-tomar-accion-para-reducir-el-consumo-excesivo-en-el-mundo\/"]}]},{"@type":"ImageObject","inLanguage":"es","@id":"https:\/\/newsmediadirectories.com\/es\/cuidado-es-hora-de-tomar-accion-para-reducir-el-consumo-excesivo-en-el-mundo\/#primaryimage","url":"https:\/\/newsmediadirectories.com\/es\/wp-content\/uploads\/2023\/05\/0-314.jpg","contentUrl":"https:\/\/newsmediadirectories.com\/es\/wp-content\/uploads\/2023\/05\/0-314.jpg","width":1100,"height":454},{"@type":"WebSite","@id":"https:\/\/newsmediadirectories.com\/es\/#website","url":"https:\/\/newsmediadirectories.com\/es\/","name":"News Media Directories - Noticias Online","description":"News Media Directories - Noticias Online","potentialAction":[{"@type":"SearchAction","target":{"@type":"EntryPoint","urlTemplate":"https:\/\/newsmediadirectories.com\/es\/?s={search_term_string}"},"query-input":{"@type":"PropertyValueSpecification","valueRequired":true,"valueName":"search_term_string"}}],"inLanguage":"es"},{"@type":"Person","@id":"https:\/\/newsmediadirectories.com\/es\/#\/schema\/person\/d936c9a5f74cd01c7ff4e2b559363063","name":"Valeria Catillo","image":{"@type":"ImageObject","inLanguage":"es","@id":"https:\/\/newsmediadirectories.com\/es\/#\/schema\/person\/image\/","url":"https:\/\/secure.gravatar.com\/avatar\/1b6716d8318da7cd8a049a1c7b480328?s=96&d=mm&r=g","contentUrl":"https:\/\/secure.gravatar.com\/avatar\/1b6716d8318da7cd8a049a1c7b480328?s=96&d=mm&r=g","caption":"Valeria Catillo"},"sameAs":["https:\/\/newsmediadirectories.com\/es"]}]}},"_links":{"self":[{"href":"https:\/\/newsmediadirectories.com\/es\/wp-json\/wp\/v2\/posts\/4251"}],"collection":[{"href":"https:\/\/newsmediadirectories.com\/es\/wp-json\/wp\/v2\/posts"}],"about":[{"href":"https:\/\/newsmediadirectories.com\/es\/wp-json\/wp\/v2\/types\/post"}],"author":[{"embeddable":true,"href":"https:\/\/newsmediadirectories.com\/es\/wp-json\/wp\/v2\/users\/1"}],"replies":[{"embeddable":true,"href":"https:\/\/newsmediadirectories.com\/es\/wp-json\/wp\/v2\/comments?post=4251"}],"version-history":[{"count":0,"href":"https:\/\/newsmediadirectories.com\/es\/wp-json\/wp\/v2\/posts\/4251\/revisions"}],"wp:featuredmedia":[{"embeddable":true,"href":"https:\/\/newsmediadirectories.com\/es\/wp-json\/wp\/v2\/media\/3830"}],"wp:attachment":[{"href":"https:\/\/newsmediadirectories.com\/es\/wp-json\/wp\/v2\/media?parent=4251"}],"wp:term":[{"taxonomy":"category","embeddable":true,"href":"https:\/\/newsmediadirectories.com\/es\/wp-json\/wp\/v2\/categories?post=4251"},{"taxonomy":"post_tag","embeddable":true,"href":"https:\/\/newsmediadirectories.com\/es\/wp-json\/wp\/v2\/tags?post=4251"},{"taxonomy":"wf_post_folders","embeddable":true,"href":"https:\/\/newsmediadirectories.com\/es\/wp-json\/wp\/v2\/wf_post_folders?post=4251"}],"curies":[{"name":"wp","href":"https:\/\/api.w.org\/{rel}","templated":true}]}}