{"id":4247,"date":"2023-05-20T05:31:01","date_gmt":"2023-05-20T05:31:01","guid":{"rendered":"https:\/\/newsmediadirectories.com\/es\/movilizacion-y-compromiso-por-un-futuro-verde-la-ecologia-y-la-politica-se-unen\/"},"modified":"2023-05-20T05:31:01","modified_gmt":"2023-05-20T05:31:01","slug":"movilizacion-y-compromiso-por-un-futuro-verde-la-ecologia-y-la-politica-se-unen","status":"publish","type":"post","link":"https:\/\/newsmediadirectories.com\/es\/movilizacion-y-compromiso-por-un-futuro-verde-la-ecologia-y-la-politica-se-unen\/","title":{"rendered":"Movilizaci\u00f3n y compromiso por un futuro verde: la ecolog\u00eda y la pol\u00edtica se unen"},"content":{"rendered":"<p>En los \u00faltimos a\u00f1os, hemos sido testigos de un creciente compromiso pol\u00edtico para hacer frente al cambio clim\u00e1tico y a la crisis ambiental que enfrentamos a nivel global. Esta movilizaci\u00f3n en favor de un futuro verde se ha convertido en una preocupaci\u00f3n prioritaria de la sociedad e incluso ha generado cambios en la forma en que los pol\u00edticos abordan el tema.<\/p>\n<p>La ecolog\u00eda y la pol\u00edtica se est\u00e1n uniendo en un esfuerzo conjunto para impulsar medidas y pol\u00edticas p\u00fablicas que promuevan la sostenibilidad y la preservaci\u00f3n medioambiental. La urgencia por mitigar los efectos del cambio clim\u00e1tico ha llevado a que muchos pa\u00edses establezcan objetivos ambiciosos y estrategias concretas para su consecuci\u00f3n.<\/p>\n<p>En este sentido, la Cumbre del Clima de Par\u00eds en 2015 fue un hito que marc\u00f3 un importante punto de inflexi\u00f3n en la lucha contra el cambio clim\u00e1tico y sent\u00f3 las bases para un compromiso global en la reducci\u00f3n de emisiones de gases de efecto invernadero.<\/p>\n<p>En el contexto actual, la juventud se ha convertido en un actor clave en la movilizaci\u00f3n por un futuro verde. Los j\u00f3venes han liderado manifestaciones y protestas que han puesto de manifiesto la urgencia en la toma de medidas concretas para la preservaci\u00f3n del medio ambiente.<\/p>\n<p>En este sentido, Greta Thunberg, la joven activista sueca, se ha convertido en un \u00edcono de la lucha contra el cambio clim\u00e1tico y ha llamado la atenci\u00f3n mundial al incitar a l\u00edderes pol\u00edticos y empresariales a tomar medidas inmediatas para frenar la crisis ambiental.<\/p>\n<p>Por otro lado, la sostenibilidad y la preservaci\u00f3n medioambiental se han incorporado a la agenda pol\u00edtica como temas prioritarios en la toma de decisiones. Cada vez m\u00e1s partidos pol\u00edticos ofrecen planes ambientales en sus propuestas electorales, reflejando un cambio de mentalidad en las sociedades.<\/p>\n<p>En conclusi\u00f3n, la uni\u00f3n entre la ecolog\u00eda y la pol\u00edtica tiene como objetivo la construcci\u00f3n de un futuro m\u00e1s sostenible, y esto se ha convertido en una preocupaci\u00f3n global. La juventud ha tomado el liderazgo en la movilizaci\u00f3n por un futuro verde, y los pol\u00edticos han incorporado esta preocupaci\u00f3n como parte de su agenda pol\u00edtica. La lucha contra el cambio clim\u00e1tico es una responsabilidad compartida que requiere de un esfuerzo conjunto entre todos los actores de la sociedad para lograr la sostenibilidad ambiental.<\/p>\n<p>Nota express publicada por <a href=\"https:\/\/mediastarpress.com\/\" target=\"_blank\" rel=\"noopener\">MediaStar | Agencia de Medios<\/a>.<\/p>\n","protected":false},"excerpt":{"rendered":"<p>En los \u00faltimos a\u00f1os, hemos sido testigos de un creciente compromiso pol\u00edtico para hacer frente al cambio clim\u00e1tico y a la crisis ambiental que enfrentamos a nivel global. Esta movilizaci\u00f3n en favor de un futuro verde se ha convertido en una preocupaci\u00f3n prioritaria de la sociedad e incluso ha generado cambios en la forma en [&hellip;]<\/p>\n","protected":false},"author":1,"featured_media":3909,"comment_status":"open","ping_status":"open","sticky":false,"template":"","format":"standard","meta":{"inline_featured_image":false,"footnotes":""},"categories":[38],"tags":[],"wf_post_folders":[],"class_list":{"0":"post-4247","1":"post","2":"type-post","3":"status-publish","4":"format-standard","5":"has-post-thumbnail","7":"category-fast-news"},"yoast_head":"<!-- This site is optimized with the Yoast SEO plugin v24.1 - https:\/\/yoast.com\/wordpress\/plugins\/seo\/ -->\n<title>Movilizaci\u00f3n y compromiso por un futuro verde: la ecolog\u00eda y la pol\u00edtica se unen<\/title>\n<meta name=\"robots\" content=\"index, follow, max-snippet:-1, max-image-preview:large, max-video-preview:-1\" \/>\n<link rel=\"canonical\" href=\"https:\/\/newsmediadirectories.com\/es\/movilizacion-y-compromiso-por-un-futuro-verde-la-ecologia-y-la-politica-se-unen\/\" \/>\n<meta property=\"og:locale\" content=\"es_ES\" \/>\n<meta property=\"og:type\" content=\"article\" \/>\n<meta property=\"og:title\" content=\"Movilizaci\u00f3n y compromiso por un futuro verde: la ecolog\u00eda y la pol\u00edtica se unen\" \/>\n<meta property=\"og:description\" content=\"En los \u00faltimos a\u00f1os, hemos sido testigos de un creciente compromiso pol\u00edtico para hacer frente al cambio clim\u00e1tico y a la crisis ambiental que enfrentamos a nivel global. Esta movilizaci\u00f3n en favor de un futuro verde se ha convertido en una preocupaci\u00f3n prioritaria de la sociedad e incluso ha generado cambios en la forma en [&hellip;]\" \/>\n<meta property=\"og:url\" content=\"https:\/\/newsmediadirectories.com\/es\/movilizacion-y-compromiso-por-un-futuro-verde-la-ecologia-y-la-politica-se-unen\/\" \/>\n<meta property=\"og:site_name\" content=\"News Media Directories - Noticias Online\" \/>\n<meta property=\"article:published_time\" content=\"2023-05-20T05:31:01+00:00\" \/>\n<meta property=\"og:image\" content=\"https:\/\/newsmediadirectories.com\/es\/wp-content\/uploads\/2023\/05\/01-32.jpg\" \/>\n\t<meta property=\"og:image:width\" content=\"1100\" \/>\n\t<meta property=\"og:image:height\" content=\"733\" \/>\n\t<meta property=\"og:image:type\" content=\"image\/jpeg\" \/>\n<meta name=\"author\" content=\"Valeria Catillo\" \/>\n<meta name=\"twitter:card\" content=\"summary_large_image\" \/>\n<meta name=\"twitter:label1\" content=\"Escrito por\" \/>\n\t<meta name=\"twitter:data1\" content=\"Valeria Catillo\" \/>\n\t<meta name=\"twitter:label2\" content=\"Tiempo de lectura\" \/>\n\t<meta name=\"twitter:data2\" content=\"2 minutos\" \/>\n<script type=\"application\/ld+json\" class=\"yoast-schema-graph\">{\"@context\":\"https:\/\/schema.org\",\"@graph\":[{\"@type\":\"WebPage\",\"@id\":\"https:\/\/newsmediadirectories.com\/es\/movilizacion-y-compromiso-por-un-futuro-verde-la-ecologia-y-la-politica-se-unen\/\",\"url\":\"https:\/\/newsmediadirectories.com\/es\/movilizacion-y-compromiso-por-un-futuro-verde-la-ecologia-y-la-politica-se-unen\/\",\"name\":\"Movilizaci\u00f3n y compromiso por un futuro verde: la ecolog\u00eda y la pol\u00edtica se unen\",\"isPartOf\":{\"@id\":\"https:\/\/newsmediadirectories.com\/es\/#website\"},\"primaryImageOfPage\":{\"@id\":\"https:\/\/newsmediadirectories.com\/es\/movilizacion-y-compromiso-por-un-futuro-verde-la-ecologia-y-la-politica-se-unen\/#primaryimage\"},\"image\":{\"@id\":\"https:\/\/newsmediadirectories.com\/es\/movilizacion-y-compromiso-por-un-futuro-verde-la-ecologia-y-la-politica-se-unen\/#primaryimage\"},\"thumbnailUrl\":\"https:\/\/newsmediadirectories.com\/es\/wp-content\/uploads\/2023\/05\/01-32.jpg\",\"datePublished\":\"2023-05-20T05:31:01+00:00\",\"dateModified\":\"2023-05-20T05:31:01+00:00\",\"author\":{\"@id\":\"https:\/\/newsmediadirectories.com\/es\/#\/schema\/person\/d936c9a5f74cd01c7ff4e2b559363063\"},\"inLanguage\":\"es\",\"potentialAction\":[{\"@type\":\"ReadAction\",\"target\":[\"https:\/\/newsmediadirectories.com\/es\/movilizacion-y-compromiso-por-un-futuro-verde-la-ecologia-y-la-politica-se-unen\/\"]}]},{\"@type\":\"ImageObject\",\"inLanguage\":\"es\",\"@id\":\"https:\/\/newsmediadirectories.com\/es\/movilizacion-y-compromiso-por-un-futuro-verde-la-ecologia-y-la-politica-se-unen\/#primaryimage\",\"url\":\"https:\/\/newsmediadirectories.com\/es\/wp-content\/uploads\/2023\/05\/01-32.jpg\",\"contentUrl\":\"https:\/\/newsmediadirectories.com\/es\/wp-content\/uploads\/2023\/05\/01-32.jpg\",\"width\":1100,\"height\":733},{\"@type\":\"WebSite\",\"@id\":\"https:\/\/newsmediadirectories.com\/es\/#website\",\"url\":\"https:\/\/newsmediadirectories.com\/es\/\",\"name\":\"News Media Directories - Noticias Online\",\"description\":\"News Media Directories - Noticias Online\",\"potentialAction\":[{\"@type\":\"SearchAction\",\"target\":{\"@type\":\"EntryPoint\",\"urlTemplate\":\"https:\/\/newsmediadirectories.com\/es\/?s={search_term_string}\"},\"query-input\":{\"@type\":\"PropertyValueSpecification\",\"valueRequired\":true,\"valueName\":\"search_term_string\"}}],\"inLanguage\":\"es\"},{\"@type\":\"Person\",\"@id\":\"https:\/\/newsmediadirectories.com\/es\/#\/schema\/person\/d936c9a5f74cd01c7ff4e2b559363063\",\"name\":\"Valeria Catillo\",\"image\":{\"@type\":\"ImageObject\",\"inLanguage\":\"es\",\"@id\":\"https:\/\/newsmediadirectories.com\/es\/#\/schema\/person\/image\/\",\"url\":\"https:\/\/secure.gravatar.com\/avatar\/1b6716d8318da7cd8a049a1c7b480328?s=96&d=mm&r=g\",\"contentUrl\":\"https:\/\/secure.gravatar.com\/avatar\/1b6716d8318da7cd8a049a1c7b480328?s=96&d=mm&r=g\",\"caption\":\"Valeria Catillo\"},\"sameAs\":[\"https:\/\/newsmediadirectories.com\/es\"]}]}<\/script>\n<!-- \/ Yoast SEO plugin. -->","yoast_head_json":{"title":"Movilizaci\u00f3n y compromiso por un futuro verde: la ecolog\u00eda y la pol\u00edtica se unen","robots":{"index":"index","follow":"follow","max-snippet":"max-snippet:-1","max-image-preview":"max-image-preview:large","max-video-preview":"max-video-preview:-1"},"canonical":"https:\/\/newsmediadirectories.com\/es\/movilizacion-y-compromiso-por-un-futuro-verde-la-ecologia-y-la-politica-se-unen\/","og_locale":"es_ES","og_type":"article","og_title":"Movilizaci\u00f3n y compromiso por un futuro verde: la ecolog\u00eda y la pol\u00edtica se unen","og_description":"En los \u00faltimos a\u00f1os, hemos sido testigos de un creciente compromiso pol\u00edtico para hacer frente al cambio clim\u00e1tico y a la crisis ambiental que enfrentamos a nivel global. Esta movilizaci\u00f3n en favor de un futuro verde se ha convertido en una preocupaci\u00f3n prioritaria de la sociedad e incluso ha generado cambios en la forma en [&hellip;]","og_url":"https:\/\/newsmediadirectories.com\/es\/movilizacion-y-compromiso-por-un-futuro-verde-la-ecologia-y-la-politica-se-unen\/","og_site_name":"News Media Directories - Noticias Online","article_published_time":"2023-05-20T05:31:01+00:00","og_image":[{"width":1100,"height":733,"url":"https:\/\/newsmediadirectories.com\/es\/wp-content\/uploads\/2023\/05\/01-32.jpg","type":"image\/jpeg"}],"author":"Valeria Catillo","twitter_card":"summary_large_image","twitter_misc":{"Escrito por":"Valeria Catillo","Tiempo de lectura":"2 minutos"},"schema":{"@context":"https:\/\/schema.org","@graph":[{"@type":"WebPage","@id":"https:\/\/newsmediadirectories.com\/es\/movilizacion-y-compromiso-por-un-futuro-verde-la-ecologia-y-la-politica-se-unen\/","url":"https:\/\/newsmediadirectories.com\/es\/movilizacion-y-compromiso-por-un-futuro-verde-la-ecologia-y-la-politica-se-unen\/","name":"Movilizaci\u00f3n y compromiso por un futuro verde: la ecolog\u00eda y la pol\u00edtica se unen","isPartOf":{"@id":"https:\/\/newsmediadirectories.com\/es\/#website"},"primaryImageOfPage":{"@id":"https:\/\/newsmediadirectories.com\/es\/movilizacion-y-compromiso-por-un-futuro-verde-la-ecologia-y-la-politica-se-unen\/#primaryimage"},"image":{"@id":"https:\/\/newsmediadirectories.com\/es\/movilizacion-y-compromiso-por-un-futuro-verde-la-ecologia-y-la-politica-se-unen\/#primaryimage"},"thumbnailUrl":"https:\/\/newsmediadirectories.com\/es\/wp-content\/uploads\/2023\/05\/01-32.jpg","datePublished":"2023-05-20T05:31:01+00:00","dateModified":"2023-05-20T05:31:01+00:00","author":{"@id":"https:\/\/newsmediadirectories.com\/es\/#\/schema\/person\/d936c9a5f74cd01c7ff4e2b559363063"},"inLanguage":"es","potentialAction":[{"@type":"ReadAction","target":["https:\/\/newsmediadirectories.com\/es\/movilizacion-y-compromiso-por-un-futuro-verde-la-ecologia-y-la-politica-se-unen\/"]}]},{"@type":"ImageObject","inLanguage":"es","@id":"https:\/\/newsmediadirectories.com\/es\/movilizacion-y-compromiso-por-un-futuro-verde-la-ecologia-y-la-politica-se-unen\/#primaryimage","url":"https:\/\/newsmediadirectories.com\/es\/wp-content\/uploads\/2023\/05\/01-32.jpg","contentUrl":"https:\/\/newsmediadirectories.com\/es\/wp-content\/uploads\/2023\/05\/01-32.jpg","width":1100,"height":733},{"@type":"WebSite","@id":"https:\/\/newsmediadirectories.com\/es\/#website","url":"https:\/\/newsmediadirectories.com\/es\/","name":"News Media Directories - Noticias Online","description":"News Media Directories - Noticias Online","potentialAction":[{"@type":"SearchAction","target":{"@type":"EntryPoint","urlTemplate":"https:\/\/newsmediadirectories.com\/es\/?s={search_term_string}"},"query-input":{"@type":"PropertyValueSpecification","valueRequired":true,"valueName":"search_term_string"}}],"inLanguage":"es"},{"@type":"Person","@id":"https:\/\/newsmediadirectories.com\/es\/#\/schema\/person\/d936c9a5f74cd01c7ff4e2b559363063","name":"Valeria Catillo","image":{"@type":"ImageObject","inLanguage":"es","@id":"https:\/\/newsmediadirectories.com\/es\/#\/schema\/person\/image\/","url":"https:\/\/secure.gravatar.com\/avatar\/1b6716d8318da7cd8a049a1c7b480328?s=96&d=mm&r=g","contentUrl":"https:\/\/secure.gravatar.com\/avatar\/1b6716d8318da7cd8a049a1c7b480328?s=96&d=mm&r=g","caption":"Valeria Catillo"},"sameAs":["https:\/\/newsmediadirectories.com\/es"]}]}},"_links":{"self":[{"href":"https:\/\/newsmediadirectories.com\/es\/wp-json\/wp\/v2\/posts\/4247"}],"collection":[{"href":"https:\/\/newsmediadirectories.com\/es\/wp-json\/wp\/v2\/posts"}],"about":[{"href":"https:\/\/newsmediadirectories.com\/es\/wp-json\/wp\/v2\/types\/post"}],"author":[{"embeddable":true,"href":"https:\/\/newsmediadirectories.com\/es\/wp-json\/wp\/v2\/users\/1"}],"replies":[{"embeddable":true,"href":"https:\/\/newsmediadirectories.com\/es\/wp-json\/wp\/v2\/comments?post=4247"}],"version-history":[{"count":0,"href":"https:\/\/newsmediadirectories.com\/es\/wp-json\/wp\/v2\/posts\/4247\/revisions"}],"wp:featuredmedia":[{"embeddable":true,"href":"https:\/\/newsmediadirectories.com\/es\/wp-json\/wp\/v2\/media\/3909"}],"wp:attachment":[{"href":"https:\/\/newsmediadirectories.com\/es\/wp-json\/wp\/v2\/media?parent=4247"}],"wp:term":[{"taxonomy":"category","embeddable":true,"href":"https:\/\/newsmediadirectories.com\/es\/wp-json\/wp\/v2\/categories?post=4247"},{"taxonomy":"post_tag","embeddable":true,"href":"https:\/\/newsmediadirectories.com\/es\/wp-json\/wp\/v2\/tags?post=4247"},{"taxonomy":"wf_post_folders","embeddable":true,"href":"https:\/\/newsmediadirectories.com\/es\/wp-json\/wp\/v2\/wf_post_folders?post=4247"}],"curies":[{"name":"wp","href":"https:\/\/api.w.org\/{rel}","templated":true}]}}