{"id":4229,"date":"2023-05-28T07:46:46","date_gmt":"2023-05-28T07:46:46","guid":{"rendered":"https:\/\/newsmediadirectories.com\/es\/basta-de-prejuicios-el-mundo-necesita-igualdad-ahora-mas-que-nunca\/"},"modified":"2023-12-19T13:27:27","modified_gmt":"2023-12-19T13:27:27","slug":"basta-de-prejuicios-el-mundo-necesita-igualdad-ahora-mas-que-nunca","status":"publish","type":"post","link":"https:\/\/newsmediadirectories.com\/es\/basta-de-prejuicios-el-mundo-necesita-igualdad-ahora-mas-que-nunca\/","title":{"rendered":"\u00a1Basta de prejuicios! El mundo necesita igualdad ahora m\u00e1s que nunca"},"content":{"rendered":"<p>En la actualidad, el mundo est\u00e1 viviendo momentos de transformaci\u00f3n y cambio, en los que se han hecho m\u00e1s evidentes las desigualdades y discriminaciones a las que hist\u00f3ricamente han estado sometidos ciertos grupos de la sociedad. En este contexto, el llamado a la eliminaci\u00f3n de prejuicios se hace m\u00e1s urgente que nunca.<\/p>\n<p>El prejuicio es una actitud negativa hacia personas o grupos basada en estereotipos y generalizaciones infundadas. Es una forma de discriminaci\u00f3n que se ha perpetuado durante siglos en la sociedad, y que hoy en d\u00eda se expresa en distintas formas de violencia, desigualdad y exclusi\u00f3n.<\/p>\n<p>Ante esta realidad, es necesario promover y defender la igualdad de derechos y oportunidades para todos los seres humanos, sin importar su origen sexual, racial, \u00e9tnico, religioso o cualquier otra caracter\u00edstica que pueda ser utilizada para discriminarlos.<\/p>\n<p>En este sentido, la educaci\u00f3n es una herramienta fundamental para erradicar el prejuicio y fomentar valores de respeto, tolerancia y diversidad. Tambi\u00e9n es necesario establecer pol\u00edticas p\u00fablicas que protejan los derechos de aquellos que han sido hist\u00f3ricamente discriminados, y que promuevan su inclusi\u00f3n en todos los \u00e1mbitos de la sociedad.<\/p>\n<p>Adem\u00e1s, el compromiso ciudadano es crucial para lograr un mundo m\u00e1s igualitario y libre de prejuicios. Todos somos responsables de tomar acciones para cambiar nuestras propias actitudes y comportamientos, y para denunciar cualquier acto de discriminaci\u00f3n que presenciemos.<\/p>\n<p>En conclusi\u00f3n, el mundo necesita igualdad ahora m\u00e1s que nunca. La erradicaci\u00f3n del prejuicio y la promoci\u00f3n de la inclusi\u00f3n son fundamentales para construir una sociedad justa y equitativa, en la que todas las personas tengan las mismas oportunidades y derechos. Es tarea de todos contribuir a hacer realidad este objetivo.<\/p>\n<p>Nota express publicada por <a href=\"https:\/\/mediastarpress.com\/\" target=\"_blank\" rel=\"noopener\">MediaStar | Agencia de Medios<\/a>.<\/p>\n","protected":false},"excerpt":{"rendered":"<p>En la actualidad, el mundo est\u00e1 viviendo momentos de transformaci\u00f3n y cambio, en los que se han hecho m\u00e1s evidentes las desigualdades y discriminaciones a las que hist\u00f3ricamente han estado sometidos ciertos grupos de la sociedad. En este contexto, el llamado a la eliminaci\u00f3n de prejuicios se hace m\u00e1s urgente que nunca. El prejuicio es [&hellip;]<\/p>\n","protected":false},"author":31,"featured_media":3560,"comment_status":"open","ping_status":"open","sticky":false,"template":"","format":"standard","meta":{"inline_featured_image":false,"footnotes":""},"categories":[1],"tags":[],"wf_post_folders":[],"class_list":{"0":"post-4229","1":"post","2":"type-post","3":"status-publish","4":"format-standard","5":"has-post-thumbnail","7":"category-noticias"},"yoast_head":"<!-- This site is optimized with the Yoast SEO plugin v24.1 - https:\/\/yoast.com\/wordpress\/plugins\/seo\/ -->\n<title>\u00a1Basta de prejuicios! El mundo necesita igualdad ahora m\u00e1s que nunca<\/title>\n<meta name=\"robots\" content=\"index, follow, max-snippet:-1, max-image-preview:large, max-video-preview:-1\" \/>\n<link rel=\"canonical\" href=\"https:\/\/newsmediadirectories.com\/es\/basta-de-prejuicios-el-mundo-necesita-igualdad-ahora-mas-que-nunca\/\" \/>\n<meta property=\"og:locale\" content=\"es_ES\" \/>\n<meta property=\"og:type\" content=\"article\" \/>\n<meta property=\"og:title\" content=\"\u00a1Basta de prejuicios! El mundo necesita igualdad ahora m\u00e1s que nunca\" \/>\n<meta property=\"og:description\" content=\"En la actualidad, el mundo est\u00e1 viviendo momentos de transformaci\u00f3n y cambio, en los que se han hecho m\u00e1s evidentes las desigualdades y discriminaciones a las que hist\u00f3ricamente han estado sometidos ciertos grupos de la sociedad. En este contexto, el llamado a la eliminaci\u00f3n de prejuicios se hace m\u00e1s urgente que nunca. El prejuicio es [&hellip;]\" \/>\n<meta property=\"og:url\" content=\"https:\/\/newsmediadirectories.com\/es\/basta-de-prejuicios-el-mundo-necesita-igualdad-ahora-mas-que-nunca\/\" \/>\n<meta property=\"og:site_name\" content=\"News Media Directories - Noticias Online\" \/>\n<meta property=\"article:published_time\" content=\"2023-05-28T07:46:46+00:00\" \/>\n<meta property=\"article:modified_time\" content=\"2023-12-19T13:27:27+00:00\" \/>\n<meta property=\"og:image\" content=\"https:\/\/newsmediadirectories.com\/es\/wp-content\/uploads\/2023\/05\/0-310.jpg\" \/>\n\t<meta property=\"og:image:width\" content=\"1100\" \/>\n\t<meta property=\"og:image:height\" content=\"733\" \/>\n\t<meta property=\"og:image:type\" content=\"image\/jpeg\" \/>\n<meta name=\"author\" content=\"Tom\u00e1s Medina\" \/>\n<meta name=\"twitter:card\" content=\"summary_large_image\" \/>\n<meta name=\"twitter:label1\" content=\"Escrito por\" \/>\n\t<meta name=\"twitter:data1\" content=\"Tom\u00e1s Medina\" \/>\n\t<meta name=\"twitter:label2\" content=\"Tiempo de lectura\" \/>\n\t<meta name=\"twitter:data2\" content=\"2 minutos\" \/>\n<script type=\"application\/ld+json\" class=\"yoast-schema-graph\">{\"@context\":\"https:\/\/schema.org\",\"@graph\":[{\"@type\":\"WebPage\",\"@id\":\"https:\/\/newsmediadirectories.com\/es\/basta-de-prejuicios-el-mundo-necesita-igualdad-ahora-mas-que-nunca\/\",\"url\":\"https:\/\/newsmediadirectories.com\/es\/basta-de-prejuicios-el-mundo-necesita-igualdad-ahora-mas-que-nunca\/\",\"name\":\"\u00a1Basta de prejuicios! El mundo necesita igualdad ahora m\u00e1s que nunca\",\"isPartOf\":{\"@id\":\"https:\/\/newsmediadirectories.com\/es\/#website\"},\"primaryImageOfPage\":{\"@id\":\"https:\/\/newsmediadirectories.com\/es\/basta-de-prejuicios-el-mundo-necesita-igualdad-ahora-mas-que-nunca\/#primaryimage\"},\"image\":{\"@id\":\"https:\/\/newsmediadirectories.com\/es\/basta-de-prejuicios-el-mundo-necesita-igualdad-ahora-mas-que-nunca\/#primaryimage\"},\"thumbnailUrl\":\"https:\/\/newsmediadirectories.com\/es\/wp-content\/uploads\/2023\/05\/0-310.jpg\",\"datePublished\":\"2023-05-28T07:46:46+00:00\",\"dateModified\":\"2023-12-19T13:27:27+00:00\",\"author\":{\"@id\":\"https:\/\/newsmediadirectories.com\/es\/#\/schema\/person\/9b5a2134bf11c9a8452ce5a975492b7e\"},\"inLanguage\":\"es\",\"potentialAction\":[{\"@type\":\"ReadAction\",\"target\":[\"https:\/\/newsmediadirectories.com\/es\/basta-de-prejuicios-el-mundo-necesita-igualdad-ahora-mas-que-nunca\/\"]}]},{\"@type\":\"ImageObject\",\"inLanguage\":\"es\",\"@id\":\"https:\/\/newsmediadirectories.com\/es\/basta-de-prejuicios-el-mundo-necesita-igualdad-ahora-mas-que-nunca\/#primaryimage\",\"url\":\"https:\/\/newsmediadirectories.com\/es\/wp-content\/uploads\/2023\/05\/0-310.jpg\",\"contentUrl\":\"https:\/\/newsmediadirectories.com\/es\/wp-content\/uploads\/2023\/05\/0-310.jpg\",\"width\":1100,\"height\":733},{\"@type\":\"WebSite\",\"@id\":\"https:\/\/newsmediadirectories.com\/es\/#website\",\"url\":\"https:\/\/newsmediadirectories.com\/es\/\",\"name\":\"News Media Directories - Noticias Online\",\"description\":\"News Media Directories - Noticias Online\",\"potentialAction\":[{\"@type\":\"SearchAction\",\"target\":{\"@type\":\"EntryPoint\",\"urlTemplate\":\"https:\/\/newsmediadirectories.com\/es\/?s={search_term_string}\"},\"query-input\":{\"@type\":\"PropertyValueSpecification\",\"valueRequired\":true,\"valueName\":\"search_term_string\"}}],\"inLanguage\":\"es\"},{\"@type\":\"Person\",\"@id\":\"https:\/\/newsmediadirectories.com\/es\/#\/schema\/person\/9b5a2134bf11c9a8452ce5a975492b7e\",\"name\":\"Tom\u00e1s Medina\",\"image\":{\"@type\":\"ImageObject\",\"inLanguage\":\"es\",\"@id\":\"https:\/\/newsmediadirectories.com\/es\/#\/schema\/person\/image\/\",\"url\":\"https:\/\/secure.gravatar.com\/avatar\/259b6a4351500f22898b540ec5f2d709?s=96&d=mm&r=g\",\"contentUrl\":\"https:\/\/secure.gravatar.com\/avatar\/259b6a4351500f22898b540ec5f2d709?s=96&d=mm&r=g\",\"caption\":\"Tom\u00e1s Medina\"},\"description\":\"Informo desde todos los rincones del mundo. Mantente al tanto de las noticias m\u00e1s impactantes y relevantes. Aparece en peri\u00f3dicos digitales y domina los buscadores, Inf\u00f3rmate aqu\u00ed.\"}]}<\/script>\n<!-- \/ Yoast SEO plugin. -->","yoast_head_json":{"title":"\u00a1Basta de prejuicios! El mundo necesita igualdad ahora m\u00e1s que nunca","robots":{"index":"index","follow":"follow","max-snippet":"max-snippet:-1","max-image-preview":"max-image-preview:large","max-video-preview":"max-video-preview:-1"},"canonical":"https:\/\/newsmediadirectories.com\/es\/basta-de-prejuicios-el-mundo-necesita-igualdad-ahora-mas-que-nunca\/","og_locale":"es_ES","og_type":"article","og_title":"\u00a1Basta de prejuicios! El mundo necesita igualdad ahora m\u00e1s que nunca","og_description":"En la actualidad, el mundo est\u00e1 viviendo momentos de transformaci\u00f3n y cambio, en los que se han hecho m\u00e1s evidentes las desigualdades y discriminaciones a las que hist\u00f3ricamente han estado sometidos ciertos grupos de la sociedad. En este contexto, el llamado a la eliminaci\u00f3n de prejuicios se hace m\u00e1s urgente que nunca. El prejuicio es [&hellip;]","og_url":"https:\/\/newsmediadirectories.com\/es\/basta-de-prejuicios-el-mundo-necesita-igualdad-ahora-mas-que-nunca\/","og_site_name":"News Media Directories - Noticias Online","article_published_time":"2023-05-28T07:46:46+00:00","article_modified_time":"2023-12-19T13:27:27+00:00","og_image":[{"width":1100,"height":733,"url":"https:\/\/newsmediadirectories.com\/es\/wp-content\/uploads\/2023\/05\/0-310.jpg","type":"image\/jpeg"}],"author":"Tom\u00e1s Medina","twitter_card":"summary_large_image","twitter_misc":{"Escrito por":"Tom\u00e1s Medina","Tiempo de lectura":"2 minutos"},"schema":{"@context":"https:\/\/schema.org","@graph":[{"@type":"WebPage","@id":"https:\/\/newsmediadirectories.com\/es\/basta-de-prejuicios-el-mundo-necesita-igualdad-ahora-mas-que-nunca\/","url":"https:\/\/newsmediadirectories.com\/es\/basta-de-prejuicios-el-mundo-necesita-igualdad-ahora-mas-que-nunca\/","name":"\u00a1Basta de prejuicios! El mundo necesita igualdad ahora m\u00e1s que nunca","isPartOf":{"@id":"https:\/\/newsmediadirectories.com\/es\/#website"},"primaryImageOfPage":{"@id":"https:\/\/newsmediadirectories.com\/es\/basta-de-prejuicios-el-mundo-necesita-igualdad-ahora-mas-que-nunca\/#primaryimage"},"image":{"@id":"https:\/\/newsmediadirectories.com\/es\/basta-de-prejuicios-el-mundo-necesita-igualdad-ahora-mas-que-nunca\/#primaryimage"},"thumbnailUrl":"https:\/\/newsmediadirectories.com\/es\/wp-content\/uploads\/2023\/05\/0-310.jpg","datePublished":"2023-05-28T07:46:46+00:00","dateModified":"2023-12-19T13:27:27+00:00","author":{"@id":"https:\/\/newsmediadirectories.com\/es\/#\/schema\/person\/9b5a2134bf11c9a8452ce5a975492b7e"},"inLanguage":"es","potentialAction":[{"@type":"ReadAction","target":["https:\/\/newsmediadirectories.com\/es\/basta-de-prejuicios-el-mundo-necesita-igualdad-ahora-mas-que-nunca\/"]}]},{"@type":"ImageObject","inLanguage":"es","@id":"https:\/\/newsmediadirectories.com\/es\/basta-de-prejuicios-el-mundo-necesita-igualdad-ahora-mas-que-nunca\/#primaryimage","url":"https:\/\/newsmediadirectories.com\/es\/wp-content\/uploads\/2023\/05\/0-310.jpg","contentUrl":"https:\/\/newsmediadirectories.com\/es\/wp-content\/uploads\/2023\/05\/0-310.jpg","width":1100,"height":733},{"@type":"WebSite","@id":"https:\/\/newsmediadirectories.com\/es\/#website","url":"https:\/\/newsmediadirectories.com\/es\/","name":"News Media Directories - Noticias Online","description":"News Media Directories - Noticias Online","potentialAction":[{"@type":"SearchAction","target":{"@type":"EntryPoint","urlTemplate":"https:\/\/newsmediadirectories.com\/es\/?s={search_term_string}"},"query-input":{"@type":"PropertyValueSpecification","valueRequired":true,"valueName":"search_term_string"}}],"inLanguage":"es"},{"@type":"Person","@id":"https:\/\/newsmediadirectories.com\/es\/#\/schema\/person\/9b5a2134bf11c9a8452ce5a975492b7e","name":"Tom\u00e1s Medina","image":{"@type":"ImageObject","inLanguage":"es","@id":"https:\/\/newsmediadirectories.com\/es\/#\/schema\/person\/image\/","url":"https:\/\/secure.gravatar.com\/avatar\/259b6a4351500f22898b540ec5f2d709?s=96&d=mm&r=g","contentUrl":"https:\/\/secure.gravatar.com\/avatar\/259b6a4351500f22898b540ec5f2d709?s=96&d=mm&r=g","caption":"Tom\u00e1s Medina"},"description":"Informo desde todos los rincones del mundo. Mantente al tanto de las noticias m\u00e1s impactantes y relevantes. Aparece en peri\u00f3dicos digitales y domina los buscadores, Inf\u00f3rmate aqu\u00ed."}]}},"_links":{"self":[{"href":"https:\/\/newsmediadirectories.com\/es\/wp-json\/wp\/v2\/posts\/4229"}],"collection":[{"href":"https:\/\/newsmediadirectories.com\/es\/wp-json\/wp\/v2\/posts"}],"about":[{"href":"https:\/\/newsmediadirectories.com\/es\/wp-json\/wp\/v2\/types\/post"}],"author":[{"embeddable":true,"href":"https:\/\/newsmediadirectories.com\/es\/wp-json\/wp\/v2\/users\/31"}],"replies":[{"embeddable":true,"href":"https:\/\/newsmediadirectories.com\/es\/wp-json\/wp\/v2\/comments?post=4229"}],"version-history":[{"count":1,"href":"https:\/\/newsmediadirectories.com\/es\/wp-json\/wp\/v2\/posts\/4229\/revisions"}],"predecessor-version":[{"id":5716,"href":"https:\/\/newsmediadirectories.com\/es\/wp-json\/wp\/v2\/posts\/4229\/revisions\/5716"}],"wp:featuredmedia":[{"embeddable":true,"href":"https:\/\/newsmediadirectories.com\/es\/wp-json\/wp\/v2\/media\/3560"}],"wp:attachment":[{"href":"https:\/\/newsmediadirectories.com\/es\/wp-json\/wp\/v2\/media?parent=4229"}],"wp:term":[{"taxonomy":"category","embeddable":true,"href":"https:\/\/newsmediadirectories.com\/es\/wp-json\/wp\/v2\/categories?post=4229"},{"taxonomy":"post_tag","embeddable":true,"href":"https:\/\/newsmediadirectories.com\/es\/wp-json\/wp\/v2\/tags?post=4229"},{"taxonomy":"wf_post_folders","embeddable":true,"href":"https:\/\/newsmediadirectories.com\/es\/wp-json\/wp\/v2\/wf_post_folders?post=4229"}],"curies":[{"name":"wp","href":"https:\/\/api.w.org\/{rel}","templated":true}]}}