{"id":4226,"date":"2023-05-20T05:31:06","date_gmt":"2023-05-20T05:31:06","guid":{"rendered":"https:\/\/newsmediadirectories.com\/es\/como-el-deficit-fiscal-esta-amenazando-la-economia-mundial\/"},"modified":"2023-05-20T05:31:06","modified_gmt":"2023-05-20T05:31:06","slug":"como-el-deficit-fiscal-esta-amenazando-la-economia-mundial","status":"publish","type":"post","link":"https:\/\/newsmediadirectories.com\/es\/como-el-deficit-fiscal-esta-amenazando-la-economia-mundial\/","title":{"rendered":"C\u00f3mo el d\u00e9ficit fiscal est\u00e1 amenazando la econom\u00eda mundial"},"content":{"rendered":"<p>El d\u00e9ficit fiscal es una de las mayores preocupaciones en la econom\u00eda mundial, ya que representa un peligro para la estabilidad financiera y el futuro de los pa\u00edses. Esta situaci\u00f3n ocurre cuando el gobierno gasta m\u00e1s de lo que recauda en impuestos, lo que produce un desequilibrio en las cuentas p\u00fablicas.<\/p>\n<p>En muchos pa\u00edses, el d\u00e9ficit fiscal ha aumentado debido a la crisis econ\u00f3mica ocasionada por la pandemia del COVID-19. El aumento del gasto en salud, las medidas de est\u00edmulo econ\u00f3mico y el aumento del desempleo han aumentado el d\u00e9ficit fiscal en muchos pa\u00edses, lo que ha puesto en peligro la estabilidad financiera.<\/p>\n<p>Esta situaci\u00f3n puede ser especialmente preocupante en pa\u00edses con altos niveles de deuda p\u00fablica, ya que el aumento del d\u00e9ficit fiscal puede llevar a una espiral de aumento de la deuda. Si los inversores pierden la confianza en la capacidad del gobierno de reducir el d\u00e9ficit, la tasa de inter\u00e9s que se paga por la deuda p\u00fablica puede aumentar, lo que hace que sea m\u00e1s dif\u00edcil para el gobierno financiar sus gastos.<\/p>\n<p>Adem\u00e1s, el aumento del d\u00e9ficit fiscal puede provocar una ca\u00edda en la tasa de cambio de la moneda del pa\u00eds afectado, lo que puede tener un impacto directo en las exportaciones y en la capacidad del pa\u00eds para pagar sus deudas.<\/p>\n<p>Para evitar las consecuencias negativas del d\u00e9ficit fiscal, los gobiernos pueden implementar medidas de austeridad y reducir el gasto p\u00fablico. Sin embargo, estas medidas pueden tener un impacto negativo en la econom\u00eda, ya que pueden frenar el crecimiento econ\u00f3mico y aumentar el desempleo.<\/p>\n<p>En conclusi\u00f3n, el d\u00e9ficit fiscal es un problema grave que amenaza la estabilidad financiera y el crecimiento econ\u00f3mico de muchos pa\u00edses. Es necesario que los gobiernos tomen medidas para reducir el d\u00e9ficit fiscal y evitar una espiral de aumento de la deuda p\u00fablica. Sin embargo, estas medidas deben ser cuidadosamente implementadas para minimizar el impacto negativo en la econom\u00eda y el bienestar de la poblaci\u00f3n.<\/p>\n<p>Nota express publicada por <a href=\"https:\/\/mediastarpress.com\/\" target=\"_blank\" rel=\"noopener\">MediaStar | Agencia de Medios<\/a>.<\/p>\n","protected":false},"excerpt":{"rendered":"<p>El d\u00e9ficit fiscal es una de las mayores preocupaciones en la econom\u00eda mundial, ya que representa un peligro para la estabilidad financiera y el futuro de los pa\u00edses. Esta situaci\u00f3n ocurre cuando el gobierno gasta m\u00e1s de lo que recauda en impuestos, lo que produce un desequilibrio en las cuentas p\u00fablicas. En muchos pa\u00edses, el [&hellip;]<\/p>\n","protected":false},"author":1,"featured_media":3959,"comment_status":"open","ping_status":"open","sticky":false,"template":"","format":"standard","meta":{"inline_featured_image":false,"footnotes":""},"categories":[38],"tags":[],"wf_post_folders":[],"class_list":{"0":"post-4226","1":"post","2":"type-post","3":"status-publish","4":"format-standard","5":"has-post-thumbnail","7":"category-fast-news"},"yoast_head":"<!-- This site is optimized with the Yoast SEO plugin v24.1 - https:\/\/yoast.com\/wordpress\/plugins\/seo\/ -->\n<title>C\u00f3mo el d\u00e9ficit fiscal est\u00e1 amenazando la econom\u00eda mundial<\/title>\n<meta name=\"robots\" content=\"index, follow, max-snippet:-1, max-image-preview:large, max-video-preview:-1\" \/>\n<link rel=\"canonical\" href=\"https:\/\/newsmediadirectories.com\/es\/como-el-deficit-fiscal-esta-amenazando-la-economia-mundial\/\" \/>\n<meta property=\"og:locale\" content=\"es_ES\" \/>\n<meta property=\"og:type\" content=\"article\" \/>\n<meta property=\"og:title\" content=\"C\u00f3mo el d\u00e9ficit fiscal est\u00e1 amenazando la econom\u00eda mundial\" \/>\n<meta property=\"og:description\" content=\"El d\u00e9ficit fiscal es una de las mayores preocupaciones en la econom\u00eda mundial, ya que representa un peligro para la estabilidad financiera y el futuro de los pa\u00edses. Esta situaci\u00f3n ocurre cuando el gobierno gasta m\u00e1s de lo que recauda en impuestos, lo que produce un desequilibrio en las cuentas p\u00fablicas. En muchos pa\u00edses, el [&hellip;]\" \/>\n<meta property=\"og:url\" content=\"https:\/\/newsmediadirectories.com\/es\/como-el-deficit-fiscal-esta-amenazando-la-economia-mundial\/\" \/>\n<meta property=\"og:site_name\" content=\"News Media Directories - Noticias Online\" \/>\n<meta property=\"article:published_time\" content=\"2023-05-20T05:31:06+00:00\" \/>\n<meta property=\"og:image\" content=\"https:\/\/newsmediadirectories.com\/es\/wp-content\/uploads\/2023\/05\/0-249.jpg\" \/>\n\t<meta property=\"og:image:width\" content=\"1100\" \/>\n\t<meta property=\"og:image:height\" content=\"619\" \/>\n\t<meta property=\"og:image:type\" content=\"image\/jpeg\" \/>\n<meta name=\"author\" content=\"Valeria Catillo\" \/>\n<meta name=\"twitter:card\" content=\"summary_large_image\" \/>\n<meta name=\"twitter:label1\" content=\"Escrito por\" \/>\n\t<meta name=\"twitter:data1\" content=\"Valeria Catillo\" \/>\n\t<meta name=\"twitter:label2\" content=\"Tiempo de lectura\" \/>\n\t<meta name=\"twitter:data2\" content=\"2 minutos\" \/>\n<script type=\"application\/ld+json\" class=\"yoast-schema-graph\">{\"@context\":\"https:\/\/schema.org\",\"@graph\":[{\"@type\":\"WebPage\",\"@id\":\"https:\/\/newsmediadirectories.com\/es\/como-el-deficit-fiscal-esta-amenazando-la-economia-mundial\/\",\"url\":\"https:\/\/newsmediadirectories.com\/es\/como-el-deficit-fiscal-esta-amenazando-la-economia-mundial\/\",\"name\":\"C\u00f3mo el d\u00e9ficit fiscal est\u00e1 amenazando la econom\u00eda mundial\",\"isPartOf\":{\"@id\":\"https:\/\/newsmediadirectories.com\/es\/#website\"},\"primaryImageOfPage\":{\"@id\":\"https:\/\/newsmediadirectories.com\/es\/como-el-deficit-fiscal-esta-amenazando-la-economia-mundial\/#primaryimage\"},\"image\":{\"@id\":\"https:\/\/newsmediadirectories.com\/es\/como-el-deficit-fiscal-esta-amenazando-la-economia-mundial\/#primaryimage\"},\"thumbnailUrl\":\"https:\/\/newsmediadirectories.com\/es\/wp-content\/uploads\/2023\/05\/0-249.jpg\",\"datePublished\":\"2023-05-20T05:31:06+00:00\",\"dateModified\":\"2023-05-20T05:31:06+00:00\",\"author\":{\"@id\":\"https:\/\/newsmediadirectories.com\/es\/#\/schema\/person\/d936c9a5f74cd01c7ff4e2b559363063\"},\"inLanguage\":\"es\",\"potentialAction\":[{\"@type\":\"ReadAction\",\"target\":[\"https:\/\/newsmediadirectories.com\/es\/como-el-deficit-fiscal-esta-amenazando-la-economia-mundial\/\"]}]},{\"@type\":\"ImageObject\",\"inLanguage\":\"es\",\"@id\":\"https:\/\/newsmediadirectories.com\/es\/como-el-deficit-fiscal-esta-amenazando-la-economia-mundial\/#primaryimage\",\"url\":\"https:\/\/newsmediadirectories.com\/es\/wp-content\/uploads\/2023\/05\/0-249.jpg\",\"contentUrl\":\"https:\/\/newsmediadirectories.com\/es\/wp-content\/uploads\/2023\/05\/0-249.jpg\",\"width\":1100,\"height\":619},{\"@type\":\"WebSite\",\"@id\":\"https:\/\/newsmediadirectories.com\/es\/#website\",\"url\":\"https:\/\/newsmediadirectories.com\/es\/\",\"name\":\"News Media Directories - Noticias Online\",\"description\":\"News Media Directories - Noticias Online\",\"potentialAction\":[{\"@type\":\"SearchAction\",\"target\":{\"@type\":\"EntryPoint\",\"urlTemplate\":\"https:\/\/newsmediadirectories.com\/es\/?s={search_term_string}\"},\"query-input\":{\"@type\":\"PropertyValueSpecification\",\"valueRequired\":true,\"valueName\":\"search_term_string\"}}],\"inLanguage\":\"es\"},{\"@type\":\"Person\",\"@id\":\"https:\/\/newsmediadirectories.com\/es\/#\/schema\/person\/d936c9a5f74cd01c7ff4e2b559363063\",\"name\":\"Valeria Catillo\",\"image\":{\"@type\":\"ImageObject\",\"inLanguage\":\"es\",\"@id\":\"https:\/\/newsmediadirectories.com\/es\/#\/schema\/person\/image\/\",\"url\":\"https:\/\/secure.gravatar.com\/avatar\/1b6716d8318da7cd8a049a1c7b480328?s=96&d=mm&r=g\",\"contentUrl\":\"https:\/\/secure.gravatar.com\/avatar\/1b6716d8318da7cd8a049a1c7b480328?s=96&d=mm&r=g\",\"caption\":\"Valeria Catillo\"},\"sameAs\":[\"https:\/\/newsmediadirectories.com\/es\"]}]}<\/script>\n<!-- \/ Yoast SEO plugin. -->","yoast_head_json":{"title":"C\u00f3mo el d\u00e9ficit fiscal est\u00e1 amenazando la econom\u00eda mundial","robots":{"index":"index","follow":"follow","max-snippet":"max-snippet:-1","max-image-preview":"max-image-preview:large","max-video-preview":"max-video-preview:-1"},"canonical":"https:\/\/newsmediadirectories.com\/es\/como-el-deficit-fiscal-esta-amenazando-la-economia-mundial\/","og_locale":"es_ES","og_type":"article","og_title":"C\u00f3mo el d\u00e9ficit fiscal est\u00e1 amenazando la econom\u00eda mundial","og_description":"El d\u00e9ficit fiscal es una de las mayores preocupaciones en la econom\u00eda mundial, ya que representa un peligro para la estabilidad financiera y el futuro de los pa\u00edses. Esta situaci\u00f3n ocurre cuando el gobierno gasta m\u00e1s de lo que recauda en impuestos, lo que produce un desequilibrio en las cuentas p\u00fablicas. En muchos pa\u00edses, el [&hellip;]","og_url":"https:\/\/newsmediadirectories.com\/es\/como-el-deficit-fiscal-esta-amenazando-la-economia-mundial\/","og_site_name":"News Media Directories - Noticias Online","article_published_time":"2023-05-20T05:31:06+00:00","og_image":[{"width":1100,"height":619,"url":"https:\/\/newsmediadirectories.com\/es\/wp-content\/uploads\/2023\/05\/0-249.jpg","type":"image\/jpeg"}],"author":"Valeria Catillo","twitter_card":"summary_large_image","twitter_misc":{"Escrito por":"Valeria Catillo","Tiempo de lectura":"2 minutos"},"schema":{"@context":"https:\/\/schema.org","@graph":[{"@type":"WebPage","@id":"https:\/\/newsmediadirectories.com\/es\/como-el-deficit-fiscal-esta-amenazando-la-economia-mundial\/","url":"https:\/\/newsmediadirectories.com\/es\/como-el-deficit-fiscal-esta-amenazando-la-economia-mundial\/","name":"C\u00f3mo el d\u00e9ficit fiscal est\u00e1 amenazando la econom\u00eda mundial","isPartOf":{"@id":"https:\/\/newsmediadirectories.com\/es\/#website"},"primaryImageOfPage":{"@id":"https:\/\/newsmediadirectories.com\/es\/como-el-deficit-fiscal-esta-amenazando-la-economia-mundial\/#primaryimage"},"image":{"@id":"https:\/\/newsmediadirectories.com\/es\/como-el-deficit-fiscal-esta-amenazando-la-economia-mundial\/#primaryimage"},"thumbnailUrl":"https:\/\/newsmediadirectories.com\/es\/wp-content\/uploads\/2023\/05\/0-249.jpg","datePublished":"2023-05-20T05:31:06+00:00","dateModified":"2023-05-20T05:31:06+00:00","author":{"@id":"https:\/\/newsmediadirectories.com\/es\/#\/schema\/person\/d936c9a5f74cd01c7ff4e2b559363063"},"inLanguage":"es","potentialAction":[{"@type":"ReadAction","target":["https:\/\/newsmediadirectories.com\/es\/como-el-deficit-fiscal-esta-amenazando-la-economia-mundial\/"]}]},{"@type":"ImageObject","inLanguage":"es","@id":"https:\/\/newsmediadirectories.com\/es\/como-el-deficit-fiscal-esta-amenazando-la-economia-mundial\/#primaryimage","url":"https:\/\/newsmediadirectories.com\/es\/wp-content\/uploads\/2023\/05\/0-249.jpg","contentUrl":"https:\/\/newsmediadirectories.com\/es\/wp-content\/uploads\/2023\/05\/0-249.jpg","width":1100,"height":619},{"@type":"WebSite","@id":"https:\/\/newsmediadirectories.com\/es\/#website","url":"https:\/\/newsmediadirectories.com\/es\/","name":"News Media Directories - Noticias Online","description":"News Media Directories - Noticias Online","potentialAction":[{"@type":"SearchAction","target":{"@type":"EntryPoint","urlTemplate":"https:\/\/newsmediadirectories.com\/es\/?s={search_term_string}"},"query-input":{"@type":"PropertyValueSpecification","valueRequired":true,"valueName":"search_term_string"}}],"inLanguage":"es"},{"@type":"Person","@id":"https:\/\/newsmediadirectories.com\/es\/#\/schema\/person\/d936c9a5f74cd01c7ff4e2b559363063","name":"Valeria Catillo","image":{"@type":"ImageObject","inLanguage":"es","@id":"https:\/\/newsmediadirectories.com\/es\/#\/schema\/person\/image\/","url":"https:\/\/secure.gravatar.com\/avatar\/1b6716d8318da7cd8a049a1c7b480328?s=96&d=mm&r=g","contentUrl":"https:\/\/secure.gravatar.com\/avatar\/1b6716d8318da7cd8a049a1c7b480328?s=96&d=mm&r=g","caption":"Valeria Catillo"},"sameAs":["https:\/\/newsmediadirectories.com\/es"]}]}},"_links":{"self":[{"href":"https:\/\/newsmediadirectories.com\/es\/wp-json\/wp\/v2\/posts\/4226"}],"collection":[{"href":"https:\/\/newsmediadirectories.com\/es\/wp-json\/wp\/v2\/posts"}],"about":[{"href":"https:\/\/newsmediadirectories.com\/es\/wp-json\/wp\/v2\/types\/post"}],"author":[{"embeddable":true,"href":"https:\/\/newsmediadirectories.com\/es\/wp-json\/wp\/v2\/users\/1"}],"replies":[{"embeddable":true,"href":"https:\/\/newsmediadirectories.com\/es\/wp-json\/wp\/v2\/comments?post=4226"}],"version-history":[{"count":0,"href":"https:\/\/newsmediadirectories.com\/es\/wp-json\/wp\/v2\/posts\/4226\/revisions"}],"wp:featuredmedia":[{"embeddable":true,"href":"https:\/\/newsmediadirectories.com\/es\/wp-json\/wp\/v2\/media\/3959"}],"wp:attachment":[{"href":"https:\/\/newsmediadirectories.com\/es\/wp-json\/wp\/v2\/media?parent=4226"}],"wp:term":[{"taxonomy":"category","embeddable":true,"href":"https:\/\/newsmediadirectories.com\/es\/wp-json\/wp\/v2\/categories?post=4226"},{"taxonomy":"post_tag","embeddable":true,"href":"https:\/\/newsmediadirectories.com\/es\/wp-json\/wp\/v2\/tags?post=4226"},{"taxonomy":"wf_post_folders","embeddable":true,"href":"https:\/\/newsmediadirectories.com\/es\/wp-json\/wp\/v2\/wf_post_folders?post=4226"}],"curies":[{"name":"wp","href":"https:\/\/api.w.org\/{rel}","templated":true}]}}