{"id":4211,"date":"2023-05-20T05:31:09","date_gmt":"2023-05-20T05:31:09","guid":{"rendered":"https:\/\/newsmediadirectories.com\/es\/la-educacion-es-la-clave-del-desarrollo-apoyemosla\/"},"modified":"2023-05-20T05:31:09","modified_gmt":"2023-05-20T05:31:09","slug":"la-educacion-es-la-clave-del-desarrollo-apoyemosla","status":"publish","type":"post","link":"https:\/\/newsmediadirectories.com\/es\/la-educacion-es-la-clave-del-desarrollo-apoyemosla\/","title":{"rendered":"La Educaci\u00f3n es la clave del desarrollo: \u00a1Apoy\u00e9mosla!"},"content":{"rendered":"<p>La educaci\u00f3n es considerada como uno de los pilares fundamentales para el desarrollo de una sociedad. Es por ello, que el llamado a apoyar la educaci\u00f3n se hace cada vez m\u00e1s significativo en Am\u00e9rica Latina y el Caribe, en donde a pesar de los esfuerzos realizados en las \u00faltimas d\u00e9cadas por parte de los gobiernos, a\u00fan existen desaf\u00edos por superar en esta materia.<\/p>\n<p>En este sentido, es importante destacar que la educaci\u00f3n no es solo un derecho, sino que tambi\u00e9n es una herramienta clave para combatir la pobreza y disminuir las desigualdades sociales. En la actualidad, los pa\u00edses de la regi\u00f3n han avanzado en la expansi\u00f3n de la educaci\u00f3n en t\u00e9rminos de acceso, aunque a\u00fan hay retos que superar en cuanto a la calidad y pertinencia del sistema educativo.<\/p>\n<p>Es necesario impulsar el fortalecimiento de las pol\u00edticas p\u00fablicas en educaci\u00f3n, en donde se promueva una mayor inversi\u00f3n en el sector, as\u00ed como un compromiso decidido por parte de la sociedad en su conjunto. En este sentido, la participaci\u00f3n de la comunidad y de las familias en el proceso de formaci\u00f3n de los estudiantes se torna imprescindible, ya que de esta manera se puede generar un ambiente propicio para el aprendizaje y el desarrollo acad\u00e9mico de los j\u00f3venes.<\/p>\n<p>Por otra parte, es importante destacar que la educaci\u00f3n debe ser vista de manera integral, no solo en t\u00e9rminos de la formaci\u00f3n acad\u00e9mica sino tambi\u00e9n en cuanto a la educaci\u00f3n en valores, habilidades y competencias que preparen a los estudiantes para enfrentar los desaf\u00edos del mundo actual y futuro.<\/p>\n<p>En conclusi\u00f3n, el apoyo y la inversi\u00f3n en educaci\u00f3n son claves para el desarrollo sostenible de los pa\u00edses de Am\u00e9rica Latina y el Caribe. Es necesario que los diferentes actores sociales sumen esfuerzos para mejorar la calidad y pertinencia del sistema educativo, de manera que se garantice el acceso de todos los j\u00f3venes a una educaci\u00f3n de calidad que les permita desarrollar todo su potencial y contribuir al desarrollo de sus comunidades y pa\u00edses.<\/p>\n<p>Nota express publicada por <a href=\"https:\/\/mediastarpress.com\/\" target=\"_blank\" rel=\"noopener\">MediaStar | Agencia de Medios<\/a>.<\/p>\n","protected":false},"excerpt":{"rendered":"<p>La educaci\u00f3n es considerada como uno de los pilares fundamentales para el desarrollo de una sociedad. Es por ello, que el llamado a apoyar la educaci\u00f3n se hace cada vez m\u00e1s significativo en Am\u00e9rica Latina y el Caribe, en donde a pesar de los esfuerzos realizados en las \u00faltimas d\u00e9cadas por parte de los gobiernos, [&hellip;]<\/p>\n","protected":false},"author":1,"featured_media":3765,"comment_status":"open","ping_status":"open","sticky":false,"template":"","format":"standard","meta":{"inline_featured_image":false,"footnotes":""},"categories":[38],"tags":[],"wf_post_folders":[],"class_list":{"0":"post-4211","1":"post","2":"type-post","3":"status-publish","4":"format-standard","5":"has-post-thumbnail","7":"category-fast-news"},"yoast_head":"<!-- This site is optimized with the Yoast SEO plugin v24.1 - https:\/\/yoast.com\/wordpress\/plugins\/seo\/ -->\n<title>La Educaci\u00f3n es la clave del desarrollo: \u00a1Apoy\u00e9mosla!<\/title>\n<meta name=\"robots\" content=\"index, follow, max-snippet:-1, max-image-preview:large, max-video-preview:-1\" \/>\n<link rel=\"canonical\" href=\"https:\/\/newsmediadirectories.com\/es\/la-educacion-es-la-clave-del-desarrollo-apoyemosla\/\" \/>\n<meta property=\"og:locale\" content=\"es_ES\" \/>\n<meta property=\"og:type\" content=\"article\" \/>\n<meta property=\"og:title\" content=\"La Educaci\u00f3n es la clave del desarrollo: \u00a1Apoy\u00e9mosla!\" \/>\n<meta property=\"og:description\" content=\"La educaci\u00f3n es considerada como uno de los pilares fundamentales para el desarrollo de una sociedad. Es por ello, que el llamado a apoyar la educaci\u00f3n se hace cada vez m\u00e1s significativo en Am\u00e9rica Latina y el Caribe, en donde a pesar de los esfuerzos realizados en las \u00faltimas d\u00e9cadas por parte de los gobiernos, [&hellip;]\" \/>\n<meta property=\"og:url\" content=\"https:\/\/newsmediadirectories.com\/es\/la-educacion-es-la-clave-del-desarrollo-apoyemosla\/\" \/>\n<meta property=\"og:site_name\" content=\"News Media Directories - Noticias Online\" \/>\n<meta property=\"article:published_time\" content=\"2023-05-20T05:31:09+00:00\" \/>\n<meta property=\"og:image\" content=\"https:\/\/newsmediadirectories.com\/es\/wp-content\/uploads\/2023\/05\/0-374.jpg\" \/>\n\t<meta property=\"og:image:width\" content=\"1100\" \/>\n\t<meta property=\"og:image:height\" content=\"619\" \/>\n\t<meta property=\"og:image:type\" content=\"image\/jpeg\" \/>\n<meta name=\"author\" content=\"Valeria Catillo\" \/>\n<meta name=\"twitter:card\" content=\"summary_large_image\" \/>\n<meta name=\"twitter:label1\" content=\"Escrito por\" \/>\n\t<meta name=\"twitter:data1\" content=\"Valeria Catillo\" \/>\n\t<meta name=\"twitter:label2\" content=\"Tiempo de lectura\" \/>\n\t<meta name=\"twitter:data2\" content=\"2 minutos\" \/>\n<script type=\"application\/ld+json\" class=\"yoast-schema-graph\">{\"@context\":\"https:\/\/schema.org\",\"@graph\":[{\"@type\":\"WebPage\",\"@id\":\"https:\/\/newsmediadirectories.com\/es\/la-educacion-es-la-clave-del-desarrollo-apoyemosla\/\",\"url\":\"https:\/\/newsmediadirectories.com\/es\/la-educacion-es-la-clave-del-desarrollo-apoyemosla\/\",\"name\":\"La Educaci\u00f3n es la clave del desarrollo: \u00a1Apoy\u00e9mosla!\",\"isPartOf\":{\"@id\":\"https:\/\/newsmediadirectories.com\/es\/#website\"},\"primaryImageOfPage\":{\"@id\":\"https:\/\/newsmediadirectories.com\/es\/la-educacion-es-la-clave-del-desarrollo-apoyemosla\/#primaryimage\"},\"image\":{\"@id\":\"https:\/\/newsmediadirectories.com\/es\/la-educacion-es-la-clave-del-desarrollo-apoyemosla\/#primaryimage\"},\"thumbnailUrl\":\"https:\/\/newsmediadirectories.com\/es\/wp-content\/uploads\/2023\/05\/0-374.jpg\",\"datePublished\":\"2023-05-20T05:31:09+00:00\",\"dateModified\":\"2023-05-20T05:31:09+00:00\",\"author\":{\"@id\":\"https:\/\/newsmediadirectories.com\/es\/#\/schema\/person\/d936c9a5f74cd01c7ff4e2b559363063\"},\"inLanguage\":\"es\",\"potentialAction\":[{\"@type\":\"ReadAction\",\"target\":[\"https:\/\/newsmediadirectories.com\/es\/la-educacion-es-la-clave-del-desarrollo-apoyemosla\/\"]}]},{\"@type\":\"ImageObject\",\"inLanguage\":\"es\",\"@id\":\"https:\/\/newsmediadirectories.com\/es\/la-educacion-es-la-clave-del-desarrollo-apoyemosla\/#primaryimage\",\"url\":\"https:\/\/newsmediadirectories.com\/es\/wp-content\/uploads\/2023\/05\/0-374.jpg\",\"contentUrl\":\"https:\/\/newsmediadirectories.com\/es\/wp-content\/uploads\/2023\/05\/0-374.jpg\",\"width\":1100,\"height\":619},{\"@type\":\"WebSite\",\"@id\":\"https:\/\/newsmediadirectories.com\/es\/#website\",\"url\":\"https:\/\/newsmediadirectories.com\/es\/\",\"name\":\"News Media Directories - Noticias Online\",\"description\":\"News Media Directories - Noticias Online\",\"potentialAction\":[{\"@type\":\"SearchAction\",\"target\":{\"@type\":\"EntryPoint\",\"urlTemplate\":\"https:\/\/newsmediadirectories.com\/es\/?s={search_term_string}\"},\"query-input\":{\"@type\":\"PropertyValueSpecification\",\"valueRequired\":true,\"valueName\":\"search_term_string\"}}],\"inLanguage\":\"es\"},{\"@type\":\"Person\",\"@id\":\"https:\/\/newsmediadirectories.com\/es\/#\/schema\/person\/d936c9a5f74cd01c7ff4e2b559363063\",\"name\":\"Valeria Catillo\",\"image\":{\"@type\":\"ImageObject\",\"inLanguage\":\"es\",\"@id\":\"https:\/\/newsmediadirectories.com\/es\/#\/schema\/person\/image\/\",\"url\":\"https:\/\/secure.gravatar.com\/avatar\/1b6716d8318da7cd8a049a1c7b480328?s=96&d=mm&r=g\",\"contentUrl\":\"https:\/\/secure.gravatar.com\/avatar\/1b6716d8318da7cd8a049a1c7b480328?s=96&d=mm&r=g\",\"caption\":\"Valeria Catillo\"},\"sameAs\":[\"https:\/\/newsmediadirectories.com\/es\"]}]}<\/script>\n<!-- \/ Yoast SEO plugin. -->","yoast_head_json":{"title":"La Educaci\u00f3n es la clave del desarrollo: \u00a1Apoy\u00e9mosla!","robots":{"index":"index","follow":"follow","max-snippet":"max-snippet:-1","max-image-preview":"max-image-preview:large","max-video-preview":"max-video-preview:-1"},"canonical":"https:\/\/newsmediadirectories.com\/es\/la-educacion-es-la-clave-del-desarrollo-apoyemosla\/","og_locale":"es_ES","og_type":"article","og_title":"La Educaci\u00f3n es la clave del desarrollo: \u00a1Apoy\u00e9mosla!","og_description":"La educaci\u00f3n es considerada como uno de los pilares fundamentales para el desarrollo de una sociedad. Es por ello, que el llamado a apoyar la educaci\u00f3n se hace cada vez m\u00e1s significativo en Am\u00e9rica Latina y el Caribe, en donde a pesar de los esfuerzos realizados en las \u00faltimas d\u00e9cadas por parte de los gobiernos, [&hellip;]","og_url":"https:\/\/newsmediadirectories.com\/es\/la-educacion-es-la-clave-del-desarrollo-apoyemosla\/","og_site_name":"News Media Directories - Noticias Online","article_published_time":"2023-05-20T05:31:09+00:00","og_image":[{"width":1100,"height":619,"url":"https:\/\/newsmediadirectories.com\/es\/wp-content\/uploads\/2023\/05\/0-374.jpg","type":"image\/jpeg"}],"author":"Valeria Catillo","twitter_card":"summary_large_image","twitter_misc":{"Escrito por":"Valeria Catillo","Tiempo de lectura":"2 minutos"},"schema":{"@context":"https:\/\/schema.org","@graph":[{"@type":"WebPage","@id":"https:\/\/newsmediadirectories.com\/es\/la-educacion-es-la-clave-del-desarrollo-apoyemosla\/","url":"https:\/\/newsmediadirectories.com\/es\/la-educacion-es-la-clave-del-desarrollo-apoyemosla\/","name":"La Educaci\u00f3n es la clave del desarrollo: \u00a1Apoy\u00e9mosla!","isPartOf":{"@id":"https:\/\/newsmediadirectories.com\/es\/#website"},"primaryImageOfPage":{"@id":"https:\/\/newsmediadirectories.com\/es\/la-educacion-es-la-clave-del-desarrollo-apoyemosla\/#primaryimage"},"image":{"@id":"https:\/\/newsmediadirectories.com\/es\/la-educacion-es-la-clave-del-desarrollo-apoyemosla\/#primaryimage"},"thumbnailUrl":"https:\/\/newsmediadirectories.com\/es\/wp-content\/uploads\/2023\/05\/0-374.jpg","datePublished":"2023-05-20T05:31:09+00:00","dateModified":"2023-05-20T05:31:09+00:00","author":{"@id":"https:\/\/newsmediadirectories.com\/es\/#\/schema\/person\/d936c9a5f74cd01c7ff4e2b559363063"},"inLanguage":"es","potentialAction":[{"@type":"ReadAction","target":["https:\/\/newsmediadirectories.com\/es\/la-educacion-es-la-clave-del-desarrollo-apoyemosla\/"]}]},{"@type":"ImageObject","inLanguage":"es","@id":"https:\/\/newsmediadirectories.com\/es\/la-educacion-es-la-clave-del-desarrollo-apoyemosla\/#primaryimage","url":"https:\/\/newsmediadirectories.com\/es\/wp-content\/uploads\/2023\/05\/0-374.jpg","contentUrl":"https:\/\/newsmediadirectories.com\/es\/wp-content\/uploads\/2023\/05\/0-374.jpg","width":1100,"height":619},{"@type":"WebSite","@id":"https:\/\/newsmediadirectories.com\/es\/#website","url":"https:\/\/newsmediadirectories.com\/es\/","name":"News Media Directories - Noticias Online","description":"News Media Directories - Noticias Online","potentialAction":[{"@type":"SearchAction","target":{"@type":"EntryPoint","urlTemplate":"https:\/\/newsmediadirectories.com\/es\/?s={search_term_string}"},"query-input":{"@type":"PropertyValueSpecification","valueRequired":true,"valueName":"search_term_string"}}],"inLanguage":"es"},{"@type":"Person","@id":"https:\/\/newsmediadirectories.com\/es\/#\/schema\/person\/d936c9a5f74cd01c7ff4e2b559363063","name":"Valeria Catillo","image":{"@type":"ImageObject","inLanguage":"es","@id":"https:\/\/newsmediadirectories.com\/es\/#\/schema\/person\/image\/","url":"https:\/\/secure.gravatar.com\/avatar\/1b6716d8318da7cd8a049a1c7b480328?s=96&d=mm&r=g","contentUrl":"https:\/\/secure.gravatar.com\/avatar\/1b6716d8318da7cd8a049a1c7b480328?s=96&d=mm&r=g","caption":"Valeria Catillo"},"sameAs":["https:\/\/newsmediadirectories.com\/es"]}]}},"_links":{"self":[{"href":"https:\/\/newsmediadirectories.com\/es\/wp-json\/wp\/v2\/posts\/4211"}],"collection":[{"href":"https:\/\/newsmediadirectories.com\/es\/wp-json\/wp\/v2\/posts"}],"about":[{"href":"https:\/\/newsmediadirectories.com\/es\/wp-json\/wp\/v2\/types\/post"}],"author":[{"embeddable":true,"href":"https:\/\/newsmediadirectories.com\/es\/wp-json\/wp\/v2\/users\/1"}],"replies":[{"embeddable":true,"href":"https:\/\/newsmediadirectories.com\/es\/wp-json\/wp\/v2\/comments?post=4211"}],"version-history":[{"count":0,"href":"https:\/\/newsmediadirectories.com\/es\/wp-json\/wp\/v2\/posts\/4211\/revisions"}],"wp:featuredmedia":[{"embeddable":true,"href":"https:\/\/newsmediadirectories.com\/es\/wp-json\/wp\/v2\/media\/3765"}],"wp:attachment":[{"href":"https:\/\/newsmediadirectories.com\/es\/wp-json\/wp\/v2\/media?parent=4211"}],"wp:term":[{"taxonomy":"category","embeddable":true,"href":"https:\/\/newsmediadirectories.com\/es\/wp-json\/wp\/v2\/categories?post=4211"},{"taxonomy":"post_tag","embeddable":true,"href":"https:\/\/newsmediadirectories.com\/es\/wp-json\/wp\/v2\/tags?post=4211"},{"taxonomy":"wf_post_folders","embeddable":true,"href":"https:\/\/newsmediadirectories.com\/es\/wp-json\/wp\/v2\/wf_post_folders?post=4211"}],"curies":[{"name":"wp","href":"https:\/\/api.w.org\/{rel}","templated":true}]}}