{"id":4206,"date":"2023-05-20T05:31:10","date_gmt":"2023-05-20T05:31:10","guid":{"rendered":"https:\/\/newsmediadirectories.com\/es\/cuidado-es-hora-de-tomar-accion-para-reducir-el-consumo-excesivo-en-el-mundo-2\/"},"modified":"2023-05-20T05:31:10","modified_gmt":"2023-05-20T05:31:10","slug":"cuidado-es-hora-de-tomar-accion-para-reducir-el-consumo-excesivo-en-el-mundo-2","status":"publish","type":"post","link":"https:\/\/newsmediadirectories.com\/es\/cuidado-es-hora-de-tomar-accion-para-reducir-el-consumo-excesivo-en-el-mundo-2\/","title":{"rendered":"\u00a1Cuidado! Es hora de tomar acci\u00f3n para reducir el consumo excesivo en el mundo"},"content":{"rendered":"<p>En el mundo en el que vivimos, la cultura del consumo ha llegado a un punto cr\u00edtico. El consumismo excesivo ha llevado a la explotaci\u00f3n de recursos naturales, desechos t\u00f3xicos y la sobreexplotaci\u00f3n de trabajadores en pa\u00edses en desarrollo. Los efectos del exceso de consumo son devastadores y est\u00e1n teniendo un impacto negativo en el planeta y en nuestra propia salud.<\/p>\n<p>Es hora de tomar acci\u00f3n para reducir el consumo excesivo en el mundo. Las empresas necesitan asumir una responsabilidad \u00e9tica en la producci\u00f3n y comercializaci\u00f3n de sus productos. Los consumidores tambi\u00e9n tienen un papel importante que desempe\u00f1ar, y es que pueden tomar decisiones informadas al comprar productos y elegir empresas que operen de manera sostenible.<\/p>\n<p>Uno de los mayores desaf\u00edos que enfrentamos es el consumo excesivo de pl\u00e1stico que ha causado un da\u00f1o irreparable en los oc\u00e9anos y otros ecosistemas. Se utilizan millones de toneladas de envases de pl\u00e1stico al a\u00f1o, y la mayor\u00eda de ellos terminan en vertederos o en los oc\u00e9anos, donde da\u00f1an gravemente la vida marina. Los consumidores deben tomar medidas para reducir su uso de pl\u00e1stico, optando por productos reutilizables o biodegradables, mientras que las empresas deben buscar alternativas a los envases de pl\u00e1stico y trabajar en soluciones ecol\u00f3gicas.<\/p>\n<p>Es importante tambi\u00e9n abordar la cuesti\u00f3n de la publicidad excesiva y enga\u00f1osa, que en muchos casos estimula el consumo excesivo en lugar de informar a los consumidores sobre los productos que est\u00e1n comprando. Las empresas tienen una responsabilidad \u00e9tica de publicitar de manera responsable y transparente, mientras que los consumidores deber\u00edan estar m\u00e1s informados sobre el impacto de su consumo y debe tomar decisiones informadas.<\/p>\n<p>En resumen, es hora de tomar acci\u00f3n para reducir el consumo excesivo en todo el mundo. Tanto las empresas como los consumidores deben trabajar juntos para encontrar soluciones m\u00e1s sostenibles y ecol\u00f3gicas. La cultura del consumismo debe ser cambiada, y eso solo ser\u00e1 posible si se toman medidas significativas para reducir nuestro impacto en el planeta Tierra.<\/p>\n<p>Nota express publicada por <a href=\"https:\/\/mediastarpress.com\/\" target=\"_blank\" rel=\"noopener\">MediaStar | Agencia de Medios<\/a>.<\/p>\n","protected":false},"excerpt":{"rendered":"<p>En el mundo en el que vivimos, la cultura del consumo ha llegado a un punto cr\u00edtico. El consumismo excesivo ha llevado a la explotaci\u00f3n de recursos naturales, desechos t\u00f3xicos y la sobreexplotaci\u00f3n de trabajadores en pa\u00edses en desarrollo. Los efectos del exceso de consumo son devastadores y est\u00e1n teniendo un impacto negativo en el [&hellip;]<\/p>\n","protected":false},"author":1,"featured_media":3488,"comment_status":"open","ping_status":"open","sticky":false,"template":"","format":"standard","meta":{"inline_featured_image":false,"footnotes":""},"categories":[38],"tags":[],"wf_post_folders":[],"class_list":{"0":"post-4206","1":"post","2":"type-post","3":"status-publish","4":"format-standard","5":"has-post-thumbnail","7":"category-fast-news"},"yoast_head":"<!-- This site is optimized with the Yoast SEO plugin v24.1 - https:\/\/yoast.com\/wordpress\/plugins\/seo\/ -->\n<title>\u00a1Cuidado! Es hora de tomar acci\u00f3n para reducir el consumo excesivo en el mundo<\/title>\n<meta name=\"robots\" content=\"index, follow, max-snippet:-1, max-image-preview:large, max-video-preview:-1\" \/>\n<link rel=\"canonical\" href=\"https:\/\/newsmediadirectories.com\/es\/cuidado-es-hora-de-tomar-accion-para-reducir-el-consumo-excesivo-en-el-mundo-2\/\" \/>\n<meta property=\"og:locale\" content=\"es_ES\" \/>\n<meta property=\"og:type\" content=\"article\" \/>\n<meta property=\"og:title\" content=\"\u00a1Cuidado! Es hora de tomar acci\u00f3n para reducir el consumo excesivo en el mundo\" \/>\n<meta property=\"og:description\" content=\"En el mundo en el que vivimos, la cultura del consumo ha llegado a un punto cr\u00edtico. El consumismo excesivo ha llevado a la explotaci\u00f3n de recursos naturales, desechos t\u00f3xicos y la sobreexplotaci\u00f3n de trabajadores en pa\u00edses en desarrollo. Los efectos del exceso de consumo son devastadores y est\u00e1n teniendo un impacto negativo en el [&hellip;]\" \/>\n<meta property=\"og:url\" content=\"https:\/\/newsmediadirectories.com\/es\/cuidado-es-hora-de-tomar-accion-para-reducir-el-consumo-excesivo-en-el-mundo-2\/\" \/>\n<meta property=\"og:site_name\" content=\"News Media Directories - Noticias Online\" \/>\n<meta property=\"article:published_time\" content=\"2023-05-20T05:31:10+00:00\" \/>\n<meta property=\"og:image\" content=\"https:\/\/newsmediadirectories.com\/es\/wp-content\/uploads\/2023\/05\/0-359.jpg\" \/>\n\t<meta property=\"og:image:width\" content=\"1100\" \/>\n\t<meta property=\"og:image:height\" content=\"619\" \/>\n\t<meta property=\"og:image:type\" content=\"image\/jpeg\" \/>\n<meta name=\"author\" content=\"Valeria Catillo\" \/>\n<meta name=\"twitter:card\" content=\"summary_large_image\" \/>\n<meta name=\"twitter:label1\" content=\"Escrito por\" \/>\n\t<meta name=\"twitter:data1\" content=\"Valeria Catillo\" \/>\n\t<meta name=\"twitter:label2\" content=\"Tiempo de lectura\" \/>\n\t<meta name=\"twitter:data2\" content=\"2 minutos\" \/>\n<script type=\"application\/ld+json\" class=\"yoast-schema-graph\">{\"@context\":\"https:\/\/schema.org\",\"@graph\":[{\"@type\":\"WebPage\",\"@id\":\"https:\/\/newsmediadirectories.com\/es\/cuidado-es-hora-de-tomar-accion-para-reducir-el-consumo-excesivo-en-el-mundo-2\/\",\"url\":\"https:\/\/newsmediadirectories.com\/es\/cuidado-es-hora-de-tomar-accion-para-reducir-el-consumo-excesivo-en-el-mundo-2\/\",\"name\":\"\u00a1Cuidado! Es hora de tomar acci\u00f3n para reducir el consumo excesivo en el mundo\",\"isPartOf\":{\"@id\":\"https:\/\/newsmediadirectories.com\/es\/#website\"},\"primaryImageOfPage\":{\"@id\":\"https:\/\/newsmediadirectories.com\/es\/cuidado-es-hora-de-tomar-accion-para-reducir-el-consumo-excesivo-en-el-mundo-2\/#primaryimage\"},\"image\":{\"@id\":\"https:\/\/newsmediadirectories.com\/es\/cuidado-es-hora-de-tomar-accion-para-reducir-el-consumo-excesivo-en-el-mundo-2\/#primaryimage\"},\"thumbnailUrl\":\"https:\/\/newsmediadirectories.com\/es\/wp-content\/uploads\/2023\/05\/0-359.jpg\",\"datePublished\":\"2023-05-20T05:31:10+00:00\",\"dateModified\":\"2023-05-20T05:31:10+00:00\",\"author\":{\"@id\":\"https:\/\/newsmediadirectories.com\/es\/#\/schema\/person\/d936c9a5f74cd01c7ff4e2b559363063\"},\"inLanguage\":\"es\",\"potentialAction\":[{\"@type\":\"ReadAction\",\"target\":[\"https:\/\/newsmediadirectories.com\/es\/cuidado-es-hora-de-tomar-accion-para-reducir-el-consumo-excesivo-en-el-mundo-2\/\"]}]},{\"@type\":\"ImageObject\",\"inLanguage\":\"es\",\"@id\":\"https:\/\/newsmediadirectories.com\/es\/cuidado-es-hora-de-tomar-accion-para-reducir-el-consumo-excesivo-en-el-mundo-2\/#primaryimage\",\"url\":\"https:\/\/newsmediadirectories.com\/es\/wp-content\/uploads\/2023\/05\/0-359.jpg\",\"contentUrl\":\"https:\/\/newsmediadirectories.com\/es\/wp-content\/uploads\/2023\/05\/0-359.jpg\",\"width\":1100,\"height\":619},{\"@type\":\"WebSite\",\"@id\":\"https:\/\/newsmediadirectories.com\/es\/#website\",\"url\":\"https:\/\/newsmediadirectories.com\/es\/\",\"name\":\"News Media Directories - Noticias Online\",\"description\":\"News Media Directories - Noticias Online\",\"potentialAction\":[{\"@type\":\"SearchAction\",\"target\":{\"@type\":\"EntryPoint\",\"urlTemplate\":\"https:\/\/newsmediadirectories.com\/es\/?s={search_term_string}\"},\"query-input\":{\"@type\":\"PropertyValueSpecification\",\"valueRequired\":true,\"valueName\":\"search_term_string\"}}],\"inLanguage\":\"es\"},{\"@type\":\"Person\",\"@id\":\"https:\/\/newsmediadirectories.com\/es\/#\/schema\/person\/d936c9a5f74cd01c7ff4e2b559363063\",\"name\":\"Valeria Catillo\",\"image\":{\"@type\":\"ImageObject\",\"inLanguage\":\"es\",\"@id\":\"https:\/\/newsmediadirectories.com\/es\/#\/schema\/person\/image\/\",\"url\":\"https:\/\/secure.gravatar.com\/avatar\/1b6716d8318da7cd8a049a1c7b480328?s=96&d=mm&r=g\",\"contentUrl\":\"https:\/\/secure.gravatar.com\/avatar\/1b6716d8318da7cd8a049a1c7b480328?s=96&d=mm&r=g\",\"caption\":\"Valeria Catillo\"},\"sameAs\":[\"https:\/\/newsmediadirectories.com\/es\"]}]}<\/script>\n<!-- \/ Yoast SEO plugin. -->","yoast_head_json":{"title":"\u00a1Cuidado! Es hora de tomar acci\u00f3n para reducir el consumo excesivo en el mundo","robots":{"index":"index","follow":"follow","max-snippet":"max-snippet:-1","max-image-preview":"max-image-preview:large","max-video-preview":"max-video-preview:-1"},"canonical":"https:\/\/newsmediadirectories.com\/es\/cuidado-es-hora-de-tomar-accion-para-reducir-el-consumo-excesivo-en-el-mundo-2\/","og_locale":"es_ES","og_type":"article","og_title":"\u00a1Cuidado! Es hora de tomar acci\u00f3n para reducir el consumo excesivo en el mundo","og_description":"En el mundo en el que vivimos, la cultura del consumo ha llegado a un punto cr\u00edtico. El consumismo excesivo ha llevado a la explotaci\u00f3n de recursos naturales, desechos t\u00f3xicos y la sobreexplotaci\u00f3n de trabajadores en pa\u00edses en desarrollo. Los efectos del exceso de consumo son devastadores y est\u00e1n teniendo un impacto negativo en el [&hellip;]","og_url":"https:\/\/newsmediadirectories.com\/es\/cuidado-es-hora-de-tomar-accion-para-reducir-el-consumo-excesivo-en-el-mundo-2\/","og_site_name":"News Media Directories - Noticias Online","article_published_time":"2023-05-20T05:31:10+00:00","og_image":[{"width":1100,"height":619,"url":"https:\/\/newsmediadirectories.com\/es\/wp-content\/uploads\/2023\/05\/0-359.jpg","type":"image\/jpeg"}],"author":"Valeria Catillo","twitter_card":"summary_large_image","twitter_misc":{"Escrito por":"Valeria Catillo","Tiempo de lectura":"2 minutos"},"schema":{"@context":"https:\/\/schema.org","@graph":[{"@type":"WebPage","@id":"https:\/\/newsmediadirectories.com\/es\/cuidado-es-hora-de-tomar-accion-para-reducir-el-consumo-excesivo-en-el-mundo-2\/","url":"https:\/\/newsmediadirectories.com\/es\/cuidado-es-hora-de-tomar-accion-para-reducir-el-consumo-excesivo-en-el-mundo-2\/","name":"\u00a1Cuidado! Es hora de tomar acci\u00f3n para reducir el consumo excesivo en el mundo","isPartOf":{"@id":"https:\/\/newsmediadirectories.com\/es\/#website"},"primaryImageOfPage":{"@id":"https:\/\/newsmediadirectories.com\/es\/cuidado-es-hora-de-tomar-accion-para-reducir-el-consumo-excesivo-en-el-mundo-2\/#primaryimage"},"image":{"@id":"https:\/\/newsmediadirectories.com\/es\/cuidado-es-hora-de-tomar-accion-para-reducir-el-consumo-excesivo-en-el-mundo-2\/#primaryimage"},"thumbnailUrl":"https:\/\/newsmediadirectories.com\/es\/wp-content\/uploads\/2023\/05\/0-359.jpg","datePublished":"2023-05-20T05:31:10+00:00","dateModified":"2023-05-20T05:31:10+00:00","author":{"@id":"https:\/\/newsmediadirectories.com\/es\/#\/schema\/person\/d936c9a5f74cd01c7ff4e2b559363063"},"inLanguage":"es","potentialAction":[{"@type":"ReadAction","target":["https:\/\/newsmediadirectories.com\/es\/cuidado-es-hora-de-tomar-accion-para-reducir-el-consumo-excesivo-en-el-mundo-2\/"]}]},{"@type":"ImageObject","inLanguage":"es","@id":"https:\/\/newsmediadirectories.com\/es\/cuidado-es-hora-de-tomar-accion-para-reducir-el-consumo-excesivo-en-el-mundo-2\/#primaryimage","url":"https:\/\/newsmediadirectories.com\/es\/wp-content\/uploads\/2023\/05\/0-359.jpg","contentUrl":"https:\/\/newsmediadirectories.com\/es\/wp-content\/uploads\/2023\/05\/0-359.jpg","width":1100,"height":619},{"@type":"WebSite","@id":"https:\/\/newsmediadirectories.com\/es\/#website","url":"https:\/\/newsmediadirectories.com\/es\/","name":"News Media Directories - Noticias Online","description":"News Media Directories - Noticias Online","potentialAction":[{"@type":"SearchAction","target":{"@type":"EntryPoint","urlTemplate":"https:\/\/newsmediadirectories.com\/es\/?s={search_term_string}"},"query-input":{"@type":"PropertyValueSpecification","valueRequired":true,"valueName":"search_term_string"}}],"inLanguage":"es"},{"@type":"Person","@id":"https:\/\/newsmediadirectories.com\/es\/#\/schema\/person\/d936c9a5f74cd01c7ff4e2b559363063","name":"Valeria Catillo","image":{"@type":"ImageObject","inLanguage":"es","@id":"https:\/\/newsmediadirectories.com\/es\/#\/schema\/person\/image\/","url":"https:\/\/secure.gravatar.com\/avatar\/1b6716d8318da7cd8a049a1c7b480328?s=96&d=mm&r=g","contentUrl":"https:\/\/secure.gravatar.com\/avatar\/1b6716d8318da7cd8a049a1c7b480328?s=96&d=mm&r=g","caption":"Valeria Catillo"},"sameAs":["https:\/\/newsmediadirectories.com\/es"]}]}},"_links":{"self":[{"href":"https:\/\/newsmediadirectories.com\/es\/wp-json\/wp\/v2\/posts\/4206"}],"collection":[{"href":"https:\/\/newsmediadirectories.com\/es\/wp-json\/wp\/v2\/posts"}],"about":[{"href":"https:\/\/newsmediadirectories.com\/es\/wp-json\/wp\/v2\/types\/post"}],"author":[{"embeddable":true,"href":"https:\/\/newsmediadirectories.com\/es\/wp-json\/wp\/v2\/users\/1"}],"replies":[{"embeddable":true,"href":"https:\/\/newsmediadirectories.com\/es\/wp-json\/wp\/v2\/comments?post=4206"}],"version-history":[{"count":0,"href":"https:\/\/newsmediadirectories.com\/es\/wp-json\/wp\/v2\/posts\/4206\/revisions"}],"wp:featuredmedia":[{"embeddable":true,"href":"https:\/\/newsmediadirectories.com\/es\/wp-json\/wp\/v2\/media\/3488"}],"wp:attachment":[{"href":"https:\/\/newsmediadirectories.com\/es\/wp-json\/wp\/v2\/media?parent=4206"}],"wp:term":[{"taxonomy":"category","embeddable":true,"href":"https:\/\/newsmediadirectories.com\/es\/wp-json\/wp\/v2\/categories?post=4206"},{"taxonomy":"post_tag","embeddable":true,"href":"https:\/\/newsmediadirectories.com\/es\/wp-json\/wp\/v2\/tags?post=4206"},{"taxonomy":"wf_post_folders","embeddable":true,"href":"https:\/\/newsmediadirectories.com\/es\/wp-json\/wp\/v2\/wf_post_folders?post=4206"}],"curies":[{"name":"wp","href":"https:\/\/api.w.org\/{rel}","templated":true}]}}