{"id":4184,"date":"2023-05-20T05:29:43","date_gmt":"2023-05-20T05:29:43","guid":{"rendered":"https:\/\/newsmediadirectories.com\/es\/cambiemos-nuestras-acciones-para-salvar-el-planeta\/"},"modified":"2023-05-20T05:29:43","modified_gmt":"2023-05-20T05:29:43","slug":"cambiemos-nuestras-acciones-para-salvar-el-planeta","status":"publish","type":"post","link":"https:\/\/newsmediadirectories.com\/es\/cambiemos-nuestras-acciones-para-salvar-el-planeta\/","title":{"rendered":"Cambiemos nuestras acciones para salvar el planeta"},"content":{"rendered":"<p>El calentamiento global es una realidad que cada vez se percibe con m\u00e1s intensidad en el mundo, y que se convierte en una amenaza real para nuestro planeta. La necesidad de cambiar nuestras acciones para salvar el medio ambiente se torna m\u00e1s urgente con cada d\u00eda que pasa.<\/p>\n<p>En este contexto, el llamado a la acci\u00f3n por parte de expertos y l\u00edderes mundiales es m\u00e1s fuerte que nunca. Ya se han lanzado diversos programas en el \u00e1mbito internacional y nacional, con el fin de buscar soluciones a los problemas m\u00e1s cr\u00edticos y frenar el cambio clim\u00e1tico.<\/p>\n<p>Sin embargo, a\u00fan queda mucho por hacer. Para empezar, es necesario que todos asumamos la responsabilidad de cambiar nuestra forma de vida, nuestros h\u00e1bitos y costumbres, y adoptar pr\u00e1cticas m\u00e1s amigables con el medio ambiente.<\/p>\n<p>En este sentido, es importante que se incentive el uso de tecnolog\u00edas limpias y energ\u00edas renovables, as\u00ed como la adopci\u00f3n de h\u00e1bitos de consumo responsables. Tambi\u00e9n, es necesario examinar y cuestionar nuestras pr\u00e1cticas industriales y los procesos de producci\u00f3n que implican un mayor impacto ambiental.<\/p>\n<p>La educaci\u00f3n y la difusi\u00f3n de informaci\u00f3n son elementos claves para generar conciencia y motivar a la poblaci\u00f3n a actuar en consecuencia. Se trata de un proceso en el que todos debemos participar activamente, incluyendo a las empresas, los medios de comunicaci\u00f3n y los gobernantes.<\/p>\n<p>En definitiva, la urgente necesidad de cambiar nuestras acciones para salvar el planeta requiere de un enfoque global y coordinado por parte de todos los actores involucrados. Es posible y necesario actuar de forma inmediata y decidida para frenar las consecuencias del cambio clim\u00e1tico y garantizar la subsistencia de nuestro planeta para las generaciones futuras.<\/p>\n<p>Nota express publicada por <a href=\"https:\/\/mediastarpress.com\/\" target=\"_blank\" rel=\"noopener\">MediaStar | Agencia de Medios<\/a>.<\/p>\n","protected":false},"excerpt":{"rendered":"<p>El calentamiento global es una realidad que cada vez se percibe con m\u00e1s intensidad en el mundo, y que se convierte en una amenaza real para nuestro planeta. La necesidad de cambiar nuestras acciones para salvar el medio ambiente se torna m\u00e1s urgente con cada d\u00eda que pasa. En este contexto, el llamado a la [&hellip;]<\/p>\n","protected":false},"author":1,"featured_media":3672,"comment_status":"open","ping_status":"open","sticky":false,"template":"","format":"standard","meta":{"inline_featured_image":false,"footnotes":""},"categories":[38],"tags":[],"wf_post_folders":[],"class_list":{"0":"post-4184","1":"post","2":"type-post","3":"status-publish","4":"format-standard","5":"has-post-thumbnail","7":"category-fast-news"},"yoast_head":"<!-- This site is optimized with the Yoast SEO plugin v24.1 - https:\/\/yoast.com\/wordpress\/plugins\/seo\/ -->\n<title>Cambiemos nuestras acciones para salvar el planeta<\/title>\n<meta name=\"robots\" content=\"index, follow, max-snippet:-1, max-image-preview:large, max-video-preview:-1\" \/>\n<link rel=\"canonical\" href=\"https:\/\/newsmediadirectories.com\/es\/cambiemos-nuestras-acciones-para-salvar-el-planeta\/\" \/>\n<meta property=\"og:locale\" content=\"es_ES\" \/>\n<meta property=\"og:type\" content=\"article\" \/>\n<meta property=\"og:title\" content=\"Cambiemos nuestras acciones para salvar el planeta\" \/>\n<meta property=\"og:description\" content=\"El calentamiento global es una realidad que cada vez se percibe con m\u00e1s intensidad en el mundo, y que se convierte en una amenaza real para nuestro planeta. La necesidad de cambiar nuestras acciones para salvar el medio ambiente se torna m\u00e1s urgente con cada d\u00eda que pasa. En este contexto, el llamado a la [&hellip;]\" \/>\n<meta property=\"og:url\" content=\"https:\/\/newsmediadirectories.com\/es\/cambiemos-nuestras-acciones-para-salvar-el-planeta\/\" \/>\n<meta property=\"og:site_name\" content=\"News Media Directories - Noticias Online\" \/>\n<meta property=\"article:published_time\" content=\"2023-05-20T05:29:43+00:00\" \/>\n<meta property=\"og:image\" content=\"https:\/\/newsmediadirectories.com\/es\/wp-content\/uploads\/2023\/05\/0-350.jpg\" \/>\n\t<meta property=\"og:image:width\" content=\"1100\" \/>\n\t<meta property=\"og:image:height\" content=\"846\" \/>\n\t<meta property=\"og:image:type\" content=\"image\/jpeg\" \/>\n<meta name=\"author\" content=\"Valeria Catillo\" \/>\n<meta name=\"twitter:card\" content=\"summary_large_image\" \/>\n<meta name=\"twitter:label1\" content=\"Escrito por\" \/>\n\t<meta name=\"twitter:data1\" content=\"Valeria Catillo\" \/>\n\t<meta name=\"twitter:label2\" content=\"Tiempo de lectura\" \/>\n\t<meta name=\"twitter:data2\" content=\"2 minutos\" \/>\n<script type=\"application\/ld+json\" class=\"yoast-schema-graph\">{\"@context\":\"https:\/\/schema.org\",\"@graph\":[{\"@type\":\"WebPage\",\"@id\":\"https:\/\/newsmediadirectories.com\/es\/cambiemos-nuestras-acciones-para-salvar-el-planeta\/\",\"url\":\"https:\/\/newsmediadirectories.com\/es\/cambiemos-nuestras-acciones-para-salvar-el-planeta\/\",\"name\":\"Cambiemos nuestras acciones para salvar el planeta\",\"isPartOf\":{\"@id\":\"https:\/\/newsmediadirectories.com\/es\/#website\"},\"primaryImageOfPage\":{\"@id\":\"https:\/\/newsmediadirectories.com\/es\/cambiemos-nuestras-acciones-para-salvar-el-planeta\/#primaryimage\"},\"image\":{\"@id\":\"https:\/\/newsmediadirectories.com\/es\/cambiemos-nuestras-acciones-para-salvar-el-planeta\/#primaryimage\"},\"thumbnailUrl\":\"https:\/\/newsmediadirectories.com\/es\/wp-content\/uploads\/2023\/05\/0-350.jpg\",\"datePublished\":\"2023-05-20T05:29:43+00:00\",\"dateModified\":\"2023-05-20T05:29:43+00:00\",\"author\":{\"@id\":\"https:\/\/newsmediadirectories.com\/es\/#\/schema\/person\/d936c9a5f74cd01c7ff4e2b559363063\"},\"inLanguage\":\"es\",\"potentialAction\":[{\"@type\":\"ReadAction\",\"target\":[\"https:\/\/newsmediadirectories.com\/es\/cambiemos-nuestras-acciones-para-salvar-el-planeta\/\"]}]},{\"@type\":\"ImageObject\",\"inLanguage\":\"es\",\"@id\":\"https:\/\/newsmediadirectories.com\/es\/cambiemos-nuestras-acciones-para-salvar-el-planeta\/#primaryimage\",\"url\":\"https:\/\/newsmediadirectories.com\/es\/wp-content\/uploads\/2023\/05\/0-350.jpg\",\"contentUrl\":\"https:\/\/newsmediadirectories.com\/es\/wp-content\/uploads\/2023\/05\/0-350.jpg\",\"width\":1100,\"height\":846},{\"@type\":\"WebSite\",\"@id\":\"https:\/\/newsmediadirectories.com\/es\/#website\",\"url\":\"https:\/\/newsmediadirectories.com\/es\/\",\"name\":\"News Media Directories - Noticias Online\",\"description\":\"News Media Directories - Noticias Online\",\"potentialAction\":[{\"@type\":\"SearchAction\",\"target\":{\"@type\":\"EntryPoint\",\"urlTemplate\":\"https:\/\/newsmediadirectories.com\/es\/?s={search_term_string}\"},\"query-input\":{\"@type\":\"PropertyValueSpecification\",\"valueRequired\":true,\"valueName\":\"search_term_string\"}}],\"inLanguage\":\"es\"},{\"@type\":\"Person\",\"@id\":\"https:\/\/newsmediadirectories.com\/es\/#\/schema\/person\/d936c9a5f74cd01c7ff4e2b559363063\",\"name\":\"Valeria Catillo\",\"image\":{\"@type\":\"ImageObject\",\"inLanguage\":\"es\",\"@id\":\"https:\/\/newsmediadirectories.com\/es\/#\/schema\/person\/image\/\",\"url\":\"https:\/\/secure.gravatar.com\/avatar\/1b6716d8318da7cd8a049a1c7b480328?s=96&d=mm&r=g\",\"contentUrl\":\"https:\/\/secure.gravatar.com\/avatar\/1b6716d8318da7cd8a049a1c7b480328?s=96&d=mm&r=g\",\"caption\":\"Valeria Catillo\"},\"sameAs\":[\"https:\/\/newsmediadirectories.com\/es\"]}]}<\/script>\n<!-- \/ Yoast SEO plugin. -->","yoast_head_json":{"title":"Cambiemos nuestras acciones para salvar el planeta","robots":{"index":"index","follow":"follow","max-snippet":"max-snippet:-1","max-image-preview":"max-image-preview:large","max-video-preview":"max-video-preview:-1"},"canonical":"https:\/\/newsmediadirectories.com\/es\/cambiemos-nuestras-acciones-para-salvar-el-planeta\/","og_locale":"es_ES","og_type":"article","og_title":"Cambiemos nuestras acciones para salvar el planeta","og_description":"El calentamiento global es una realidad que cada vez se percibe con m\u00e1s intensidad en el mundo, y que se convierte en una amenaza real para nuestro planeta. La necesidad de cambiar nuestras acciones para salvar el medio ambiente se torna m\u00e1s urgente con cada d\u00eda que pasa. En este contexto, el llamado a la [&hellip;]","og_url":"https:\/\/newsmediadirectories.com\/es\/cambiemos-nuestras-acciones-para-salvar-el-planeta\/","og_site_name":"News Media Directories - Noticias Online","article_published_time":"2023-05-20T05:29:43+00:00","og_image":[{"width":1100,"height":846,"url":"https:\/\/newsmediadirectories.com\/es\/wp-content\/uploads\/2023\/05\/0-350.jpg","type":"image\/jpeg"}],"author":"Valeria Catillo","twitter_card":"summary_large_image","twitter_misc":{"Escrito por":"Valeria Catillo","Tiempo de lectura":"2 minutos"},"schema":{"@context":"https:\/\/schema.org","@graph":[{"@type":"WebPage","@id":"https:\/\/newsmediadirectories.com\/es\/cambiemos-nuestras-acciones-para-salvar-el-planeta\/","url":"https:\/\/newsmediadirectories.com\/es\/cambiemos-nuestras-acciones-para-salvar-el-planeta\/","name":"Cambiemos nuestras acciones para salvar el planeta","isPartOf":{"@id":"https:\/\/newsmediadirectories.com\/es\/#website"},"primaryImageOfPage":{"@id":"https:\/\/newsmediadirectories.com\/es\/cambiemos-nuestras-acciones-para-salvar-el-planeta\/#primaryimage"},"image":{"@id":"https:\/\/newsmediadirectories.com\/es\/cambiemos-nuestras-acciones-para-salvar-el-planeta\/#primaryimage"},"thumbnailUrl":"https:\/\/newsmediadirectories.com\/es\/wp-content\/uploads\/2023\/05\/0-350.jpg","datePublished":"2023-05-20T05:29:43+00:00","dateModified":"2023-05-20T05:29:43+00:00","author":{"@id":"https:\/\/newsmediadirectories.com\/es\/#\/schema\/person\/d936c9a5f74cd01c7ff4e2b559363063"},"inLanguage":"es","potentialAction":[{"@type":"ReadAction","target":["https:\/\/newsmediadirectories.com\/es\/cambiemos-nuestras-acciones-para-salvar-el-planeta\/"]}]},{"@type":"ImageObject","inLanguage":"es","@id":"https:\/\/newsmediadirectories.com\/es\/cambiemos-nuestras-acciones-para-salvar-el-planeta\/#primaryimage","url":"https:\/\/newsmediadirectories.com\/es\/wp-content\/uploads\/2023\/05\/0-350.jpg","contentUrl":"https:\/\/newsmediadirectories.com\/es\/wp-content\/uploads\/2023\/05\/0-350.jpg","width":1100,"height":846},{"@type":"WebSite","@id":"https:\/\/newsmediadirectories.com\/es\/#website","url":"https:\/\/newsmediadirectories.com\/es\/","name":"News Media Directories - Noticias Online","description":"News Media Directories - Noticias Online","potentialAction":[{"@type":"SearchAction","target":{"@type":"EntryPoint","urlTemplate":"https:\/\/newsmediadirectories.com\/es\/?s={search_term_string}"},"query-input":{"@type":"PropertyValueSpecification","valueRequired":true,"valueName":"search_term_string"}}],"inLanguage":"es"},{"@type":"Person","@id":"https:\/\/newsmediadirectories.com\/es\/#\/schema\/person\/d936c9a5f74cd01c7ff4e2b559363063","name":"Valeria Catillo","image":{"@type":"ImageObject","inLanguage":"es","@id":"https:\/\/newsmediadirectories.com\/es\/#\/schema\/person\/image\/","url":"https:\/\/secure.gravatar.com\/avatar\/1b6716d8318da7cd8a049a1c7b480328?s=96&d=mm&r=g","contentUrl":"https:\/\/secure.gravatar.com\/avatar\/1b6716d8318da7cd8a049a1c7b480328?s=96&d=mm&r=g","caption":"Valeria Catillo"},"sameAs":["https:\/\/newsmediadirectories.com\/es"]}]}},"_links":{"self":[{"href":"https:\/\/newsmediadirectories.com\/es\/wp-json\/wp\/v2\/posts\/4184"}],"collection":[{"href":"https:\/\/newsmediadirectories.com\/es\/wp-json\/wp\/v2\/posts"}],"about":[{"href":"https:\/\/newsmediadirectories.com\/es\/wp-json\/wp\/v2\/types\/post"}],"author":[{"embeddable":true,"href":"https:\/\/newsmediadirectories.com\/es\/wp-json\/wp\/v2\/users\/1"}],"replies":[{"embeddable":true,"href":"https:\/\/newsmediadirectories.com\/es\/wp-json\/wp\/v2\/comments?post=4184"}],"version-history":[{"count":0,"href":"https:\/\/newsmediadirectories.com\/es\/wp-json\/wp\/v2\/posts\/4184\/revisions"}],"wp:featuredmedia":[{"embeddable":true,"href":"https:\/\/newsmediadirectories.com\/es\/wp-json\/wp\/v2\/media\/3672"}],"wp:attachment":[{"href":"https:\/\/newsmediadirectories.com\/es\/wp-json\/wp\/v2\/media?parent=4184"}],"wp:term":[{"taxonomy":"category","embeddable":true,"href":"https:\/\/newsmediadirectories.com\/es\/wp-json\/wp\/v2\/categories?post=4184"},{"taxonomy":"post_tag","embeddable":true,"href":"https:\/\/newsmediadirectories.com\/es\/wp-json\/wp\/v2\/tags?post=4184"},{"taxonomy":"wf_post_folders","embeddable":true,"href":"https:\/\/newsmediadirectories.com\/es\/wp-json\/wp\/v2\/wf_post_folders?post=4184"}],"curies":[{"name":"wp","href":"https:\/\/api.w.org\/{rel}","templated":true}]}}