{"id":4178,"date":"2023-05-20T05:29:46","date_gmt":"2023-05-20T05:29:46","guid":{"rendered":"https:\/\/newsmediadirectories.com\/es\/necesitamos-una-politica-ambiental-fuerte-y-efectiva-para-proteger-nuestro-planeta\/"},"modified":"2023-05-20T05:29:46","modified_gmt":"2023-05-20T05:29:46","slug":"necesitamos-una-politica-ambiental-fuerte-y-efectiva-para-proteger-nuestro-planeta","status":"publish","type":"post","link":"https:\/\/newsmediadirectories.com\/es\/necesitamos-una-politica-ambiental-fuerte-y-efectiva-para-proteger-nuestro-planeta\/","title":{"rendered":"Necesitamos una pol\u00edtica ambiental fuerte y efectiva para proteger nuestro planeta"},"content":{"rendered":"<p>La protecci\u00f3n del medio ambiente ha sido un tema que ha tomado gran relevancia en los \u00faltimos a\u00f1os, y es que la humanidad se ha dado cuenta de que los recursos naturales son finitos y que su mal uso puede provocar graves consecuencias a nivel ambiental, social y econ\u00f3mico. Ante esta situaci\u00f3n, se hace imprescindible contar con una pol\u00edtica ambiental solvente, efectiva y sostenible que garantice la protecci\u00f3n del planeta.<\/p>\n<p>Necesitamos una pol\u00edtica ambiental fuerte que nos permita combatir los efectos del cambio clim\u00e1tico y controlar la contaminaci\u00f3n que produce la industria y el ser humano. La pol\u00edtica ambiental debe estar dirigida por el Estado y ser implementada de manera rigurosa por todas las entidades y ciudadanos.<\/p>\n<p>La pol\u00edtica ambiental debe estar en concordancia con los tratados internacionales y los acuerdos mundiales sobre el medio ambiente para que tengamos una pol\u00edtica global que no permita la explotaci\u00f3n desmedida de los recursos naturales, la deforestaci\u00f3n y la contaminaci\u00f3n.<\/p>\n<p>Es importante que el Estado impulse pol\u00edticas de educaci\u00f3n y sensibilizaci\u00f3n sobre el medio ambiente en las escuelas, universidades, empresas e instituciones gubernamentales para que todos tengan conocimientos sobre la protecci\u00f3n ambiental y puedan aplicarlo en sus actividades diarias.<\/p>\n<p>Finalmente, debemos tener en cuenta que la pol\u00edtica ambiental debe generar empleos verdes y hacer que la econom\u00eda sea m\u00e1s sostenible. La protecci\u00f3n del medio ambiente no puede ser vista como una limitaci\u00f3n para el desarrollo econ\u00f3mico, sino que debe ser una herramienta para un crecimiento sostenible y duradero.<\/p>\n<p>En conclusi\u00f3n, es indispensable contar con una pol\u00edtica ambiental fuerte y efectiva que garantice la protecci\u00f3n del planeta y el desarrollo sostenible de nuestras sociedades. Debemos ser conscientes de que nuestras acciones y decisiones afectan el medio ambiente y tomar medidas para proteger nuestro planeta.<\/p>\n<p>Nota express publicada por <a href=\"https:\/\/mediastarpress.com\/\" target=\"_blank\" rel=\"noopener\">MediaStar | Agencia de Medios<\/a>.<\/p>\n","protected":false},"excerpt":{"rendered":"<p>La protecci\u00f3n del medio ambiente ha sido un tema que ha tomado gran relevancia en los \u00faltimos a\u00f1os, y es que la humanidad se ha dado cuenta de que los recursos naturales son finitos y que su mal uso puede provocar graves consecuencias a nivel ambiental, social y econ\u00f3mico. Ante esta situaci\u00f3n, se hace imprescindible [&hellip;]<\/p>\n","protected":false},"author":1,"featured_media":3957,"comment_status":"open","ping_status":"open","sticky":false,"template":"","format":"standard","meta":{"inline_featured_image":false,"footnotes":""},"categories":[38],"tags":[],"wf_post_folders":[],"class_list":{"0":"post-4178","1":"post","2":"type-post","3":"status-publish","4":"format-standard","5":"has-post-thumbnail","7":"category-fast-news"},"yoast_head":"<!-- This site is optimized with the Yoast SEO plugin v24.1 - https:\/\/yoast.com\/wordpress\/plugins\/seo\/ -->\n<title>Necesitamos una pol\u00edtica ambiental fuerte y efectiva para proteger nuestro planeta<\/title>\n<meta name=\"robots\" content=\"index, follow, max-snippet:-1, max-image-preview:large, max-video-preview:-1\" \/>\n<link rel=\"canonical\" href=\"https:\/\/newsmediadirectories.com\/es\/necesitamos-una-politica-ambiental-fuerte-y-efectiva-para-proteger-nuestro-planeta\/\" \/>\n<meta property=\"og:locale\" content=\"es_ES\" \/>\n<meta property=\"og:type\" content=\"article\" \/>\n<meta property=\"og:title\" content=\"Necesitamos una pol\u00edtica ambiental fuerte y efectiva para proteger nuestro planeta\" \/>\n<meta property=\"og:description\" content=\"La protecci\u00f3n del medio ambiente ha sido un tema que ha tomado gran relevancia en los \u00faltimos a\u00f1os, y es que la humanidad se ha dado cuenta de que los recursos naturales son finitos y que su mal uso puede provocar graves consecuencias a nivel ambiental, social y econ\u00f3mico. Ante esta situaci\u00f3n, se hace imprescindible [&hellip;]\" \/>\n<meta property=\"og:url\" content=\"https:\/\/newsmediadirectories.com\/es\/necesitamos-una-politica-ambiental-fuerte-y-efectiva-para-proteger-nuestro-planeta\/\" \/>\n<meta property=\"og:site_name\" content=\"News Media Directories - Noticias Online\" \/>\n<meta property=\"article:published_time\" content=\"2023-05-20T05:29:46+00:00\" \/>\n<meta property=\"og:image\" content=\"https:\/\/newsmediadirectories.com\/es\/wp-content\/uploads\/2023\/05\/01-87.jpg\" \/>\n\t<meta property=\"og:image:width\" content=\"1100\" \/>\n\t<meta property=\"og:image:height\" content=\"616\" \/>\n\t<meta property=\"og:image:type\" content=\"image\/jpeg\" \/>\n<meta name=\"author\" content=\"Valeria Catillo\" \/>\n<meta name=\"twitter:card\" content=\"summary_large_image\" \/>\n<meta name=\"twitter:label1\" content=\"Escrito por\" \/>\n\t<meta name=\"twitter:data1\" content=\"Valeria Catillo\" \/>\n\t<meta name=\"twitter:label2\" content=\"Tiempo de lectura\" \/>\n\t<meta name=\"twitter:data2\" content=\"2 minutos\" \/>\n<script type=\"application\/ld+json\" class=\"yoast-schema-graph\">{\"@context\":\"https:\/\/schema.org\",\"@graph\":[{\"@type\":\"WebPage\",\"@id\":\"https:\/\/newsmediadirectories.com\/es\/necesitamos-una-politica-ambiental-fuerte-y-efectiva-para-proteger-nuestro-planeta\/\",\"url\":\"https:\/\/newsmediadirectories.com\/es\/necesitamos-una-politica-ambiental-fuerte-y-efectiva-para-proteger-nuestro-planeta\/\",\"name\":\"Necesitamos una pol\u00edtica ambiental fuerte y efectiva para proteger nuestro planeta\",\"isPartOf\":{\"@id\":\"https:\/\/newsmediadirectories.com\/es\/#website\"},\"primaryImageOfPage\":{\"@id\":\"https:\/\/newsmediadirectories.com\/es\/necesitamos-una-politica-ambiental-fuerte-y-efectiva-para-proteger-nuestro-planeta\/#primaryimage\"},\"image\":{\"@id\":\"https:\/\/newsmediadirectories.com\/es\/necesitamos-una-politica-ambiental-fuerte-y-efectiva-para-proteger-nuestro-planeta\/#primaryimage\"},\"thumbnailUrl\":\"https:\/\/newsmediadirectories.com\/es\/wp-content\/uploads\/2023\/05\/01-87.jpg\",\"datePublished\":\"2023-05-20T05:29:46+00:00\",\"dateModified\":\"2023-05-20T05:29:46+00:00\",\"author\":{\"@id\":\"https:\/\/newsmediadirectories.com\/es\/#\/schema\/person\/d936c9a5f74cd01c7ff4e2b559363063\"},\"inLanguage\":\"es\",\"potentialAction\":[{\"@type\":\"ReadAction\",\"target\":[\"https:\/\/newsmediadirectories.com\/es\/necesitamos-una-politica-ambiental-fuerte-y-efectiva-para-proteger-nuestro-planeta\/\"]}]},{\"@type\":\"ImageObject\",\"inLanguage\":\"es\",\"@id\":\"https:\/\/newsmediadirectories.com\/es\/necesitamos-una-politica-ambiental-fuerte-y-efectiva-para-proteger-nuestro-planeta\/#primaryimage\",\"url\":\"https:\/\/newsmediadirectories.com\/es\/wp-content\/uploads\/2023\/05\/01-87.jpg\",\"contentUrl\":\"https:\/\/newsmediadirectories.com\/es\/wp-content\/uploads\/2023\/05\/01-87.jpg\",\"width\":1100,\"height\":616},{\"@type\":\"WebSite\",\"@id\":\"https:\/\/newsmediadirectories.com\/es\/#website\",\"url\":\"https:\/\/newsmediadirectories.com\/es\/\",\"name\":\"News Media Directories - Noticias Online\",\"description\":\"News Media Directories - Noticias Online\",\"potentialAction\":[{\"@type\":\"SearchAction\",\"target\":{\"@type\":\"EntryPoint\",\"urlTemplate\":\"https:\/\/newsmediadirectories.com\/es\/?s={search_term_string}\"},\"query-input\":{\"@type\":\"PropertyValueSpecification\",\"valueRequired\":true,\"valueName\":\"search_term_string\"}}],\"inLanguage\":\"es\"},{\"@type\":\"Person\",\"@id\":\"https:\/\/newsmediadirectories.com\/es\/#\/schema\/person\/d936c9a5f74cd01c7ff4e2b559363063\",\"name\":\"Valeria Catillo\",\"image\":{\"@type\":\"ImageObject\",\"inLanguage\":\"es\",\"@id\":\"https:\/\/newsmediadirectories.com\/es\/#\/schema\/person\/image\/\",\"url\":\"https:\/\/secure.gravatar.com\/avatar\/1b6716d8318da7cd8a049a1c7b480328?s=96&d=mm&r=g\",\"contentUrl\":\"https:\/\/secure.gravatar.com\/avatar\/1b6716d8318da7cd8a049a1c7b480328?s=96&d=mm&r=g\",\"caption\":\"Valeria Catillo\"},\"sameAs\":[\"https:\/\/newsmediadirectories.com\/es\"]}]}<\/script>\n<!-- \/ Yoast SEO plugin. -->","yoast_head_json":{"title":"Necesitamos una pol\u00edtica ambiental fuerte y efectiva para proteger nuestro planeta","robots":{"index":"index","follow":"follow","max-snippet":"max-snippet:-1","max-image-preview":"max-image-preview:large","max-video-preview":"max-video-preview:-1"},"canonical":"https:\/\/newsmediadirectories.com\/es\/necesitamos-una-politica-ambiental-fuerte-y-efectiva-para-proteger-nuestro-planeta\/","og_locale":"es_ES","og_type":"article","og_title":"Necesitamos una pol\u00edtica ambiental fuerte y efectiva para proteger nuestro planeta","og_description":"La protecci\u00f3n del medio ambiente ha sido un tema que ha tomado gran relevancia en los \u00faltimos a\u00f1os, y es que la humanidad se ha dado cuenta de que los recursos naturales son finitos y que su mal uso puede provocar graves consecuencias a nivel ambiental, social y econ\u00f3mico. Ante esta situaci\u00f3n, se hace imprescindible [&hellip;]","og_url":"https:\/\/newsmediadirectories.com\/es\/necesitamos-una-politica-ambiental-fuerte-y-efectiva-para-proteger-nuestro-planeta\/","og_site_name":"News Media Directories - Noticias Online","article_published_time":"2023-05-20T05:29:46+00:00","og_image":[{"width":1100,"height":616,"url":"https:\/\/newsmediadirectories.com\/es\/wp-content\/uploads\/2023\/05\/01-87.jpg","type":"image\/jpeg"}],"author":"Valeria Catillo","twitter_card":"summary_large_image","twitter_misc":{"Escrito por":"Valeria Catillo","Tiempo de lectura":"2 minutos"},"schema":{"@context":"https:\/\/schema.org","@graph":[{"@type":"WebPage","@id":"https:\/\/newsmediadirectories.com\/es\/necesitamos-una-politica-ambiental-fuerte-y-efectiva-para-proteger-nuestro-planeta\/","url":"https:\/\/newsmediadirectories.com\/es\/necesitamos-una-politica-ambiental-fuerte-y-efectiva-para-proteger-nuestro-planeta\/","name":"Necesitamos una pol\u00edtica ambiental fuerte y efectiva para proteger nuestro planeta","isPartOf":{"@id":"https:\/\/newsmediadirectories.com\/es\/#website"},"primaryImageOfPage":{"@id":"https:\/\/newsmediadirectories.com\/es\/necesitamos-una-politica-ambiental-fuerte-y-efectiva-para-proteger-nuestro-planeta\/#primaryimage"},"image":{"@id":"https:\/\/newsmediadirectories.com\/es\/necesitamos-una-politica-ambiental-fuerte-y-efectiva-para-proteger-nuestro-planeta\/#primaryimage"},"thumbnailUrl":"https:\/\/newsmediadirectories.com\/es\/wp-content\/uploads\/2023\/05\/01-87.jpg","datePublished":"2023-05-20T05:29:46+00:00","dateModified":"2023-05-20T05:29:46+00:00","author":{"@id":"https:\/\/newsmediadirectories.com\/es\/#\/schema\/person\/d936c9a5f74cd01c7ff4e2b559363063"},"inLanguage":"es","potentialAction":[{"@type":"ReadAction","target":["https:\/\/newsmediadirectories.com\/es\/necesitamos-una-politica-ambiental-fuerte-y-efectiva-para-proteger-nuestro-planeta\/"]}]},{"@type":"ImageObject","inLanguage":"es","@id":"https:\/\/newsmediadirectories.com\/es\/necesitamos-una-politica-ambiental-fuerte-y-efectiva-para-proteger-nuestro-planeta\/#primaryimage","url":"https:\/\/newsmediadirectories.com\/es\/wp-content\/uploads\/2023\/05\/01-87.jpg","contentUrl":"https:\/\/newsmediadirectories.com\/es\/wp-content\/uploads\/2023\/05\/01-87.jpg","width":1100,"height":616},{"@type":"WebSite","@id":"https:\/\/newsmediadirectories.com\/es\/#website","url":"https:\/\/newsmediadirectories.com\/es\/","name":"News Media Directories - Noticias Online","description":"News Media Directories - Noticias Online","potentialAction":[{"@type":"SearchAction","target":{"@type":"EntryPoint","urlTemplate":"https:\/\/newsmediadirectories.com\/es\/?s={search_term_string}"},"query-input":{"@type":"PropertyValueSpecification","valueRequired":true,"valueName":"search_term_string"}}],"inLanguage":"es"},{"@type":"Person","@id":"https:\/\/newsmediadirectories.com\/es\/#\/schema\/person\/d936c9a5f74cd01c7ff4e2b559363063","name":"Valeria Catillo","image":{"@type":"ImageObject","inLanguage":"es","@id":"https:\/\/newsmediadirectories.com\/es\/#\/schema\/person\/image\/","url":"https:\/\/secure.gravatar.com\/avatar\/1b6716d8318da7cd8a049a1c7b480328?s=96&d=mm&r=g","contentUrl":"https:\/\/secure.gravatar.com\/avatar\/1b6716d8318da7cd8a049a1c7b480328?s=96&d=mm&r=g","caption":"Valeria Catillo"},"sameAs":["https:\/\/newsmediadirectories.com\/es"]}]}},"_links":{"self":[{"href":"https:\/\/newsmediadirectories.com\/es\/wp-json\/wp\/v2\/posts\/4178"}],"collection":[{"href":"https:\/\/newsmediadirectories.com\/es\/wp-json\/wp\/v2\/posts"}],"about":[{"href":"https:\/\/newsmediadirectories.com\/es\/wp-json\/wp\/v2\/types\/post"}],"author":[{"embeddable":true,"href":"https:\/\/newsmediadirectories.com\/es\/wp-json\/wp\/v2\/users\/1"}],"replies":[{"embeddable":true,"href":"https:\/\/newsmediadirectories.com\/es\/wp-json\/wp\/v2\/comments?post=4178"}],"version-history":[{"count":0,"href":"https:\/\/newsmediadirectories.com\/es\/wp-json\/wp\/v2\/posts\/4178\/revisions"}],"wp:featuredmedia":[{"embeddable":true,"href":"https:\/\/newsmediadirectories.com\/es\/wp-json\/wp\/v2\/media\/3957"}],"wp:attachment":[{"href":"https:\/\/newsmediadirectories.com\/es\/wp-json\/wp\/v2\/media?parent=4178"}],"wp:term":[{"taxonomy":"category","embeddable":true,"href":"https:\/\/newsmediadirectories.com\/es\/wp-json\/wp\/v2\/categories?post=4178"},{"taxonomy":"post_tag","embeddable":true,"href":"https:\/\/newsmediadirectories.com\/es\/wp-json\/wp\/v2\/tags?post=4178"},{"taxonomy":"wf_post_folders","embeddable":true,"href":"https:\/\/newsmediadirectories.com\/es\/wp-json\/wp\/v2\/wf_post_folders?post=4178"}],"curies":[{"name":"wp","href":"https:\/\/api.w.org\/{rel}","templated":true}]}}