{"id":4163,"date":"2023-05-20T05:29:55","date_gmt":"2023-05-20T05:29:55","guid":{"rendered":"https:\/\/newsmediadirectories.com\/es\/necesitamos-una-politica-ambiental-fuerte-y-efectiva-para-proteger-nuestro-planeta-2\/"},"modified":"2023-05-20T05:29:55","modified_gmt":"2023-05-20T05:29:55","slug":"necesitamos-una-politica-ambiental-fuerte-y-efectiva-para-proteger-nuestro-planeta-2","status":"publish","type":"post","link":"https:\/\/newsmediadirectories.com\/es\/necesitamos-una-politica-ambiental-fuerte-y-efectiva-para-proteger-nuestro-planeta-2\/","title":{"rendered":"Necesitamos una pol\u00edtica ambiental fuerte y efectiva para proteger nuestro planeta"},"content":{"rendered":"<p>En un mundo cada vez m\u00e1s preocupado por las consecuencias del cambio clim\u00e1tico y la degradaci\u00f3n ambiental, la discusi\u00f3n sobre la necesidad de una pol\u00edtica ambiental fuerte y efectiva se ha convertido en un tema cr\u00edtico para nuestro futuro. En este sentido, nuestro planeta requiere de medidas y pol\u00edticas adecuadas para protegerlo de las amenazas que se derivan del desarrollo humano.<\/p>\n<p>Ante esta realidad, es importante que los l\u00edderes mundiales reconozcan la importancia del medio ambiente y su relaci\u00f3n con el crecimiento y el bienestar humano. Adem\u00e1s, es necesario que exista un consenso pol\u00edtico y social para llevar a cabo una pol\u00edtica ambiental s\u00f3lida, efectiva y coherente en todos los \u00e1mbitos.<\/p>\n<p>En este sentido, es fundamental que se promueva una econom\u00eda sostenible y responsable. Esto implica dejar de lado las pr\u00e1cticas de consumo excesivo, apostar por una producci\u00f3n limpia y eficiente, impulsar las energ\u00edas renovables y fomentar la innovaci\u00f3n y la tecnolog\u00eda para el desarrollo sostenible.<\/p>\n<p>Asimismo, se requiere de una pol\u00edtica ambiental que tenga en cuenta la situaci\u00f3n de los pa\u00edses m\u00e1s vulnerables y empobrecidos. Por ello, es necesario establecer mecanismos de cooperaci\u00f3n y ayuda destinados a la protecci\u00f3n del medio ambiente y la lucha contra el cambio clim\u00e1tico. De esta manera, se podr\u00e1 garantizar una acci\u00f3n global para el cuidado del planeta.<\/p>\n<p>Cabe destacar que, en el marco de la crisis sanitaria y econ\u00f3mica provocada por la pandemia del COVID-19, ha quedado en evidencia la necesidad de revertir el modelo econ\u00f3mico actual, centrado en el crecimiento ilimitado y el consumo desmesurado. En este sentido, la pol\u00edtica ambiental se presenta como una necesidad urgente para proteger nuestro planeta y garantizar una mayor resiliencia frente a futuras crisis.<\/p>\n<p>En conclusi\u00f3n, la necesidad de una pol\u00edtica ambiental fuerte y efectiva es un tema esencial para proteger el medio ambiente y garantizar un futuro sostenible. Esto implica la adopci\u00f3n de medidas y pol\u00edticas adecuadas que promuevan una econom\u00eda sostenible y responsable, fomenten la cooperaci\u00f3n y la ayuda global y, en definitiva, establezcan un marco de acci\u00f3n ambicioso y coherente para proteger nuestro planeta y las generaciones que vendr\u00e1n.<\/p>\n<p>Nota express publicada por <a href=\"https:\/\/mediastarpress.com\/\" target=\"_blank\" rel=\"noopener\">MediaStar | Agencia de Medios<\/a>.<\/p>\n","protected":false},"excerpt":{"rendered":"<p>En un mundo cada vez m\u00e1s preocupado por las consecuencias del cambio clim\u00e1tico y la degradaci\u00f3n ambiental, la discusi\u00f3n sobre la necesidad de una pol\u00edtica ambiental fuerte y efectiva se ha convertido en un tema cr\u00edtico para nuestro futuro. En este sentido, nuestro planeta requiere de medidas y pol\u00edticas adecuadas para protegerlo de las amenazas [&hellip;]<\/p>\n","protected":false},"author":1,"featured_media":3729,"comment_status":"open","ping_status":"open","sticky":false,"template":"","format":"standard","meta":{"inline_featured_image":false,"footnotes":""},"categories":[38],"tags":[],"wf_post_folders":[],"class_list":{"0":"post-4163","1":"post","2":"type-post","3":"status-publish","4":"format-standard","5":"has-post-thumbnail","7":"category-fast-news"},"yoast_head":"<!-- This site is optimized with the Yoast SEO plugin v24.1 - https:\/\/yoast.com\/wordpress\/plugins\/seo\/ -->\n<title>Necesitamos una pol\u00edtica ambiental fuerte y efectiva para proteger nuestro planeta<\/title>\n<meta name=\"robots\" content=\"index, follow, max-snippet:-1, max-image-preview:large, max-video-preview:-1\" \/>\n<link rel=\"canonical\" href=\"https:\/\/newsmediadirectories.com\/es\/necesitamos-una-politica-ambiental-fuerte-y-efectiva-para-proteger-nuestro-planeta-2\/\" \/>\n<meta property=\"og:locale\" content=\"es_ES\" \/>\n<meta property=\"og:type\" content=\"article\" \/>\n<meta property=\"og:title\" content=\"Necesitamos una pol\u00edtica ambiental fuerte y efectiva para proteger nuestro planeta\" \/>\n<meta property=\"og:description\" content=\"En un mundo cada vez m\u00e1s preocupado por las consecuencias del cambio clim\u00e1tico y la degradaci\u00f3n ambiental, la discusi\u00f3n sobre la necesidad de una pol\u00edtica ambiental fuerte y efectiva se ha convertido en un tema cr\u00edtico para nuestro futuro. En este sentido, nuestro planeta requiere de medidas y pol\u00edticas adecuadas para protegerlo de las amenazas [&hellip;]\" \/>\n<meta property=\"og:url\" content=\"https:\/\/newsmediadirectories.com\/es\/necesitamos-una-politica-ambiental-fuerte-y-efectiva-para-proteger-nuestro-planeta-2\/\" \/>\n<meta property=\"og:site_name\" content=\"News Media Directories - Noticias Online\" \/>\n<meta property=\"article:published_time\" content=\"2023-05-20T05:29:55+00:00\" \/>\n<meta property=\"og:image\" content=\"https:\/\/newsmediadirectories.com\/es\/wp-content\/uploads\/2023\/05\/01-119.jpg\" \/>\n\t<meta property=\"og:image:width\" content=\"1100\" \/>\n\t<meta property=\"og:image:height\" content=\"619\" \/>\n\t<meta property=\"og:image:type\" content=\"image\/jpeg\" \/>\n<meta name=\"author\" content=\"Valeria Catillo\" \/>\n<meta name=\"twitter:card\" content=\"summary_large_image\" \/>\n<meta name=\"twitter:label1\" content=\"Escrito por\" \/>\n\t<meta name=\"twitter:data1\" content=\"Valeria Catillo\" \/>\n\t<meta name=\"twitter:label2\" content=\"Tiempo de lectura\" \/>\n\t<meta name=\"twitter:data2\" content=\"2 minutos\" \/>\n<script type=\"application\/ld+json\" class=\"yoast-schema-graph\">{\"@context\":\"https:\/\/schema.org\",\"@graph\":[{\"@type\":\"WebPage\",\"@id\":\"https:\/\/newsmediadirectories.com\/es\/necesitamos-una-politica-ambiental-fuerte-y-efectiva-para-proteger-nuestro-planeta-2\/\",\"url\":\"https:\/\/newsmediadirectories.com\/es\/necesitamos-una-politica-ambiental-fuerte-y-efectiva-para-proteger-nuestro-planeta-2\/\",\"name\":\"Necesitamos una pol\u00edtica ambiental fuerte y efectiva para proteger nuestro planeta\",\"isPartOf\":{\"@id\":\"https:\/\/newsmediadirectories.com\/es\/#website\"},\"primaryImageOfPage\":{\"@id\":\"https:\/\/newsmediadirectories.com\/es\/necesitamos-una-politica-ambiental-fuerte-y-efectiva-para-proteger-nuestro-planeta-2\/#primaryimage\"},\"image\":{\"@id\":\"https:\/\/newsmediadirectories.com\/es\/necesitamos-una-politica-ambiental-fuerte-y-efectiva-para-proteger-nuestro-planeta-2\/#primaryimage\"},\"thumbnailUrl\":\"https:\/\/newsmediadirectories.com\/es\/wp-content\/uploads\/2023\/05\/01-119.jpg\",\"datePublished\":\"2023-05-20T05:29:55+00:00\",\"dateModified\":\"2023-05-20T05:29:55+00:00\",\"author\":{\"@id\":\"https:\/\/newsmediadirectories.com\/es\/#\/schema\/person\/d936c9a5f74cd01c7ff4e2b559363063\"},\"inLanguage\":\"es\",\"potentialAction\":[{\"@type\":\"ReadAction\",\"target\":[\"https:\/\/newsmediadirectories.com\/es\/necesitamos-una-politica-ambiental-fuerte-y-efectiva-para-proteger-nuestro-planeta-2\/\"]}]},{\"@type\":\"ImageObject\",\"inLanguage\":\"es\",\"@id\":\"https:\/\/newsmediadirectories.com\/es\/necesitamos-una-politica-ambiental-fuerte-y-efectiva-para-proteger-nuestro-planeta-2\/#primaryimage\",\"url\":\"https:\/\/newsmediadirectories.com\/es\/wp-content\/uploads\/2023\/05\/01-119.jpg\",\"contentUrl\":\"https:\/\/newsmediadirectories.com\/es\/wp-content\/uploads\/2023\/05\/01-119.jpg\",\"width\":1100,\"height\":619},{\"@type\":\"WebSite\",\"@id\":\"https:\/\/newsmediadirectories.com\/es\/#website\",\"url\":\"https:\/\/newsmediadirectories.com\/es\/\",\"name\":\"News Media Directories - Noticias Online\",\"description\":\"News Media Directories - Noticias Online\",\"potentialAction\":[{\"@type\":\"SearchAction\",\"target\":{\"@type\":\"EntryPoint\",\"urlTemplate\":\"https:\/\/newsmediadirectories.com\/es\/?s={search_term_string}\"},\"query-input\":{\"@type\":\"PropertyValueSpecification\",\"valueRequired\":true,\"valueName\":\"search_term_string\"}}],\"inLanguage\":\"es\"},{\"@type\":\"Person\",\"@id\":\"https:\/\/newsmediadirectories.com\/es\/#\/schema\/person\/d936c9a5f74cd01c7ff4e2b559363063\",\"name\":\"Valeria Catillo\",\"image\":{\"@type\":\"ImageObject\",\"inLanguage\":\"es\",\"@id\":\"https:\/\/newsmediadirectories.com\/es\/#\/schema\/person\/image\/\",\"url\":\"https:\/\/secure.gravatar.com\/avatar\/1b6716d8318da7cd8a049a1c7b480328?s=96&d=mm&r=g\",\"contentUrl\":\"https:\/\/secure.gravatar.com\/avatar\/1b6716d8318da7cd8a049a1c7b480328?s=96&d=mm&r=g\",\"caption\":\"Valeria Catillo\"},\"sameAs\":[\"https:\/\/newsmediadirectories.com\/es\"]}]}<\/script>\n<!-- \/ Yoast SEO plugin. -->","yoast_head_json":{"title":"Necesitamos una pol\u00edtica ambiental fuerte y efectiva para proteger nuestro planeta","robots":{"index":"index","follow":"follow","max-snippet":"max-snippet:-1","max-image-preview":"max-image-preview:large","max-video-preview":"max-video-preview:-1"},"canonical":"https:\/\/newsmediadirectories.com\/es\/necesitamos-una-politica-ambiental-fuerte-y-efectiva-para-proteger-nuestro-planeta-2\/","og_locale":"es_ES","og_type":"article","og_title":"Necesitamos una pol\u00edtica ambiental fuerte y efectiva para proteger nuestro planeta","og_description":"En un mundo cada vez m\u00e1s preocupado por las consecuencias del cambio clim\u00e1tico y la degradaci\u00f3n ambiental, la discusi\u00f3n sobre la necesidad de una pol\u00edtica ambiental fuerte y efectiva se ha convertido en un tema cr\u00edtico para nuestro futuro. En este sentido, nuestro planeta requiere de medidas y pol\u00edticas adecuadas para protegerlo de las amenazas [&hellip;]","og_url":"https:\/\/newsmediadirectories.com\/es\/necesitamos-una-politica-ambiental-fuerte-y-efectiva-para-proteger-nuestro-planeta-2\/","og_site_name":"News Media Directories - Noticias Online","article_published_time":"2023-05-20T05:29:55+00:00","og_image":[{"width":1100,"height":619,"url":"https:\/\/newsmediadirectories.com\/es\/wp-content\/uploads\/2023\/05\/01-119.jpg","type":"image\/jpeg"}],"author":"Valeria Catillo","twitter_card":"summary_large_image","twitter_misc":{"Escrito por":"Valeria Catillo","Tiempo de lectura":"2 minutos"},"schema":{"@context":"https:\/\/schema.org","@graph":[{"@type":"WebPage","@id":"https:\/\/newsmediadirectories.com\/es\/necesitamos-una-politica-ambiental-fuerte-y-efectiva-para-proteger-nuestro-planeta-2\/","url":"https:\/\/newsmediadirectories.com\/es\/necesitamos-una-politica-ambiental-fuerte-y-efectiva-para-proteger-nuestro-planeta-2\/","name":"Necesitamos una pol\u00edtica ambiental fuerte y efectiva para proteger nuestro planeta","isPartOf":{"@id":"https:\/\/newsmediadirectories.com\/es\/#website"},"primaryImageOfPage":{"@id":"https:\/\/newsmediadirectories.com\/es\/necesitamos-una-politica-ambiental-fuerte-y-efectiva-para-proteger-nuestro-planeta-2\/#primaryimage"},"image":{"@id":"https:\/\/newsmediadirectories.com\/es\/necesitamos-una-politica-ambiental-fuerte-y-efectiva-para-proteger-nuestro-planeta-2\/#primaryimage"},"thumbnailUrl":"https:\/\/newsmediadirectories.com\/es\/wp-content\/uploads\/2023\/05\/01-119.jpg","datePublished":"2023-05-20T05:29:55+00:00","dateModified":"2023-05-20T05:29:55+00:00","author":{"@id":"https:\/\/newsmediadirectories.com\/es\/#\/schema\/person\/d936c9a5f74cd01c7ff4e2b559363063"},"inLanguage":"es","potentialAction":[{"@type":"ReadAction","target":["https:\/\/newsmediadirectories.com\/es\/necesitamos-una-politica-ambiental-fuerte-y-efectiva-para-proteger-nuestro-planeta-2\/"]}]},{"@type":"ImageObject","inLanguage":"es","@id":"https:\/\/newsmediadirectories.com\/es\/necesitamos-una-politica-ambiental-fuerte-y-efectiva-para-proteger-nuestro-planeta-2\/#primaryimage","url":"https:\/\/newsmediadirectories.com\/es\/wp-content\/uploads\/2023\/05\/01-119.jpg","contentUrl":"https:\/\/newsmediadirectories.com\/es\/wp-content\/uploads\/2023\/05\/01-119.jpg","width":1100,"height":619},{"@type":"WebSite","@id":"https:\/\/newsmediadirectories.com\/es\/#website","url":"https:\/\/newsmediadirectories.com\/es\/","name":"News Media Directories - Noticias Online","description":"News Media Directories - Noticias Online","potentialAction":[{"@type":"SearchAction","target":{"@type":"EntryPoint","urlTemplate":"https:\/\/newsmediadirectories.com\/es\/?s={search_term_string}"},"query-input":{"@type":"PropertyValueSpecification","valueRequired":true,"valueName":"search_term_string"}}],"inLanguage":"es"},{"@type":"Person","@id":"https:\/\/newsmediadirectories.com\/es\/#\/schema\/person\/d936c9a5f74cd01c7ff4e2b559363063","name":"Valeria Catillo","image":{"@type":"ImageObject","inLanguage":"es","@id":"https:\/\/newsmediadirectories.com\/es\/#\/schema\/person\/image\/","url":"https:\/\/secure.gravatar.com\/avatar\/1b6716d8318da7cd8a049a1c7b480328?s=96&d=mm&r=g","contentUrl":"https:\/\/secure.gravatar.com\/avatar\/1b6716d8318da7cd8a049a1c7b480328?s=96&d=mm&r=g","caption":"Valeria Catillo"},"sameAs":["https:\/\/newsmediadirectories.com\/es"]}]}},"_links":{"self":[{"href":"https:\/\/newsmediadirectories.com\/es\/wp-json\/wp\/v2\/posts\/4163"}],"collection":[{"href":"https:\/\/newsmediadirectories.com\/es\/wp-json\/wp\/v2\/posts"}],"about":[{"href":"https:\/\/newsmediadirectories.com\/es\/wp-json\/wp\/v2\/types\/post"}],"author":[{"embeddable":true,"href":"https:\/\/newsmediadirectories.com\/es\/wp-json\/wp\/v2\/users\/1"}],"replies":[{"embeddable":true,"href":"https:\/\/newsmediadirectories.com\/es\/wp-json\/wp\/v2\/comments?post=4163"}],"version-history":[{"count":0,"href":"https:\/\/newsmediadirectories.com\/es\/wp-json\/wp\/v2\/posts\/4163\/revisions"}],"wp:featuredmedia":[{"embeddable":true,"href":"https:\/\/newsmediadirectories.com\/es\/wp-json\/wp\/v2\/media\/3729"}],"wp:attachment":[{"href":"https:\/\/newsmediadirectories.com\/es\/wp-json\/wp\/v2\/media?parent=4163"}],"wp:term":[{"taxonomy":"category","embeddable":true,"href":"https:\/\/newsmediadirectories.com\/es\/wp-json\/wp\/v2\/categories?post=4163"},{"taxonomy":"post_tag","embeddable":true,"href":"https:\/\/newsmediadirectories.com\/es\/wp-json\/wp\/v2\/tags?post=4163"},{"taxonomy":"wf_post_folders","embeddable":true,"href":"https:\/\/newsmediadirectories.com\/es\/wp-json\/wp\/v2\/wf_post_folders?post=4163"}],"curies":[{"name":"wp","href":"https:\/\/api.w.org\/{rel}","templated":true}]}}