{"id":4161,"date":"2023-05-20T05:29:57","date_gmt":"2023-05-20T05:29:57","guid":{"rendered":"https:\/\/newsmediadirectories.com\/es\/la-huella-de-carbono-una-amenaza-real-para-el-futuro-del-planeta\/"},"modified":"2023-05-20T05:29:57","modified_gmt":"2023-05-20T05:29:57","slug":"la-huella-de-carbono-una-amenaza-real-para-el-futuro-del-planeta","status":"publish","type":"post","link":"https:\/\/newsmediadirectories.com\/es\/la-huella-de-carbono-una-amenaza-real-para-el-futuro-del-planeta\/","title":{"rendered":"La huella de carbono: una amenaza real para el futuro del planeta"},"content":{"rendered":"<p>La huella de carbono es un t\u00e9rmino que hace referencia a la cantidad total de gases de efecto invernadero liberados a la atm\u00f3sfera por una persona, empresa u organizaci\u00f3n. Esta huella de carbono se mide en toneladas de di\u00f3xido de carbono (CO2) equivalentes y se ha convertido en uno de los principales indicadores ambientales para medir el impacto humano en el medio ambiente.<\/p>\n<p>El calentamiento global y el cambio clim\u00e1tico son amenazas reales para el futuro del planeta, y la huella de carbono es uno de los principales contribuyentes a estos fen\u00f3menos. La emisi\u00f3n constante de gases de efecto invernadero hace que la temperatura global aumente y provoca eventos clim\u00e1ticos extremos, como sequ\u00edas, inundaciones y tormentas, que afectan a la vida humana, animal y vegetal en todo el mundo.<\/p>\n<p>En la actualidad, la huella de carbono se ha convertido en una preocupaci\u00f3n global, y muchos gobiernos y empresas han implementado medidas para reducirla. Entre las medidas m\u00e1s efectivas se incluyen la reducci\u00f3n del consumo de energ\u00eda, la utilizaci\u00f3n de fuentes de energ\u00eda renovable, la mejora de la eficiencia energ\u00e9tica y la utilizaci\u00f3n de tecnolog\u00edas m\u00e1s sostenibles.<\/p>\n<p>Es importante destacar que la huella de carbono no solo tiene un impacto negativo en el medio ambiente, sino que tambi\u00e9n afecta a la econom\u00eda y a la sociedad. Los eventos clim\u00e1ticos extremos pueden causar da\u00f1os significativos a la infraestructura y a la producci\u00f3n econ\u00f3mica, lo que puede tener consecuencias graves para la estabilidad econ\u00f3mica y social de los pa\u00edses.<\/p>\n<p>Para abordar este problema, es necesario que todos los sectores de la sociedad colaboren y trabajen juntos para reducir la huella de carbono. Los gobiernos deben implementar pol\u00edticas m\u00e1s estrictas y ofrecer incentivos para fomentar la adopci\u00f3n de tecnolog\u00edas y pr\u00e1cticas m\u00e1s sostenibles, mientras que las empresas deben asumir la responsabilidad y tomar medidas concretas para reducir su huella de carbono.<\/p>\n<p>En conclusi\u00f3n, la huella de carbono es una amenaza real para el futuro del planeta, y es necesario tomar medidas efectivas para reducirla y mitigar su impacto en el medio ambiente, la econom\u00eda y la sociedad. La colaboraci\u00f3n entre gobiernos, empresas y la sociedad civil es fundamental para lograr un futuro m\u00e1s sostenible y resiliente para todos.<\/p>\n<p>Nota express publicada por <a href=\"https:\/\/mediastarpress.com\/\" target=\"_blank\" rel=\"noopener\">MediaStar | Agencia de Medios<\/a>.<\/p>\n","protected":false},"excerpt":{"rendered":"<p>La huella de carbono es un t\u00e9rmino que hace referencia a la cantidad total de gases de efecto invernadero liberados a la atm\u00f3sfera por una persona, empresa u organizaci\u00f3n. Esta huella de carbono se mide en toneladas de di\u00f3xido de carbono (CO2) equivalentes y se ha convertido en uno de los principales indicadores ambientales para [&hellip;]<\/p>\n","protected":false},"author":1,"featured_media":4162,"comment_status":"open","ping_status":"open","sticky":false,"template":"","format":"standard","meta":{"inline_featured_image":false,"footnotes":""},"categories":[38],"tags":[],"wf_post_folders":[],"class_list":{"0":"post-4161","1":"post","2":"type-post","3":"status-publish","4":"format-standard","5":"has-post-thumbnail","7":"category-fast-news"},"yoast_head":"<!-- This site is optimized with the Yoast SEO plugin v24.1 - https:\/\/yoast.com\/wordpress\/plugins\/seo\/ -->\n<title>La huella de carbono: una amenaza real para el futuro del planeta<\/title>\n<meta name=\"robots\" content=\"index, follow, max-snippet:-1, max-image-preview:large, max-video-preview:-1\" \/>\n<link rel=\"canonical\" href=\"https:\/\/newsmediadirectories.com\/es\/la-huella-de-carbono-una-amenaza-real-para-el-futuro-del-planeta\/\" \/>\n<meta property=\"og:locale\" content=\"es_ES\" \/>\n<meta property=\"og:type\" content=\"article\" \/>\n<meta property=\"og:title\" content=\"La huella de carbono: una amenaza real para el futuro del planeta\" \/>\n<meta property=\"og:description\" content=\"La huella de carbono es un t\u00e9rmino que hace referencia a la cantidad total de gases de efecto invernadero liberados a la atm\u00f3sfera por una persona, empresa u organizaci\u00f3n. Esta huella de carbono se mide en toneladas de di\u00f3xido de carbono (CO2) equivalentes y se ha convertido en uno de los principales indicadores ambientales para [&hellip;]\" \/>\n<meta property=\"og:url\" content=\"https:\/\/newsmediadirectories.com\/es\/la-huella-de-carbono-una-amenaza-real-para-el-futuro-del-planeta\/\" \/>\n<meta property=\"og:site_name\" content=\"News Media Directories - Noticias Online\" \/>\n<meta property=\"article:published_time\" content=\"2023-05-20T05:29:57+00:00\" \/>\n<meta property=\"og:image\" content=\"https:\/\/newsmediadirectories.com\/es\/wp-content\/uploads\/2023\/05\/0-379.jpg\" \/>\n\t<meta property=\"og:image:width\" content=\"1100\" \/>\n\t<meta property=\"og:image:height\" content=\"619\" \/>\n\t<meta property=\"og:image:type\" content=\"image\/jpeg\" \/>\n<meta name=\"author\" content=\"Valeria Catillo\" \/>\n<meta name=\"twitter:card\" content=\"summary_large_image\" \/>\n<meta name=\"twitter:label1\" content=\"Escrito por\" \/>\n\t<meta name=\"twitter:data1\" content=\"Valeria Catillo\" \/>\n\t<meta name=\"twitter:label2\" content=\"Tiempo de lectura\" \/>\n\t<meta name=\"twitter:data2\" content=\"2 minutos\" \/>\n<script type=\"application\/ld+json\" class=\"yoast-schema-graph\">{\"@context\":\"https:\/\/schema.org\",\"@graph\":[{\"@type\":\"WebPage\",\"@id\":\"https:\/\/newsmediadirectories.com\/es\/la-huella-de-carbono-una-amenaza-real-para-el-futuro-del-planeta\/\",\"url\":\"https:\/\/newsmediadirectories.com\/es\/la-huella-de-carbono-una-amenaza-real-para-el-futuro-del-planeta\/\",\"name\":\"La huella de carbono: una amenaza real para el futuro del planeta\",\"isPartOf\":{\"@id\":\"https:\/\/newsmediadirectories.com\/es\/#website\"},\"primaryImageOfPage\":{\"@id\":\"https:\/\/newsmediadirectories.com\/es\/la-huella-de-carbono-una-amenaza-real-para-el-futuro-del-planeta\/#primaryimage\"},\"image\":{\"@id\":\"https:\/\/newsmediadirectories.com\/es\/la-huella-de-carbono-una-amenaza-real-para-el-futuro-del-planeta\/#primaryimage\"},\"thumbnailUrl\":\"https:\/\/newsmediadirectories.com\/es\/wp-content\/uploads\/2023\/05\/0-379.jpg\",\"datePublished\":\"2023-05-20T05:29:57+00:00\",\"dateModified\":\"2023-05-20T05:29:57+00:00\",\"author\":{\"@id\":\"https:\/\/newsmediadirectories.com\/es\/#\/schema\/person\/d936c9a5f74cd01c7ff4e2b559363063\"},\"inLanguage\":\"es\",\"potentialAction\":[{\"@type\":\"ReadAction\",\"target\":[\"https:\/\/newsmediadirectories.com\/es\/la-huella-de-carbono-una-amenaza-real-para-el-futuro-del-planeta\/\"]}]},{\"@type\":\"ImageObject\",\"inLanguage\":\"es\",\"@id\":\"https:\/\/newsmediadirectories.com\/es\/la-huella-de-carbono-una-amenaza-real-para-el-futuro-del-planeta\/#primaryimage\",\"url\":\"https:\/\/newsmediadirectories.com\/es\/wp-content\/uploads\/2023\/05\/0-379.jpg\",\"contentUrl\":\"https:\/\/newsmediadirectories.com\/es\/wp-content\/uploads\/2023\/05\/0-379.jpg\",\"width\":1100,\"height\":619},{\"@type\":\"WebSite\",\"@id\":\"https:\/\/newsmediadirectories.com\/es\/#website\",\"url\":\"https:\/\/newsmediadirectories.com\/es\/\",\"name\":\"News Media Directories - Noticias Online\",\"description\":\"News Media Directories - Noticias Online\",\"potentialAction\":[{\"@type\":\"SearchAction\",\"target\":{\"@type\":\"EntryPoint\",\"urlTemplate\":\"https:\/\/newsmediadirectories.com\/es\/?s={search_term_string}\"},\"query-input\":{\"@type\":\"PropertyValueSpecification\",\"valueRequired\":true,\"valueName\":\"search_term_string\"}}],\"inLanguage\":\"es\"},{\"@type\":\"Person\",\"@id\":\"https:\/\/newsmediadirectories.com\/es\/#\/schema\/person\/d936c9a5f74cd01c7ff4e2b559363063\",\"name\":\"Valeria Catillo\",\"image\":{\"@type\":\"ImageObject\",\"inLanguage\":\"es\",\"@id\":\"https:\/\/newsmediadirectories.com\/es\/#\/schema\/person\/image\/\",\"url\":\"https:\/\/secure.gravatar.com\/avatar\/1b6716d8318da7cd8a049a1c7b480328?s=96&d=mm&r=g\",\"contentUrl\":\"https:\/\/secure.gravatar.com\/avatar\/1b6716d8318da7cd8a049a1c7b480328?s=96&d=mm&r=g\",\"caption\":\"Valeria Catillo\"},\"sameAs\":[\"https:\/\/newsmediadirectories.com\/es\"]}]}<\/script>\n<!-- \/ Yoast SEO plugin. -->","yoast_head_json":{"title":"La huella de carbono: una amenaza real para el futuro del planeta","robots":{"index":"index","follow":"follow","max-snippet":"max-snippet:-1","max-image-preview":"max-image-preview:large","max-video-preview":"max-video-preview:-1"},"canonical":"https:\/\/newsmediadirectories.com\/es\/la-huella-de-carbono-una-amenaza-real-para-el-futuro-del-planeta\/","og_locale":"es_ES","og_type":"article","og_title":"La huella de carbono: una amenaza real para el futuro del planeta","og_description":"La huella de carbono es un t\u00e9rmino que hace referencia a la cantidad total de gases de efecto invernadero liberados a la atm\u00f3sfera por una persona, empresa u organizaci\u00f3n. Esta huella de carbono se mide en toneladas de di\u00f3xido de carbono (CO2) equivalentes y se ha convertido en uno de los principales indicadores ambientales para [&hellip;]","og_url":"https:\/\/newsmediadirectories.com\/es\/la-huella-de-carbono-una-amenaza-real-para-el-futuro-del-planeta\/","og_site_name":"News Media Directories - Noticias Online","article_published_time":"2023-05-20T05:29:57+00:00","og_image":[{"width":1100,"height":619,"url":"https:\/\/newsmediadirectories.com\/es\/wp-content\/uploads\/2023\/05\/0-379.jpg","type":"image\/jpeg"}],"author":"Valeria Catillo","twitter_card":"summary_large_image","twitter_misc":{"Escrito por":"Valeria Catillo","Tiempo de lectura":"2 minutos"},"schema":{"@context":"https:\/\/schema.org","@graph":[{"@type":"WebPage","@id":"https:\/\/newsmediadirectories.com\/es\/la-huella-de-carbono-una-amenaza-real-para-el-futuro-del-planeta\/","url":"https:\/\/newsmediadirectories.com\/es\/la-huella-de-carbono-una-amenaza-real-para-el-futuro-del-planeta\/","name":"La huella de carbono: una amenaza real para el futuro del planeta","isPartOf":{"@id":"https:\/\/newsmediadirectories.com\/es\/#website"},"primaryImageOfPage":{"@id":"https:\/\/newsmediadirectories.com\/es\/la-huella-de-carbono-una-amenaza-real-para-el-futuro-del-planeta\/#primaryimage"},"image":{"@id":"https:\/\/newsmediadirectories.com\/es\/la-huella-de-carbono-una-amenaza-real-para-el-futuro-del-planeta\/#primaryimage"},"thumbnailUrl":"https:\/\/newsmediadirectories.com\/es\/wp-content\/uploads\/2023\/05\/0-379.jpg","datePublished":"2023-05-20T05:29:57+00:00","dateModified":"2023-05-20T05:29:57+00:00","author":{"@id":"https:\/\/newsmediadirectories.com\/es\/#\/schema\/person\/d936c9a5f74cd01c7ff4e2b559363063"},"inLanguage":"es","potentialAction":[{"@type":"ReadAction","target":["https:\/\/newsmediadirectories.com\/es\/la-huella-de-carbono-una-amenaza-real-para-el-futuro-del-planeta\/"]}]},{"@type":"ImageObject","inLanguage":"es","@id":"https:\/\/newsmediadirectories.com\/es\/la-huella-de-carbono-una-amenaza-real-para-el-futuro-del-planeta\/#primaryimage","url":"https:\/\/newsmediadirectories.com\/es\/wp-content\/uploads\/2023\/05\/0-379.jpg","contentUrl":"https:\/\/newsmediadirectories.com\/es\/wp-content\/uploads\/2023\/05\/0-379.jpg","width":1100,"height":619},{"@type":"WebSite","@id":"https:\/\/newsmediadirectories.com\/es\/#website","url":"https:\/\/newsmediadirectories.com\/es\/","name":"News Media Directories - Noticias Online","description":"News Media Directories - Noticias Online","potentialAction":[{"@type":"SearchAction","target":{"@type":"EntryPoint","urlTemplate":"https:\/\/newsmediadirectories.com\/es\/?s={search_term_string}"},"query-input":{"@type":"PropertyValueSpecification","valueRequired":true,"valueName":"search_term_string"}}],"inLanguage":"es"},{"@type":"Person","@id":"https:\/\/newsmediadirectories.com\/es\/#\/schema\/person\/d936c9a5f74cd01c7ff4e2b559363063","name":"Valeria Catillo","image":{"@type":"ImageObject","inLanguage":"es","@id":"https:\/\/newsmediadirectories.com\/es\/#\/schema\/person\/image\/","url":"https:\/\/secure.gravatar.com\/avatar\/1b6716d8318da7cd8a049a1c7b480328?s=96&d=mm&r=g","contentUrl":"https:\/\/secure.gravatar.com\/avatar\/1b6716d8318da7cd8a049a1c7b480328?s=96&d=mm&r=g","caption":"Valeria Catillo"},"sameAs":["https:\/\/newsmediadirectories.com\/es"]}]}},"_links":{"self":[{"href":"https:\/\/newsmediadirectories.com\/es\/wp-json\/wp\/v2\/posts\/4161"}],"collection":[{"href":"https:\/\/newsmediadirectories.com\/es\/wp-json\/wp\/v2\/posts"}],"about":[{"href":"https:\/\/newsmediadirectories.com\/es\/wp-json\/wp\/v2\/types\/post"}],"author":[{"embeddable":true,"href":"https:\/\/newsmediadirectories.com\/es\/wp-json\/wp\/v2\/users\/1"}],"replies":[{"embeddable":true,"href":"https:\/\/newsmediadirectories.com\/es\/wp-json\/wp\/v2\/comments?post=4161"}],"version-history":[{"count":0,"href":"https:\/\/newsmediadirectories.com\/es\/wp-json\/wp\/v2\/posts\/4161\/revisions"}],"wp:featuredmedia":[{"embeddable":true,"href":"https:\/\/newsmediadirectories.com\/es\/wp-json\/wp\/v2\/media\/4162"}],"wp:attachment":[{"href":"https:\/\/newsmediadirectories.com\/es\/wp-json\/wp\/v2\/media?parent=4161"}],"wp:term":[{"taxonomy":"category","embeddable":true,"href":"https:\/\/newsmediadirectories.com\/es\/wp-json\/wp\/v2\/categories?post=4161"},{"taxonomy":"post_tag","embeddable":true,"href":"https:\/\/newsmediadirectories.com\/es\/wp-json\/wp\/v2\/tags?post=4161"},{"taxonomy":"wf_post_folders","embeddable":true,"href":"https:\/\/newsmediadirectories.com\/es\/wp-json\/wp\/v2\/wf_post_folders?post=4161"}],"curies":[{"name":"wp","href":"https:\/\/api.w.org\/{rel}","templated":true}]}}