{"id":4157,"date":"2023-05-20T05:30:03","date_gmt":"2023-05-20T05:30:03","guid":{"rendered":"https:\/\/newsmediadirectories.com\/es\/esta-listo-para-el-futuro-la-movilidad-electrica-despega-en-todo-el-mundo\/"},"modified":"2023-05-20T05:30:03","modified_gmt":"2023-05-20T05:30:03","slug":"esta-listo-para-el-futuro-la-movilidad-electrica-despega-en-todo-el-mundo","status":"publish","type":"post","link":"https:\/\/newsmediadirectories.com\/es\/esta-listo-para-el-futuro-la-movilidad-electrica-despega-en-todo-el-mundo\/","title":{"rendered":"\u00bfEst\u00e1 listo para el futuro? \u00a1La movilidad el\u00e9ctrica despega en todo el mundo!"},"content":{"rendered":"<p>La movilidad el\u00e9ctrica ha sido una tendencia creciente en todo el mundo en los \u00faltimos a\u00f1os. Desde gobernantes que promueven pol\u00edticas amigables con el medio ambiente hasta fabricantes de autom\u00f3viles que desarrollan veh\u00edculos el\u00e9ctricos con mayor capacidad y autonom\u00eda, el futuro de la movilidad parece cada vez m\u00e1s el\u00e9ctrico.<\/p>\n<p>En efecto, la movilidad el\u00e9ctrica ha despegado en todo el mundo, con cada vez m\u00e1s pa\u00edses invirtiendo en infraestructura y adoptando incentivos para el uso de veh\u00edculos el\u00e9ctricos. Seg\u00fan el informe \u201cGlobal EV Outlook 2020\u201d publicado por la Agencia Internacional de Energ\u00eda (AIE), el n\u00famero de veh\u00edculos el\u00e9ctricos en todo el mundo super\u00f3 los 7.2 millones en 2019, lo que representa un aumento del 40% en comparaci\u00f3n con el a\u00f1o anterior. Adem\u00e1s, la AIE predice que el n\u00famero de veh\u00edculos el\u00e9ctricos en todo el mundo podr\u00eda alcanzar los 125 millones para 2030.<\/p>\n<p>Hay varios factores que impulsan el auge de la movilidad el\u00e9ctrica. Uno de ellos es la preocupaci\u00f3n por el cambio clim\u00e1tico y el medio ambiente. Con los veh\u00edculos el\u00e9ctricos se reduce significativamente la emisi\u00f3n de gases contaminantes, lo que los hace ideales para un futuro sostenible. Adem\u00e1s, los bajos costos de operaci\u00f3n y mantenimiento, as\u00ed como la tranquilidad de no depender del petr\u00f3leo, son otros motivos por los que los consumidores est\u00e1n optando cada vez m\u00e1s por esta alternativa.<\/p>\n<p>Sin embargo, tambi\u00e9n existen retos para la adopci\u00f3n masiva de la movilidad el\u00e9ctrica. Uno de los principales obst\u00e1culos es la falta de una infraestructura adecuada que permita cargar los veh\u00edculos de manera c\u00f3moda y f\u00e1cil. Otro reto es la accesibilidad, ya que actualmente los veh\u00edculos el\u00e9ctricos todav\u00eda suelen ser m\u00e1s caros que los veh\u00edculos tradicionales en t\u00e9rminos de costos iniciales.<\/p>\n<p>A pesar de estos retos, el futuro de la movilidad parece estar encaminado hacia la electricidad. Con cada vez m\u00e1s pa\u00edses fomentando la adopci\u00f3n de veh\u00edculos el\u00e9ctricos y m\u00e1s fabricantes desarrollando nuevos modelos, no es dif\u00edcil prever un futuro en el que los veh\u00edculos el\u00e9ctricos sean la norma en lugar de la excepci\u00f3n.<\/p>\n<p>En definitiva, la movilidad el\u00e9ctrica ha despegado en todo el mundo y, si bien todav\u00eda existen algunos retos que superar, no cabe duda de que los veh\u00edculos el\u00e9ctricos son una tendencia cada vez m\u00e1s presente y que, en un futuro no muy lejano, podr\u00edan llegar a reemplazar definitivamente a los veh\u00edculos impulsados por combustibles f\u00f3siles.<\/p>\n<p>Nota express publicada por <a href=\"https:\/\/mediastarpress.com\/\" target=\"_blank\" rel=\"noopener\">MediaStar | Agencia de Medios<\/a>.<\/p>\n","protected":false},"excerpt":{"rendered":"<p>La movilidad el\u00e9ctrica ha sido una tendencia creciente en todo el mundo en los \u00faltimos a\u00f1os. Desde gobernantes que promueven pol\u00edticas amigables con el medio ambiente hasta fabricantes de autom\u00f3viles que desarrollan veh\u00edculos el\u00e9ctricos con mayor capacidad y autonom\u00eda, el futuro de la movilidad parece cada vez m\u00e1s el\u00e9ctrico. En efecto, la movilidad el\u00e9ctrica ha [&hellip;]<\/p>\n","protected":false},"author":1,"featured_media":3557,"comment_status":"open","ping_status":"open","sticky":false,"template":"","format":"standard","meta":{"inline_featured_image":false,"footnotes":""},"categories":[38],"tags":[],"wf_post_folders":[],"class_list":{"0":"post-4157","1":"post","2":"type-post","3":"status-publish","4":"format-standard","5":"has-post-thumbnail","7":"category-fast-news"},"yoast_head":"<!-- This site is optimized with the Yoast SEO plugin v24.1 - https:\/\/yoast.com\/wordpress\/plugins\/seo\/ -->\n<title>\u00bfEst\u00e1 listo para el futuro? \u00a1La movilidad el\u00e9ctrica despega en todo el mundo!<\/title>\n<meta name=\"robots\" content=\"index, follow, max-snippet:-1, max-image-preview:large, max-video-preview:-1\" \/>\n<link rel=\"canonical\" href=\"https:\/\/newsmediadirectories.com\/es\/esta-listo-para-el-futuro-la-movilidad-electrica-despega-en-todo-el-mundo\/\" \/>\n<meta property=\"og:locale\" content=\"es_ES\" \/>\n<meta property=\"og:type\" content=\"article\" \/>\n<meta property=\"og:title\" content=\"\u00bfEst\u00e1 listo para el futuro? \u00a1La movilidad el\u00e9ctrica despega en todo el mundo!\" \/>\n<meta property=\"og:description\" content=\"La movilidad el\u00e9ctrica ha sido una tendencia creciente en todo el mundo en los \u00faltimos a\u00f1os. Desde gobernantes que promueven pol\u00edticas amigables con el medio ambiente hasta fabricantes de autom\u00f3viles que desarrollan veh\u00edculos el\u00e9ctricos con mayor capacidad y autonom\u00eda, el futuro de la movilidad parece cada vez m\u00e1s el\u00e9ctrico. En efecto, la movilidad el\u00e9ctrica ha [&hellip;]\" \/>\n<meta property=\"og:url\" content=\"https:\/\/newsmediadirectories.com\/es\/esta-listo-para-el-futuro-la-movilidad-electrica-despega-en-todo-el-mundo\/\" \/>\n<meta property=\"og:site_name\" content=\"News Media Directories - Noticias Online\" \/>\n<meta property=\"article:published_time\" content=\"2023-05-20T05:30:03+00:00\" \/>\n<meta property=\"og:image\" content=\"https:\/\/newsmediadirectories.com\/es\/wp-content\/uploads\/2023\/05\/01-50.jpg\" \/>\n\t<meta property=\"og:image:width\" content=\"1100\" \/>\n\t<meta property=\"og:image:height\" content=\"761\" \/>\n\t<meta property=\"og:image:type\" content=\"image\/jpeg\" \/>\n<meta name=\"author\" content=\"Valeria Catillo\" \/>\n<meta name=\"twitter:card\" content=\"summary_large_image\" \/>\n<meta name=\"twitter:label1\" content=\"Escrito por\" \/>\n\t<meta name=\"twitter:data1\" content=\"Valeria Catillo\" \/>\n\t<meta name=\"twitter:label2\" content=\"Tiempo de lectura\" \/>\n\t<meta name=\"twitter:data2\" content=\"2 minutos\" \/>\n<script type=\"application\/ld+json\" class=\"yoast-schema-graph\">{\"@context\":\"https:\/\/schema.org\",\"@graph\":[{\"@type\":\"WebPage\",\"@id\":\"https:\/\/newsmediadirectories.com\/es\/esta-listo-para-el-futuro-la-movilidad-electrica-despega-en-todo-el-mundo\/\",\"url\":\"https:\/\/newsmediadirectories.com\/es\/esta-listo-para-el-futuro-la-movilidad-electrica-despega-en-todo-el-mundo\/\",\"name\":\"\u00bfEst\u00e1 listo para el futuro? \u00a1La movilidad el\u00e9ctrica despega en todo el mundo!\",\"isPartOf\":{\"@id\":\"https:\/\/newsmediadirectories.com\/es\/#website\"},\"primaryImageOfPage\":{\"@id\":\"https:\/\/newsmediadirectories.com\/es\/esta-listo-para-el-futuro-la-movilidad-electrica-despega-en-todo-el-mundo\/#primaryimage\"},\"image\":{\"@id\":\"https:\/\/newsmediadirectories.com\/es\/esta-listo-para-el-futuro-la-movilidad-electrica-despega-en-todo-el-mundo\/#primaryimage\"},\"thumbnailUrl\":\"https:\/\/newsmediadirectories.com\/es\/wp-content\/uploads\/2023\/05\/01-50.jpg\",\"datePublished\":\"2023-05-20T05:30:03+00:00\",\"dateModified\":\"2023-05-20T05:30:03+00:00\",\"author\":{\"@id\":\"https:\/\/newsmediadirectories.com\/es\/#\/schema\/person\/d936c9a5f74cd01c7ff4e2b559363063\"},\"inLanguage\":\"es\",\"potentialAction\":[{\"@type\":\"ReadAction\",\"target\":[\"https:\/\/newsmediadirectories.com\/es\/esta-listo-para-el-futuro-la-movilidad-electrica-despega-en-todo-el-mundo\/\"]}]},{\"@type\":\"ImageObject\",\"inLanguage\":\"es\",\"@id\":\"https:\/\/newsmediadirectories.com\/es\/esta-listo-para-el-futuro-la-movilidad-electrica-despega-en-todo-el-mundo\/#primaryimage\",\"url\":\"https:\/\/newsmediadirectories.com\/es\/wp-content\/uploads\/2023\/05\/01-50.jpg\",\"contentUrl\":\"https:\/\/newsmediadirectories.com\/es\/wp-content\/uploads\/2023\/05\/01-50.jpg\",\"width\":1100,\"height\":761},{\"@type\":\"WebSite\",\"@id\":\"https:\/\/newsmediadirectories.com\/es\/#website\",\"url\":\"https:\/\/newsmediadirectories.com\/es\/\",\"name\":\"News Media Directories - Noticias Online\",\"description\":\"News Media Directories - Noticias Online\",\"potentialAction\":[{\"@type\":\"SearchAction\",\"target\":{\"@type\":\"EntryPoint\",\"urlTemplate\":\"https:\/\/newsmediadirectories.com\/es\/?s={search_term_string}\"},\"query-input\":{\"@type\":\"PropertyValueSpecification\",\"valueRequired\":true,\"valueName\":\"search_term_string\"}}],\"inLanguage\":\"es\"},{\"@type\":\"Person\",\"@id\":\"https:\/\/newsmediadirectories.com\/es\/#\/schema\/person\/d936c9a5f74cd01c7ff4e2b559363063\",\"name\":\"Valeria Catillo\",\"image\":{\"@type\":\"ImageObject\",\"inLanguage\":\"es\",\"@id\":\"https:\/\/newsmediadirectories.com\/es\/#\/schema\/person\/image\/\",\"url\":\"https:\/\/secure.gravatar.com\/avatar\/1b6716d8318da7cd8a049a1c7b480328?s=96&d=mm&r=g\",\"contentUrl\":\"https:\/\/secure.gravatar.com\/avatar\/1b6716d8318da7cd8a049a1c7b480328?s=96&d=mm&r=g\",\"caption\":\"Valeria Catillo\"},\"sameAs\":[\"https:\/\/newsmediadirectories.com\/es\"]}]}<\/script>\n<!-- \/ Yoast SEO plugin. -->","yoast_head_json":{"title":"\u00bfEst\u00e1 listo para el futuro? \u00a1La movilidad el\u00e9ctrica despega en todo el mundo!","robots":{"index":"index","follow":"follow","max-snippet":"max-snippet:-1","max-image-preview":"max-image-preview:large","max-video-preview":"max-video-preview:-1"},"canonical":"https:\/\/newsmediadirectories.com\/es\/esta-listo-para-el-futuro-la-movilidad-electrica-despega-en-todo-el-mundo\/","og_locale":"es_ES","og_type":"article","og_title":"\u00bfEst\u00e1 listo para el futuro? \u00a1La movilidad el\u00e9ctrica despega en todo el mundo!","og_description":"La movilidad el\u00e9ctrica ha sido una tendencia creciente en todo el mundo en los \u00faltimos a\u00f1os. Desde gobernantes que promueven pol\u00edticas amigables con el medio ambiente hasta fabricantes de autom\u00f3viles que desarrollan veh\u00edculos el\u00e9ctricos con mayor capacidad y autonom\u00eda, el futuro de la movilidad parece cada vez m\u00e1s el\u00e9ctrico. En efecto, la movilidad el\u00e9ctrica ha [&hellip;]","og_url":"https:\/\/newsmediadirectories.com\/es\/esta-listo-para-el-futuro-la-movilidad-electrica-despega-en-todo-el-mundo\/","og_site_name":"News Media Directories - Noticias Online","article_published_time":"2023-05-20T05:30:03+00:00","og_image":[{"width":1100,"height":761,"url":"https:\/\/newsmediadirectories.com\/es\/wp-content\/uploads\/2023\/05\/01-50.jpg","type":"image\/jpeg"}],"author":"Valeria Catillo","twitter_card":"summary_large_image","twitter_misc":{"Escrito por":"Valeria Catillo","Tiempo de lectura":"2 minutos"},"schema":{"@context":"https:\/\/schema.org","@graph":[{"@type":"WebPage","@id":"https:\/\/newsmediadirectories.com\/es\/esta-listo-para-el-futuro-la-movilidad-electrica-despega-en-todo-el-mundo\/","url":"https:\/\/newsmediadirectories.com\/es\/esta-listo-para-el-futuro-la-movilidad-electrica-despega-en-todo-el-mundo\/","name":"\u00bfEst\u00e1 listo para el futuro? \u00a1La movilidad el\u00e9ctrica despega en todo el mundo!","isPartOf":{"@id":"https:\/\/newsmediadirectories.com\/es\/#website"},"primaryImageOfPage":{"@id":"https:\/\/newsmediadirectories.com\/es\/esta-listo-para-el-futuro-la-movilidad-electrica-despega-en-todo-el-mundo\/#primaryimage"},"image":{"@id":"https:\/\/newsmediadirectories.com\/es\/esta-listo-para-el-futuro-la-movilidad-electrica-despega-en-todo-el-mundo\/#primaryimage"},"thumbnailUrl":"https:\/\/newsmediadirectories.com\/es\/wp-content\/uploads\/2023\/05\/01-50.jpg","datePublished":"2023-05-20T05:30:03+00:00","dateModified":"2023-05-20T05:30:03+00:00","author":{"@id":"https:\/\/newsmediadirectories.com\/es\/#\/schema\/person\/d936c9a5f74cd01c7ff4e2b559363063"},"inLanguage":"es","potentialAction":[{"@type":"ReadAction","target":["https:\/\/newsmediadirectories.com\/es\/esta-listo-para-el-futuro-la-movilidad-electrica-despega-en-todo-el-mundo\/"]}]},{"@type":"ImageObject","inLanguage":"es","@id":"https:\/\/newsmediadirectories.com\/es\/esta-listo-para-el-futuro-la-movilidad-electrica-despega-en-todo-el-mundo\/#primaryimage","url":"https:\/\/newsmediadirectories.com\/es\/wp-content\/uploads\/2023\/05\/01-50.jpg","contentUrl":"https:\/\/newsmediadirectories.com\/es\/wp-content\/uploads\/2023\/05\/01-50.jpg","width":1100,"height":761},{"@type":"WebSite","@id":"https:\/\/newsmediadirectories.com\/es\/#website","url":"https:\/\/newsmediadirectories.com\/es\/","name":"News Media Directories - Noticias Online","description":"News Media Directories - Noticias Online","potentialAction":[{"@type":"SearchAction","target":{"@type":"EntryPoint","urlTemplate":"https:\/\/newsmediadirectories.com\/es\/?s={search_term_string}"},"query-input":{"@type":"PropertyValueSpecification","valueRequired":true,"valueName":"search_term_string"}}],"inLanguage":"es"},{"@type":"Person","@id":"https:\/\/newsmediadirectories.com\/es\/#\/schema\/person\/d936c9a5f74cd01c7ff4e2b559363063","name":"Valeria Catillo","image":{"@type":"ImageObject","inLanguage":"es","@id":"https:\/\/newsmediadirectories.com\/es\/#\/schema\/person\/image\/","url":"https:\/\/secure.gravatar.com\/avatar\/1b6716d8318da7cd8a049a1c7b480328?s=96&d=mm&r=g","contentUrl":"https:\/\/secure.gravatar.com\/avatar\/1b6716d8318da7cd8a049a1c7b480328?s=96&d=mm&r=g","caption":"Valeria Catillo"},"sameAs":["https:\/\/newsmediadirectories.com\/es"]}]}},"_links":{"self":[{"href":"https:\/\/newsmediadirectories.com\/es\/wp-json\/wp\/v2\/posts\/4157"}],"collection":[{"href":"https:\/\/newsmediadirectories.com\/es\/wp-json\/wp\/v2\/posts"}],"about":[{"href":"https:\/\/newsmediadirectories.com\/es\/wp-json\/wp\/v2\/types\/post"}],"author":[{"embeddable":true,"href":"https:\/\/newsmediadirectories.com\/es\/wp-json\/wp\/v2\/users\/1"}],"replies":[{"embeddable":true,"href":"https:\/\/newsmediadirectories.com\/es\/wp-json\/wp\/v2\/comments?post=4157"}],"version-history":[{"count":0,"href":"https:\/\/newsmediadirectories.com\/es\/wp-json\/wp\/v2\/posts\/4157\/revisions"}],"wp:featuredmedia":[{"embeddable":true,"href":"https:\/\/newsmediadirectories.com\/es\/wp-json\/wp\/v2\/media\/3557"}],"wp:attachment":[{"href":"https:\/\/newsmediadirectories.com\/es\/wp-json\/wp\/v2\/media?parent=4157"}],"wp:term":[{"taxonomy":"category","embeddable":true,"href":"https:\/\/newsmediadirectories.com\/es\/wp-json\/wp\/v2\/categories?post=4157"},{"taxonomy":"post_tag","embeddable":true,"href":"https:\/\/newsmediadirectories.com\/es\/wp-json\/wp\/v2\/tags?post=4157"},{"taxonomy":"wf_post_folders","embeddable":true,"href":"https:\/\/newsmediadirectories.com\/es\/wp-json\/wp\/v2\/wf_post_folders?post=4157"}],"curies":[{"name":"wp","href":"https:\/\/api.w.org\/{rel}","templated":true}]}}