{"id":4154,"date":"2023-05-20T05:28:25","date_gmt":"2023-05-20T05:28:25","guid":{"rendered":"https:\/\/newsmediadirectories.com\/es\/aprender-gramatica-es-fundamental-en-el-mundo-moderno\/"},"modified":"2023-05-20T05:28:25","modified_gmt":"2023-05-20T05:28:25","slug":"aprender-gramatica-es-fundamental-en-el-mundo-moderno","status":"publish","type":"post","link":"https:\/\/newsmediadirectories.com\/es\/aprender-gramatica-es-fundamental-en-el-mundo-moderno\/","title":{"rendered":"Aprender gram\u00e1tica es fundamental en el mundo moderno"},"content":{"rendered":"<p>En el mundo actual, la importancia de la gram\u00e1tica en cualquier idioma es fundamental. La gram\u00e1tica es una herramienta crucial para la comunicaci\u00f3n efectiva, especialmente en el \u00e1mbito acad\u00e9mico y profesional.<\/p>\n<p>Aprender gram\u00e1tica no solo mejora la capacidad ling\u00fc\u00edstica, sino que tambi\u00e9n ayuda a desarrollar habilidades de pensamiento cr\u00edtico. La gram\u00e1tica proporciona un marco estructurado para la expresi\u00f3n escrita y oral, lo que ayuda a organizar y transmitir ideas de manera clara y eficaz.<\/p>\n<p>En el mundo moderno, la comunicaci\u00f3n es m\u00e1s importante que nunca. La globalizaci\u00f3n y el aumento de la tecnolog\u00eda han creado una sociedad cada vez m\u00e1s conectada, y la habilidad de comunicarse en diferentes idiomas es una ventaja significativa para los individuos y las empresas. La gram\u00e1tica es la base del idioma, y comprender su estructura es esencial para la comunicaci\u00f3n efectiva en cualquier idioma.<\/p>\n<p>Adem\u00e1s, la capacidad de escribir y hablar correctamente es esencial en el mundo acad\u00e9mico y profesional. La gram\u00e1tica es la base de la escritura efectiva, y sin ella, las ideas pueden ser confusas y malinterpretadas. En muchos trabajos, la comunicaci\u00f3n clara y eficaz es una habilidad indispensable.<\/p>\n<p>En conclusi\u00f3n, aprender gram\u00e1tica es fundamental en el mundo moderno. Sin la comprensi\u00f3n de la estructura del idioma, la comunicaci\u00f3n efectiva es imposible. La gram\u00e1tica no solo mejora la capacidad ling\u00fc\u00edstica, sino que tambi\u00e9n desarrolla habilidades de pensamiento cr\u00edtico y ayuda a comunicar ideas de manera clara y eficaz. En un mundo cada vez m\u00e1s globalizado, la capacidad de comunicarse en diferentes idiomas es una ventaja significativa para los individuos y las empresas, y la gram\u00e1tica es la base de cualquier idioma.<\/p>\n<p>Nota express publicada por <a href=\"https:\/\/mediastarpress.com\/\" target=\"_blank\" rel=\"noopener\">MediaStar | Agencia de Medios<\/a>.<\/p>\n","protected":false},"excerpt":{"rendered":"<p>En el mundo actual, la importancia de la gram\u00e1tica en cualquier idioma es fundamental. La gram\u00e1tica es una herramienta crucial para la comunicaci\u00f3n efectiva, especialmente en el \u00e1mbito acad\u00e9mico y profesional. Aprender gram\u00e1tica no solo mejora la capacidad ling\u00fc\u00edstica, sino que tambi\u00e9n ayuda a desarrollar habilidades de pensamiento cr\u00edtico. La gram\u00e1tica proporciona un marco estructurado [&hellip;]<\/p>\n","protected":false},"author":1,"featured_media":3572,"comment_status":"open","ping_status":"open","sticky":false,"template":"","format":"standard","meta":{"inline_featured_image":false,"footnotes":""},"categories":[38],"tags":[],"wf_post_folders":[],"class_list":{"0":"post-4154","1":"post","2":"type-post","3":"status-publish","4":"format-standard","5":"has-post-thumbnail","7":"category-fast-news"},"yoast_head":"<!-- This site is optimized with the Yoast SEO plugin v24.1 - https:\/\/yoast.com\/wordpress\/plugins\/seo\/ -->\n<title>Aprender gram\u00e1tica es fundamental en el mundo moderno<\/title>\n<meta name=\"robots\" content=\"index, follow, max-snippet:-1, max-image-preview:large, max-video-preview:-1\" \/>\n<link rel=\"canonical\" href=\"https:\/\/newsmediadirectories.com\/es\/aprender-gramatica-es-fundamental-en-el-mundo-moderno\/\" \/>\n<meta property=\"og:locale\" content=\"es_ES\" \/>\n<meta property=\"og:type\" content=\"article\" \/>\n<meta property=\"og:title\" content=\"Aprender gram\u00e1tica es fundamental en el mundo moderno\" \/>\n<meta property=\"og:description\" content=\"En el mundo actual, la importancia de la gram\u00e1tica en cualquier idioma es fundamental. La gram\u00e1tica es una herramienta crucial para la comunicaci\u00f3n efectiva, especialmente en el \u00e1mbito acad\u00e9mico y profesional. Aprender gram\u00e1tica no solo mejora la capacidad ling\u00fc\u00edstica, sino que tambi\u00e9n ayuda a desarrollar habilidades de pensamiento cr\u00edtico. La gram\u00e1tica proporciona un marco estructurado [&hellip;]\" \/>\n<meta property=\"og:url\" content=\"https:\/\/newsmediadirectories.com\/es\/aprender-gramatica-es-fundamental-en-el-mundo-moderno\/\" \/>\n<meta property=\"og:site_name\" content=\"News Media Directories - Noticias Online\" \/>\n<meta property=\"article:published_time\" content=\"2023-05-20T05:28:25+00:00\" \/>\n<meta property=\"og:image\" content=\"https:\/\/newsmediadirectories.com\/es\/wp-content\/uploads\/2023\/05\/0-353.jpg\" \/>\n\t<meta property=\"og:image:width\" content=\"1100\" \/>\n\t<meta property=\"og:image:height\" content=\"743\" \/>\n\t<meta property=\"og:image:type\" content=\"image\/jpeg\" \/>\n<meta name=\"author\" content=\"Valeria Catillo\" \/>\n<meta name=\"twitter:card\" content=\"summary_large_image\" \/>\n<meta name=\"twitter:label1\" content=\"Escrito por\" \/>\n\t<meta name=\"twitter:data1\" content=\"Valeria Catillo\" \/>\n\t<meta name=\"twitter:label2\" content=\"Tiempo de lectura\" \/>\n\t<meta name=\"twitter:data2\" content=\"2 minutos\" \/>\n<script type=\"application\/ld+json\" class=\"yoast-schema-graph\">{\"@context\":\"https:\/\/schema.org\",\"@graph\":[{\"@type\":\"WebPage\",\"@id\":\"https:\/\/newsmediadirectories.com\/es\/aprender-gramatica-es-fundamental-en-el-mundo-moderno\/\",\"url\":\"https:\/\/newsmediadirectories.com\/es\/aprender-gramatica-es-fundamental-en-el-mundo-moderno\/\",\"name\":\"Aprender gram\u00e1tica es fundamental en el mundo moderno\",\"isPartOf\":{\"@id\":\"https:\/\/newsmediadirectories.com\/es\/#website\"},\"primaryImageOfPage\":{\"@id\":\"https:\/\/newsmediadirectories.com\/es\/aprender-gramatica-es-fundamental-en-el-mundo-moderno\/#primaryimage\"},\"image\":{\"@id\":\"https:\/\/newsmediadirectories.com\/es\/aprender-gramatica-es-fundamental-en-el-mundo-moderno\/#primaryimage\"},\"thumbnailUrl\":\"https:\/\/newsmediadirectories.com\/es\/wp-content\/uploads\/2023\/05\/0-353.jpg\",\"datePublished\":\"2023-05-20T05:28:25+00:00\",\"dateModified\":\"2023-05-20T05:28:25+00:00\",\"author\":{\"@id\":\"https:\/\/newsmediadirectories.com\/es\/#\/schema\/person\/d936c9a5f74cd01c7ff4e2b559363063\"},\"inLanguage\":\"es\",\"potentialAction\":[{\"@type\":\"ReadAction\",\"target\":[\"https:\/\/newsmediadirectories.com\/es\/aprender-gramatica-es-fundamental-en-el-mundo-moderno\/\"]}]},{\"@type\":\"ImageObject\",\"inLanguage\":\"es\",\"@id\":\"https:\/\/newsmediadirectories.com\/es\/aprender-gramatica-es-fundamental-en-el-mundo-moderno\/#primaryimage\",\"url\":\"https:\/\/newsmediadirectories.com\/es\/wp-content\/uploads\/2023\/05\/0-353.jpg\",\"contentUrl\":\"https:\/\/newsmediadirectories.com\/es\/wp-content\/uploads\/2023\/05\/0-353.jpg\",\"width\":1100,\"height\":743},{\"@type\":\"WebSite\",\"@id\":\"https:\/\/newsmediadirectories.com\/es\/#website\",\"url\":\"https:\/\/newsmediadirectories.com\/es\/\",\"name\":\"News Media Directories - Noticias Online\",\"description\":\"News Media Directories - Noticias Online\",\"potentialAction\":[{\"@type\":\"SearchAction\",\"target\":{\"@type\":\"EntryPoint\",\"urlTemplate\":\"https:\/\/newsmediadirectories.com\/es\/?s={search_term_string}\"},\"query-input\":{\"@type\":\"PropertyValueSpecification\",\"valueRequired\":true,\"valueName\":\"search_term_string\"}}],\"inLanguage\":\"es\"},{\"@type\":\"Person\",\"@id\":\"https:\/\/newsmediadirectories.com\/es\/#\/schema\/person\/d936c9a5f74cd01c7ff4e2b559363063\",\"name\":\"Valeria Catillo\",\"image\":{\"@type\":\"ImageObject\",\"inLanguage\":\"es\",\"@id\":\"https:\/\/newsmediadirectories.com\/es\/#\/schema\/person\/image\/\",\"url\":\"https:\/\/secure.gravatar.com\/avatar\/1b6716d8318da7cd8a049a1c7b480328?s=96&d=mm&r=g\",\"contentUrl\":\"https:\/\/secure.gravatar.com\/avatar\/1b6716d8318da7cd8a049a1c7b480328?s=96&d=mm&r=g\",\"caption\":\"Valeria Catillo\"},\"sameAs\":[\"https:\/\/newsmediadirectories.com\/es\"]}]}<\/script>\n<!-- \/ Yoast SEO plugin. -->","yoast_head_json":{"title":"Aprender gram\u00e1tica es fundamental en el mundo moderno","robots":{"index":"index","follow":"follow","max-snippet":"max-snippet:-1","max-image-preview":"max-image-preview:large","max-video-preview":"max-video-preview:-1"},"canonical":"https:\/\/newsmediadirectories.com\/es\/aprender-gramatica-es-fundamental-en-el-mundo-moderno\/","og_locale":"es_ES","og_type":"article","og_title":"Aprender gram\u00e1tica es fundamental en el mundo moderno","og_description":"En el mundo actual, la importancia de la gram\u00e1tica en cualquier idioma es fundamental. La gram\u00e1tica es una herramienta crucial para la comunicaci\u00f3n efectiva, especialmente en el \u00e1mbito acad\u00e9mico y profesional. Aprender gram\u00e1tica no solo mejora la capacidad ling\u00fc\u00edstica, sino que tambi\u00e9n ayuda a desarrollar habilidades de pensamiento cr\u00edtico. La gram\u00e1tica proporciona un marco estructurado [&hellip;]","og_url":"https:\/\/newsmediadirectories.com\/es\/aprender-gramatica-es-fundamental-en-el-mundo-moderno\/","og_site_name":"News Media Directories - Noticias Online","article_published_time":"2023-05-20T05:28:25+00:00","og_image":[{"width":1100,"height":743,"url":"https:\/\/newsmediadirectories.com\/es\/wp-content\/uploads\/2023\/05\/0-353.jpg","type":"image\/jpeg"}],"author":"Valeria Catillo","twitter_card":"summary_large_image","twitter_misc":{"Escrito por":"Valeria Catillo","Tiempo de lectura":"2 minutos"},"schema":{"@context":"https:\/\/schema.org","@graph":[{"@type":"WebPage","@id":"https:\/\/newsmediadirectories.com\/es\/aprender-gramatica-es-fundamental-en-el-mundo-moderno\/","url":"https:\/\/newsmediadirectories.com\/es\/aprender-gramatica-es-fundamental-en-el-mundo-moderno\/","name":"Aprender gram\u00e1tica es fundamental en el mundo moderno","isPartOf":{"@id":"https:\/\/newsmediadirectories.com\/es\/#website"},"primaryImageOfPage":{"@id":"https:\/\/newsmediadirectories.com\/es\/aprender-gramatica-es-fundamental-en-el-mundo-moderno\/#primaryimage"},"image":{"@id":"https:\/\/newsmediadirectories.com\/es\/aprender-gramatica-es-fundamental-en-el-mundo-moderno\/#primaryimage"},"thumbnailUrl":"https:\/\/newsmediadirectories.com\/es\/wp-content\/uploads\/2023\/05\/0-353.jpg","datePublished":"2023-05-20T05:28:25+00:00","dateModified":"2023-05-20T05:28:25+00:00","author":{"@id":"https:\/\/newsmediadirectories.com\/es\/#\/schema\/person\/d936c9a5f74cd01c7ff4e2b559363063"},"inLanguage":"es","potentialAction":[{"@type":"ReadAction","target":["https:\/\/newsmediadirectories.com\/es\/aprender-gramatica-es-fundamental-en-el-mundo-moderno\/"]}]},{"@type":"ImageObject","inLanguage":"es","@id":"https:\/\/newsmediadirectories.com\/es\/aprender-gramatica-es-fundamental-en-el-mundo-moderno\/#primaryimage","url":"https:\/\/newsmediadirectories.com\/es\/wp-content\/uploads\/2023\/05\/0-353.jpg","contentUrl":"https:\/\/newsmediadirectories.com\/es\/wp-content\/uploads\/2023\/05\/0-353.jpg","width":1100,"height":743},{"@type":"WebSite","@id":"https:\/\/newsmediadirectories.com\/es\/#website","url":"https:\/\/newsmediadirectories.com\/es\/","name":"News Media Directories - Noticias Online","description":"News Media Directories - Noticias Online","potentialAction":[{"@type":"SearchAction","target":{"@type":"EntryPoint","urlTemplate":"https:\/\/newsmediadirectories.com\/es\/?s={search_term_string}"},"query-input":{"@type":"PropertyValueSpecification","valueRequired":true,"valueName":"search_term_string"}}],"inLanguage":"es"},{"@type":"Person","@id":"https:\/\/newsmediadirectories.com\/es\/#\/schema\/person\/d936c9a5f74cd01c7ff4e2b559363063","name":"Valeria Catillo","image":{"@type":"ImageObject","inLanguage":"es","@id":"https:\/\/newsmediadirectories.com\/es\/#\/schema\/person\/image\/","url":"https:\/\/secure.gravatar.com\/avatar\/1b6716d8318da7cd8a049a1c7b480328?s=96&d=mm&r=g","contentUrl":"https:\/\/secure.gravatar.com\/avatar\/1b6716d8318da7cd8a049a1c7b480328?s=96&d=mm&r=g","caption":"Valeria Catillo"},"sameAs":["https:\/\/newsmediadirectories.com\/es"]}]}},"_links":{"self":[{"href":"https:\/\/newsmediadirectories.com\/es\/wp-json\/wp\/v2\/posts\/4154"}],"collection":[{"href":"https:\/\/newsmediadirectories.com\/es\/wp-json\/wp\/v2\/posts"}],"about":[{"href":"https:\/\/newsmediadirectories.com\/es\/wp-json\/wp\/v2\/types\/post"}],"author":[{"embeddable":true,"href":"https:\/\/newsmediadirectories.com\/es\/wp-json\/wp\/v2\/users\/1"}],"replies":[{"embeddable":true,"href":"https:\/\/newsmediadirectories.com\/es\/wp-json\/wp\/v2\/comments?post=4154"}],"version-history":[{"count":0,"href":"https:\/\/newsmediadirectories.com\/es\/wp-json\/wp\/v2\/posts\/4154\/revisions"}],"wp:featuredmedia":[{"embeddable":true,"href":"https:\/\/newsmediadirectories.com\/es\/wp-json\/wp\/v2\/media\/3572"}],"wp:attachment":[{"href":"https:\/\/newsmediadirectories.com\/es\/wp-json\/wp\/v2\/media?parent=4154"}],"wp:term":[{"taxonomy":"category","embeddable":true,"href":"https:\/\/newsmediadirectories.com\/es\/wp-json\/wp\/v2\/categories?post=4154"},{"taxonomy":"post_tag","embeddable":true,"href":"https:\/\/newsmediadirectories.com\/es\/wp-json\/wp\/v2\/tags?post=4154"},{"taxonomy":"wf_post_folders","embeddable":true,"href":"https:\/\/newsmediadirectories.com\/es\/wp-json\/wp\/v2\/wf_post_folders?post=4154"}],"curies":[{"name":"wp","href":"https:\/\/api.w.org\/{rel}","templated":true}]}}