{"id":4122,"date":"2023-05-20T05:29:01","date_gmt":"2023-05-20T05:29:01","guid":{"rendered":"https:\/\/newsmediadirectories.com\/es\/aprender-gramatica-es-fundamental-en-el-mundo-moderno-4\/"},"modified":"2023-05-20T05:29:01","modified_gmt":"2023-05-20T05:29:01","slug":"aprender-gramatica-es-fundamental-en-el-mundo-moderno-4","status":"publish","type":"post","link":"https:\/\/newsmediadirectories.com\/es\/aprender-gramatica-es-fundamental-en-el-mundo-moderno-4\/","title":{"rendered":"Aprender gram\u00e1tica es fundamental en el mundo moderno"},"content":{"rendered":"<p>Aprender gram\u00e1tica es fundamental en el mundo moderno: An\u00e1lisis period\u00edstico<\/p>\n<p>En el mundo actual, el correcto uso del lenguaje y la gram\u00e1tica es esencial para comunicarnos de manera efectiva y clara, especialmente en el \u00e1mbito profesional. La gram\u00e1tica nos permite estructurar nuestras ideas de forma ordenada y coherente, lo que nos lleva a expresarnos con precisi\u00f3n y seguridad.<\/p>\n<p>La importancia de la gram\u00e1tica radica en la capacidad que nos ofrece de transmitir informaci\u00f3n y conocimientos de forma adecuada y rigurosa. En un mundo cada vez m\u00e1s globalizado y multiling\u00fce, hablar y escribir bien son habilidades imprescindibles para cualquier persona que aspire a un futuro exitoso en el mundo del trabajo.<\/p>\n<p>Sin embargo, a pesar de ser una cuesti\u00f3n tan vital para el desempe\u00f1o laboral y personal, la gram\u00e1tica se descuida con demasiada frecuencia en la educaci\u00f3n formal. Muchos estudiantes suelen centrarse en el contenido de sus comunicados y descuidan la forma en la que los presentan, lo que puede afectar negativamente su capacidad para persuadir, convencer y seducir a su p\u00fablico.<\/p>\n<p>En la era de la informaci\u00f3n, donde la comunicaci\u00f3n digital y la presencia en l\u00ednea son cada vez m\u00e1s importantes, el dominio del lenguaje escrito y hablado se ha convertido en una habilidad imprescindible. Las empresas buscan profesionales con un alto nivel de competencia en el uso del lenguaje, yaseguran que son habilidades cada vez m\u00e1s demandadas en el mundo laboral globalizado.<\/p>\n<p>En resumen, podemos afirmar que la gram\u00e1tica es una herramienta fundamental para una comunicaci\u00f3n efectiva y para el \u00e9xito personal y profesional. Aprender gram\u00e1tica no solo nos permitir\u00e1 expresarnos de manera m\u00e1s convincente y persuasiva, sino que tambi\u00e9n nos dar\u00e1 una base s\u00f3lida para nuestro crecimiento y desarrollo en el mundo moderno. Por lo tanto, es importante que, tanto desde la educaci\u00f3n formal como por nuestra cuenta, dediquemos tiempo y esfuerzos a mejorar nuestras habilidades gramaticales.<\/p>\n<p>Nota express publicada por <a href=\"https:\/\/mediastarpress.com\/\" target=\"_blank\" rel=\"noopener\">MediaStar | Agencia de Medios<\/a>.<\/p>\n","protected":false},"excerpt":{"rendered":"<p>Aprender gram\u00e1tica es fundamental en el mundo moderno: An\u00e1lisis period\u00edstico En el mundo actual, el correcto uso del lenguaje y la gram\u00e1tica es esencial para comunicarnos de manera efectiva y clara, especialmente en el \u00e1mbito profesional. La gram\u00e1tica nos permite estructurar nuestras ideas de forma ordenada y coherente, lo que nos lleva a expresarnos con [&hellip;]<\/p>\n","protected":false},"author":1,"featured_media":4032,"comment_status":"open","ping_status":"open","sticky":false,"template":"","format":"standard","meta":{"inline_featured_image":false,"footnotes":""},"categories":[38],"tags":[],"wf_post_folders":[],"class_list":{"0":"post-4122","1":"post","2":"type-post","3":"status-publish","4":"format-standard","5":"has-post-thumbnail","7":"category-fast-news"},"yoast_head":"<!-- This site is optimized with the Yoast SEO plugin v24.1 - https:\/\/yoast.com\/wordpress\/plugins\/seo\/ -->\n<title>Aprender gram\u00e1tica es fundamental en el mundo moderno<\/title>\n<meta name=\"robots\" content=\"index, follow, max-snippet:-1, max-image-preview:large, max-video-preview:-1\" \/>\n<link rel=\"canonical\" href=\"https:\/\/newsmediadirectories.com\/es\/aprender-gramatica-es-fundamental-en-el-mundo-moderno-4\/\" \/>\n<meta property=\"og:locale\" content=\"es_ES\" \/>\n<meta property=\"og:type\" content=\"article\" \/>\n<meta property=\"og:title\" content=\"Aprender gram\u00e1tica es fundamental en el mundo moderno\" \/>\n<meta property=\"og:description\" content=\"Aprender gram\u00e1tica es fundamental en el mundo moderno: An\u00e1lisis period\u00edstico En el mundo actual, el correcto uso del lenguaje y la gram\u00e1tica es esencial para comunicarnos de manera efectiva y clara, especialmente en el \u00e1mbito profesional. La gram\u00e1tica nos permite estructurar nuestras ideas de forma ordenada y coherente, lo que nos lleva a expresarnos con [&hellip;]\" \/>\n<meta property=\"og:url\" content=\"https:\/\/newsmediadirectories.com\/es\/aprender-gramatica-es-fundamental-en-el-mundo-moderno-4\/\" \/>\n<meta property=\"og:site_name\" content=\"News Media Directories - Noticias Online\" \/>\n<meta property=\"article:published_time\" content=\"2023-05-20T05:29:01+00:00\" \/>\n<meta property=\"og:image\" content=\"https:\/\/newsmediadirectories.com\/es\/wp-content\/uploads\/2023\/05\/0-269.jpg\" \/>\n\t<meta property=\"og:image:width\" content=\"1100\" \/>\n\t<meta property=\"og:image:height\" content=\"688\" \/>\n\t<meta property=\"og:image:type\" content=\"image\/jpeg\" \/>\n<meta name=\"author\" content=\"Valeria Catillo\" \/>\n<meta name=\"twitter:card\" content=\"summary_large_image\" \/>\n<meta name=\"twitter:label1\" content=\"Escrito por\" \/>\n\t<meta name=\"twitter:data1\" content=\"Valeria Catillo\" \/>\n\t<meta name=\"twitter:label2\" content=\"Tiempo de lectura\" \/>\n\t<meta name=\"twitter:data2\" content=\"2 minutos\" \/>\n<script type=\"application\/ld+json\" class=\"yoast-schema-graph\">{\"@context\":\"https:\/\/schema.org\",\"@graph\":[{\"@type\":\"WebPage\",\"@id\":\"https:\/\/newsmediadirectories.com\/es\/aprender-gramatica-es-fundamental-en-el-mundo-moderno-4\/\",\"url\":\"https:\/\/newsmediadirectories.com\/es\/aprender-gramatica-es-fundamental-en-el-mundo-moderno-4\/\",\"name\":\"Aprender gram\u00e1tica es fundamental en el mundo moderno\",\"isPartOf\":{\"@id\":\"https:\/\/newsmediadirectories.com\/es\/#website\"},\"primaryImageOfPage\":{\"@id\":\"https:\/\/newsmediadirectories.com\/es\/aprender-gramatica-es-fundamental-en-el-mundo-moderno-4\/#primaryimage\"},\"image\":{\"@id\":\"https:\/\/newsmediadirectories.com\/es\/aprender-gramatica-es-fundamental-en-el-mundo-moderno-4\/#primaryimage\"},\"thumbnailUrl\":\"https:\/\/newsmediadirectories.com\/es\/wp-content\/uploads\/2023\/05\/0-269.jpg\",\"datePublished\":\"2023-05-20T05:29:01+00:00\",\"dateModified\":\"2023-05-20T05:29:01+00:00\",\"author\":{\"@id\":\"https:\/\/newsmediadirectories.com\/es\/#\/schema\/person\/d936c9a5f74cd01c7ff4e2b559363063\"},\"inLanguage\":\"es\",\"potentialAction\":[{\"@type\":\"ReadAction\",\"target\":[\"https:\/\/newsmediadirectories.com\/es\/aprender-gramatica-es-fundamental-en-el-mundo-moderno-4\/\"]}]},{\"@type\":\"ImageObject\",\"inLanguage\":\"es\",\"@id\":\"https:\/\/newsmediadirectories.com\/es\/aprender-gramatica-es-fundamental-en-el-mundo-moderno-4\/#primaryimage\",\"url\":\"https:\/\/newsmediadirectories.com\/es\/wp-content\/uploads\/2023\/05\/0-269.jpg\",\"contentUrl\":\"https:\/\/newsmediadirectories.com\/es\/wp-content\/uploads\/2023\/05\/0-269.jpg\",\"width\":1100,\"height\":688},{\"@type\":\"WebSite\",\"@id\":\"https:\/\/newsmediadirectories.com\/es\/#website\",\"url\":\"https:\/\/newsmediadirectories.com\/es\/\",\"name\":\"News Media Directories - Noticias Online\",\"description\":\"News Media Directories - Noticias Online\",\"potentialAction\":[{\"@type\":\"SearchAction\",\"target\":{\"@type\":\"EntryPoint\",\"urlTemplate\":\"https:\/\/newsmediadirectories.com\/es\/?s={search_term_string}\"},\"query-input\":{\"@type\":\"PropertyValueSpecification\",\"valueRequired\":true,\"valueName\":\"search_term_string\"}}],\"inLanguage\":\"es\"},{\"@type\":\"Person\",\"@id\":\"https:\/\/newsmediadirectories.com\/es\/#\/schema\/person\/d936c9a5f74cd01c7ff4e2b559363063\",\"name\":\"Valeria Catillo\",\"image\":{\"@type\":\"ImageObject\",\"inLanguage\":\"es\",\"@id\":\"https:\/\/newsmediadirectories.com\/es\/#\/schema\/person\/image\/\",\"url\":\"https:\/\/secure.gravatar.com\/avatar\/1b6716d8318da7cd8a049a1c7b480328?s=96&d=mm&r=g\",\"contentUrl\":\"https:\/\/secure.gravatar.com\/avatar\/1b6716d8318da7cd8a049a1c7b480328?s=96&d=mm&r=g\",\"caption\":\"Valeria Catillo\"},\"sameAs\":[\"https:\/\/newsmediadirectories.com\/es\"]}]}<\/script>\n<!-- \/ Yoast SEO plugin. -->","yoast_head_json":{"title":"Aprender gram\u00e1tica es fundamental en el mundo moderno","robots":{"index":"index","follow":"follow","max-snippet":"max-snippet:-1","max-image-preview":"max-image-preview:large","max-video-preview":"max-video-preview:-1"},"canonical":"https:\/\/newsmediadirectories.com\/es\/aprender-gramatica-es-fundamental-en-el-mundo-moderno-4\/","og_locale":"es_ES","og_type":"article","og_title":"Aprender gram\u00e1tica es fundamental en el mundo moderno","og_description":"Aprender gram\u00e1tica es fundamental en el mundo moderno: An\u00e1lisis period\u00edstico En el mundo actual, el correcto uso del lenguaje y la gram\u00e1tica es esencial para comunicarnos de manera efectiva y clara, especialmente en el \u00e1mbito profesional. La gram\u00e1tica nos permite estructurar nuestras ideas de forma ordenada y coherente, lo que nos lleva a expresarnos con [&hellip;]","og_url":"https:\/\/newsmediadirectories.com\/es\/aprender-gramatica-es-fundamental-en-el-mundo-moderno-4\/","og_site_name":"News Media Directories - Noticias Online","article_published_time":"2023-05-20T05:29:01+00:00","og_image":[{"width":1100,"height":688,"url":"https:\/\/newsmediadirectories.com\/es\/wp-content\/uploads\/2023\/05\/0-269.jpg","type":"image\/jpeg"}],"author":"Valeria Catillo","twitter_card":"summary_large_image","twitter_misc":{"Escrito por":"Valeria Catillo","Tiempo de lectura":"2 minutos"},"schema":{"@context":"https:\/\/schema.org","@graph":[{"@type":"WebPage","@id":"https:\/\/newsmediadirectories.com\/es\/aprender-gramatica-es-fundamental-en-el-mundo-moderno-4\/","url":"https:\/\/newsmediadirectories.com\/es\/aprender-gramatica-es-fundamental-en-el-mundo-moderno-4\/","name":"Aprender gram\u00e1tica es fundamental en el mundo moderno","isPartOf":{"@id":"https:\/\/newsmediadirectories.com\/es\/#website"},"primaryImageOfPage":{"@id":"https:\/\/newsmediadirectories.com\/es\/aprender-gramatica-es-fundamental-en-el-mundo-moderno-4\/#primaryimage"},"image":{"@id":"https:\/\/newsmediadirectories.com\/es\/aprender-gramatica-es-fundamental-en-el-mundo-moderno-4\/#primaryimage"},"thumbnailUrl":"https:\/\/newsmediadirectories.com\/es\/wp-content\/uploads\/2023\/05\/0-269.jpg","datePublished":"2023-05-20T05:29:01+00:00","dateModified":"2023-05-20T05:29:01+00:00","author":{"@id":"https:\/\/newsmediadirectories.com\/es\/#\/schema\/person\/d936c9a5f74cd01c7ff4e2b559363063"},"inLanguage":"es","potentialAction":[{"@type":"ReadAction","target":["https:\/\/newsmediadirectories.com\/es\/aprender-gramatica-es-fundamental-en-el-mundo-moderno-4\/"]}]},{"@type":"ImageObject","inLanguage":"es","@id":"https:\/\/newsmediadirectories.com\/es\/aprender-gramatica-es-fundamental-en-el-mundo-moderno-4\/#primaryimage","url":"https:\/\/newsmediadirectories.com\/es\/wp-content\/uploads\/2023\/05\/0-269.jpg","contentUrl":"https:\/\/newsmediadirectories.com\/es\/wp-content\/uploads\/2023\/05\/0-269.jpg","width":1100,"height":688},{"@type":"WebSite","@id":"https:\/\/newsmediadirectories.com\/es\/#website","url":"https:\/\/newsmediadirectories.com\/es\/","name":"News Media Directories - Noticias Online","description":"News Media Directories - Noticias Online","potentialAction":[{"@type":"SearchAction","target":{"@type":"EntryPoint","urlTemplate":"https:\/\/newsmediadirectories.com\/es\/?s={search_term_string}"},"query-input":{"@type":"PropertyValueSpecification","valueRequired":true,"valueName":"search_term_string"}}],"inLanguage":"es"},{"@type":"Person","@id":"https:\/\/newsmediadirectories.com\/es\/#\/schema\/person\/d936c9a5f74cd01c7ff4e2b559363063","name":"Valeria Catillo","image":{"@type":"ImageObject","inLanguage":"es","@id":"https:\/\/newsmediadirectories.com\/es\/#\/schema\/person\/image\/","url":"https:\/\/secure.gravatar.com\/avatar\/1b6716d8318da7cd8a049a1c7b480328?s=96&d=mm&r=g","contentUrl":"https:\/\/secure.gravatar.com\/avatar\/1b6716d8318da7cd8a049a1c7b480328?s=96&d=mm&r=g","caption":"Valeria Catillo"},"sameAs":["https:\/\/newsmediadirectories.com\/es"]}]}},"_links":{"self":[{"href":"https:\/\/newsmediadirectories.com\/es\/wp-json\/wp\/v2\/posts\/4122"}],"collection":[{"href":"https:\/\/newsmediadirectories.com\/es\/wp-json\/wp\/v2\/posts"}],"about":[{"href":"https:\/\/newsmediadirectories.com\/es\/wp-json\/wp\/v2\/types\/post"}],"author":[{"embeddable":true,"href":"https:\/\/newsmediadirectories.com\/es\/wp-json\/wp\/v2\/users\/1"}],"replies":[{"embeddable":true,"href":"https:\/\/newsmediadirectories.com\/es\/wp-json\/wp\/v2\/comments?post=4122"}],"version-history":[{"count":0,"href":"https:\/\/newsmediadirectories.com\/es\/wp-json\/wp\/v2\/posts\/4122\/revisions"}],"wp:featuredmedia":[{"embeddable":true,"href":"https:\/\/newsmediadirectories.com\/es\/wp-json\/wp\/v2\/media\/4032"}],"wp:attachment":[{"href":"https:\/\/newsmediadirectories.com\/es\/wp-json\/wp\/v2\/media?parent=4122"}],"wp:term":[{"taxonomy":"category","embeddable":true,"href":"https:\/\/newsmediadirectories.com\/es\/wp-json\/wp\/v2\/categories?post=4122"},{"taxonomy":"post_tag","embeddable":true,"href":"https:\/\/newsmediadirectories.com\/es\/wp-json\/wp\/v2\/tags?post=4122"},{"taxonomy":"wf_post_folders","embeddable":true,"href":"https:\/\/newsmediadirectories.com\/es\/wp-json\/wp\/v2\/wf_post_folders?post=4122"}],"curies":[{"name":"wp","href":"https:\/\/api.w.org\/{rel}","templated":true}]}}