{"id":4057,"date":"2023-05-20T05:23:35","date_gmt":"2023-05-20T05:23:35","guid":{"rendered":"https:\/\/newsmediadirectories.com\/es\/aumenta-el-superavit-fiscal-a-nivel-mundial-3\/"},"modified":"2023-05-20T05:23:35","modified_gmt":"2023-05-20T05:23:35","slug":"aumenta-el-superavit-fiscal-a-nivel-mundial-3","status":"publish","type":"post","link":"https:\/\/newsmediadirectories.com\/es\/aumenta-el-superavit-fiscal-a-nivel-mundial-3\/","title":{"rendered":"Aumenta el super\u00e1vit fiscal a nivel mundial"},"content":{"rendered":"<p>En los \u00faltimos a\u00f1os, el super\u00e1vit fiscal a nivel mundial ha experimentado un aumento significativo. Este fen\u00f3meno se debe en gran medida a la recuperaci\u00f3n econ\u00f3mica que ha experimentado gran parte del mundo tras la crisis financiera de 2008.<\/p>\n<p>El super\u00e1vit fiscal se define como la diferencia entre los ingresos y los gastos del gobierno en un per\u00edodo determinado. Cuando el gobierno recauda m\u00e1s ingresos de los que gasta, se produce un super\u00e1vit fiscal. Por el contrario, cuando el gobierno gasta m\u00e1s de lo que recauda, se produce un d\u00e9ficit fiscal.<\/p>\n<p>Seg\u00fan datos del Fondo Monetario Internacional (FMI), el super\u00e1vit fiscal a nivel mundial alcanz\u00f3 un m\u00e1ximo hist\u00f3rico del 1,8% del PIB en 2018. Esta cifra representa un aumento significativo en comparaci\u00f3n con el 0,5% del PIB registrado en 2013.<\/p>\n<p>Este aumento del super\u00e1vit fiscal a nivel mundial se debe en gran medida a la recuperaci\u00f3n econ\u00f3mica que ha experimentado gran parte del mundo en los \u00faltimos a\u00f1os. La mejora de la econom\u00eda ha llevado a un aumento de los ingresos fiscales debido a un aumento en la actividad econ\u00f3mica. Al mismo tiempo, la recuperaci\u00f3n econ\u00f3mica tambi\u00e9n ha llevado a una reducci\u00f3n de los gastos del gobierno a medida que disminuye la necesidad de estabilizaci\u00f3n fiscal.<\/p>\n<p>Sin embargo, es importante destacar que el aumento del super\u00e1vit fiscal no se ha producido de manera uniforme en todo el mundo. Los pa\u00edses desarrollados han registrado un mayor aumento del super\u00e1vit fiscal que los pa\u00edses en desarrollo. Adem\u00e1s, algunos pa\u00edses, como los Estados Unidos, han registrado un aumento del d\u00e9ficit fiscal debido a las pol\u00edticas fiscales expansivas implementadas en los \u00faltimos a\u00f1os.<\/p>\n<p>En conclusi\u00f3n, el aumento del super\u00e1vit fiscal a nivel mundial es una se\u00f1al positiva de la recuperaci\u00f3n econ\u00f3mica que ha experimentado gran parte del mundo en los \u00faltimos a\u00f1os. Sin embargo, es importante seguir vigilando la evoluci\u00f3n de las finanzas p\u00fablicas en todo el mundo para garantizar la sostenibilidad fiscal a largo plazo.<\/p>\n<p>Nota express publicada por <a href=\"https:\/\/mediastarpress.com\/\" target=\"_blank\" rel=\"noopener\">MediaStar | Agencia de Medios<\/a>.<\/p>\n","protected":false},"excerpt":{"rendered":"<p>En los \u00faltimos a\u00f1os, el super\u00e1vit fiscal a nivel mundial ha experimentado un aumento significativo. Este fen\u00f3meno se debe en gran medida a la recuperaci\u00f3n econ\u00f3mica que ha experimentado gran parte del mundo tras la crisis financiera de 2008. El super\u00e1vit fiscal se define como la diferencia entre los ingresos y los gastos del gobierno [&hellip;]<\/p>\n","protected":false},"author":1,"featured_media":3480,"comment_status":"open","ping_status":"open","sticky":false,"template":"","format":"standard","meta":{"inline_featured_image":false,"footnotes":""},"categories":[38],"tags":[],"wf_post_folders":[],"class_list":{"0":"post-4057","1":"post","2":"type-post","3":"status-publish","4":"format-standard","5":"has-post-thumbnail","7":"category-fast-news"},"yoast_head":"<!-- This site is optimized with the Yoast SEO plugin v24.1 - https:\/\/yoast.com\/wordpress\/plugins\/seo\/ -->\n<title>Aumenta el super\u00e1vit fiscal a nivel mundial<\/title>\n<meta name=\"robots\" content=\"index, follow, max-snippet:-1, max-image-preview:large, max-video-preview:-1\" \/>\n<link rel=\"canonical\" href=\"https:\/\/newsmediadirectories.com\/es\/aumenta-el-superavit-fiscal-a-nivel-mundial-3\/\" \/>\n<meta property=\"og:locale\" content=\"es_ES\" \/>\n<meta property=\"og:type\" content=\"article\" \/>\n<meta property=\"og:title\" content=\"Aumenta el super\u00e1vit fiscal a nivel mundial\" \/>\n<meta property=\"og:description\" content=\"En los \u00faltimos a\u00f1os, el super\u00e1vit fiscal a nivel mundial ha experimentado un aumento significativo. Este fen\u00f3meno se debe en gran medida a la recuperaci\u00f3n econ\u00f3mica que ha experimentado gran parte del mundo tras la crisis financiera de 2008. El super\u00e1vit fiscal se define como la diferencia entre los ingresos y los gastos del gobierno [&hellip;]\" \/>\n<meta property=\"og:url\" content=\"https:\/\/newsmediadirectories.com\/es\/aumenta-el-superavit-fiscal-a-nivel-mundial-3\/\" \/>\n<meta property=\"og:site_name\" content=\"News Media Directories - Noticias Online\" \/>\n<meta property=\"article:published_time\" content=\"2023-05-20T05:23:35+00:00\" \/>\n<meta property=\"og:image\" content=\"https:\/\/newsmediadirectories.com\/es\/wp-content\/uploads\/2023\/05\/01-9.jpg\" \/>\n\t<meta property=\"og:image:width\" content=\"1100\" \/>\n\t<meta property=\"og:image:height\" content=\"733\" \/>\n\t<meta property=\"og:image:type\" content=\"image\/jpeg\" \/>\n<meta name=\"author\" content=\"Valeria Catillo\" \/>\n<meta name=\"twitter:card\" content=\"summary_large_image\" \/>\n<meta name=\"twitter:label1\" content=\"Escrito por\" \/>\n\t<meta name=\"twitter:data1\" content=\"Valeria Catillo\" \/>\n\t<meta name=\"twitter:label2\" content=\"Tiempo de lectura\" \/>\n\t<meta name=\"twitter:data2\" content=\"2 minutos\" \/>\n<script type=\"application\/ld+json\" class=\"yoast-schema-graph\">{\"@context\":\"https:\/\/schema.org\",\"@graph\":[{\"@type\":\"WebPage\",\"@id\":\"https:\/\/newsmediadirectories.com\/es\/aumenta-el-superavit-fiscal-a-nivel-mundial-3\/\",\"url\":\"https:\/\/newsmediadirectories.com\/es\/aumenta-el-superavit-fiscal-a-nivel-mundial-3\/\",\"name\":\"Aumenta el super\u00e1vit fiscal a nivel mundial\",\"isPartOf\":{\"@id\":\"https:\/\/newsmediadirectories.com\/es\/#website\"},\"primaryImageOfPage\":{\"@id\":\"https:\/\/newsmediadirectories.com\/es\/aumenta-el-superavit-fiscal-a-nivel-mundial-3\/#primaryimage\"},\"image\":{\"@id\":\"https:\/\/newsmediadirectories.com\/es\/aumenta-el-superavit-fiscal-a-nivel-mundial-3\/#primaryimage\"},\"thumbnailUrl\":\"https:\/\/newsmediadirectories.com\/es\/wp-content\/uploads\/2023\/05\/01-9.jpg\",\"datePublished\":\"2023-05-20T05:23:35+00:00\",\"dateModified\":\"2023-05-20T05:23:35+00:00\",\"author\":{\"@id\":\"https:\/\/newsmediadirectories.com\/es\/#\/schema\/person\/d936c9a5f74cd01c7ff4e2b559363063\"},\"inLanguage\":\"es\",\"potentialAction\":[{\"@type\":\"ReadAction\",\"target\":[\"https:\/\/newsmediadirectories.com\/es\/aumenta-el-superavit-fiscal-a-nivel-mundial-3\/\"]}]},{\"@type\":\"ImageObject\",\"inLanguage\":\"es\",\"@id\":\"https:\/\/newsmediadirectories.com\/es\/aumenta-el-superavit-fiscal-a-nivel-mundial-3\/#primaryimage\",\"url\":\"https:\/\/newsmediadirectories.com\/es\/wp-content\/uploads\/2023\/05\/01-9.jpg\",\"contentUrl\":\"https:\/\/newsmediadirectories.com\/es\/wp-content\/uploads\/2023\/05\/01-9.jpg\",\"width\":1100,\"height\":733},{\"@type\":\"WebSite\",\"@id\":\"https:\/\/newsmediadirectories.com\/es\/#website\",\"url\":\"https:\/\/newsmediadirectories.com\/es\/\",\"name\":\"News Media Directories - Noticias Online\",\"description\":\"News Media Directories - Noticias Online\",\"potentialAction\":[{\"@type\":\"SearchAction\",\"target\":{\"@type\":\"EntryPoint\",\"urlTemplate\":\"https:\/\/newsmediadirectories.com\/es\/?s={search_term_string}\"},\"query-input\":{\"@type\":\"PropertyValueSpecification\",\"valueRequired\":true,\"valueName\":\"search_term_string\"}}],\"inLanguage\":\"es\"},{\"@type\":\"Person\",\"@id\":\"https:\/\/newsmediadirectories.com\/es\/#\/schema\/person\/d936c9a5f74cd01c7ff4e2b559363063\",\"name\":\"Valeria Catillo\",\"image\":{\"@type\":\"ImageObject\",\"inLanguage\":\"es\",\"@id\":\"https:\/\/newsmediadirectories.com\/es\/#\/schema\/person\/image\/\",\"url\":\"https:\/\/secure.gravatar.com\/avatar\/1b6716d8318da7cd8a049a1c7b480328?s=96&d=mm&r=g\",\"contentUrl\":\"https:\/\/secure.gravatar.com\/avatar\/1b6716d8318da7cd8a049a1c7b480328?s=96&d=mm&r=g\",\"caption\":\"Valeria Catillo\"},\"sameAs\":[\"https:\/\/newsmediadirectories.com\/es\"]}]}<\/script>\n<!-- \/ Yoast SEO plugin. -->","yoast_head_json":{"title":"Aumenta el super\u00e1vit fiscal a nivel mundial","robots":{"index":"index","follow":"follow","max-snippet":"max-snippet:-1","max-image-preview":"max-image-preview:large","max-video-preview":"max-video-preview:-1"},"canonical":"https:\/\/newsmediadirectories.com\/es\/aumenta-el-superavit-fiscal-a-nivel-mundial-3\/","og_locale":"es_ES","og_type":"article","og_title":"Aumenta el super\u00e1vit fiscal a nivel mundial","og_description":"En los \u00faltimos a\u00f1os, el super\u00e1vit fiscal a nivel mundial ha experimentado un aumento significativo. Este fen\u00f3meno se debe en gran medida a la recuperaci\u00f3n econ\u00f3mica que ha experimentado gran parte del mundo tras la crisis financiera de 2008. El super\u00e1vit fiscal se define como la diferencia entre los ingresos y los gastos del gobierno [&hellip;]","og_url":"https:\/\/newsmediadirectories.com\/es\/aumenta-el-superavit-fiscal-a-nivel-mundial-3\/","og_site_name":"News Media Directories - Noticias Online","article_published_time":"2023-05-20T05:23:35+00:00","og_image":[{"width":1100,"height":733,"url":"https:\/\/newsmediadirectories.com\/es\/wp-content\/uploads\/2023\/05\/01-9.jpg","type":"image\/jpeg"}],"author":"Valeria Catillo","twitter_card":"summary_large_image","twitter_misc":{"Escrito por":"Valeria Catillo","Tiempo de lectura":"2 minutos"},"schema":{"@context":"https:\/\/schema.org","@graph":[{"@type":"WebPage","@id":"https:\/\/newsmediadirectories.com\/es\/aumenta-el-superavit-fiscal-a-nivel-mundial-3\/","url":"https:\/\/newsmediadirectories.com\/es\/aumenta-el-superavit-fiscal-a-nivel-mundial-3\/","name":"Aumenta el super\u00e1vit fiscal a nivel mundial","isPartOf":{"@id":"https:\/\/newsmediadirectories.com\/es\/#website"},"primaryImageOfPage":{"@id":"https:\/\/newsmediadirectories.com\/es\/aumenta-el-superavit-fiscal-a-nivel-mundial-3\/#primaryimage"},"image":{"@id":"https:\/\/newsmediadirectories.com\/es\/aumenta-el-superavit-fiscal-a-nivel-mundial-3\/#primaryimage"},"thumbnailUrl":"https:\/\/newsmediadirectories.com\/es\/wp-content\/uploads\/2023\/05\/01-9.jpg","datePublished":"2023-05-20T05:23:35+00:00","dateModified":"2023-05-20T05:23:35+00:00","author":{"@id":"https:\/\/newsmediadirectories.com\/es\/#\/schema\/person\/d936c9a5f74cd01c7ff4e2b559363063"},"inLanguage":"es","potentialAction":[{"@type":"ReadAction","target":["https:\/\/newsmediadirectories.com\/es\/aumenta-el-superavit-fiscal-a-nivel-mundial-3\/"]}]},{"@type":"ImageObject","inLanguage":"es","@id":"https:\/\/newsmediadirectories.com\/es\/aumenta-el-superavit-fiscal-a-nivel-mundial-3\/#primaryimage","url":"https:\/\/newsmediadirectories.com\/es\/wp-content\/uploads\/2023\/05\/01-9.jpg","contentUrl":"https:\/\/newsmediadirectories.com\/es\/wp-content\/uploads\/2023\/05\/01-9.jpg","width":1100,"height":733},{"@type":"WebSite","@id":"https:\/\/newsmediadirectories.com\/es\/#website","url":"https:\/\/newsmediadirectories.com\/es\/","name":"News Media Directories - Noticias Online","description":"News Media Directories - Noticias Online","potentialAction":[{"@type":"SearchAction","target":{"@type":"EntryPoint","urlTemplate":"https:\/\/newsmediadirectories.com\/es\/?s={search_term_string}"},"query-input":{"@type":"PropertyValueSpecification","valueRequired":true,"valueName":"search_term_string"}}],"inLanguage":"es"},{"@type":"Person","@id":"https:\/\/newsmediadirectories.com\/es\/#\/schema\/person\/d936c9a5f74cd01c7ff4e2b559363063","name":"Valeria Catillo","image":{"@type":"ImageObject","inLanguage":"es","@id":"https:\/\/newsmediadirectories.com\/es\/#\/schema\/person\/image\/","url":"https:\/\/secure.gravatar.com\/avatar\/1b6716d8318da7cd8a049a1c7b480328?s=96&d=mm&r=g","contentUrl":"https:\/\/secure.gravatar.com\/avatar\/1b6716d8318da7cd8a049a1c7b480328?s=96&d=mm&r=g","caption":"Valeria Catillo"},"sameAs":["https:\/\/newsmediadirectories.com\/es"]}]}},"_links":{"self":[{"href":"https:\/\/newsmediadirectories.com\/es\/wp-json\/wp\/v2\/posts\/4057"}],"collection":[{"href":"https:\/\/newsmediadirectories.com\/es\/wp-json\/wp\/v2\/posts"}],"about":[{"href":"https:\/\/newsmediadirectories.com\/es\/wp-json\/wp\/v2\/types\/post"}],"author":[{"embeddable":true,"href":"https:\/\/newsmediadirectories.com\/es\/wp-json\/wp\/v2\/users\/1"}],"replies":[{"embeddable":true,"href":"https:\/\/newsmediadirectories.com\/es\/wp-json\/wp\/v2\/comments?post=4057"}],"version-history":[{"count":0,"href":"https:\/\/newsmediadirectories.com\/es\/wp-json\/wp\/v2\/posts\/4057\/revisions"}],"wp:featuredmedia":[{"embeddable":true,"href":"https:\/\/newsmediadirectories.com\/es\/wp-json\/wp\/v2\/media\/3480"}],"wp:attachment":[{"href":"https:\/\/newsmediadirectories.com\/es\/wp-json\/wp\/v2\/media?parent=4057"}],"wp:term":[{"taxonomy":"category","embeddable":true,"href":"https:\/\/newsmediadirectories.com\/es\/wp-json\/wp\/v2\/categories?post=4057"},{"taxonomy":"post_tag","embeddable":true,"href":"https:\/\/newsmediadirectories.com\/es\/wp-json\/wp\/v2\/tags?post=4057"},{"taxonomy":"wf_post_folders","embeddable":true,"href":"https:\/\/newsmediadirectories.com\/es\/wp-json\/wp\/v2\/wf_post_folders?post=4057"}],"curies":[{"name":"wp","href":"https:\/\/api.w.org\/{rel}","templated":true}]}}