{"id":4054,"date":"2023-05-20T05:23:36","date_gmt":"2023-05-20T05:23:36","guid":{"rendered":"https:\/\/newsmediadirectories.com\/es\/el-deficit-fiscal-amenaza-la-estabilidad-financiera-global-2\/"},"modified":"2023-05-20T05:23:36","modified_gmt":"2023-05-20T05:23:36","slug":"el-deficit-fiscal-amenaza-la-estabilidad-financiera-global-2","status":"publish","type":"post","link":"https:\/\/newsmediadirectories.com\/es\/el-deficit-fiscal-amenaza-la-estabilidad-financiera-global-2\/","title":{"rendered":"El d\u00e9ficit fiscal amenaza la estabilidad financiera global"},"content":{"rendered":"<p>El d\u00e9ficit fiscal es un tema que ha sido objeto de preocupaci\u00f3n para muchos pa\u00edses del mundo, no s\u00f3lo por el impacto econ\u00f3mico directo que puede tener en la poblaci\u00f3n, sino tambi\u00e9n por su influencia en la estabilidad financiera global.<\/p>\n<p>En este sentido, el d\u00e9ficit fiscal puede considerarse como un desequilibrio entre los ingresos y los gastos del Estado, y su consecuencia m\u00e1s evidente es el endeudamiento p\u00fablico. Por consiguiente, una elevada deuda p\u00fablica puede generar presiones inflacionarias, mayores tasas de inter\u00e9s y una menor confianza de los inversionistas internacionales en la econom\u00eda del pa\u00eds.<\/p>\n<p>En la actualidad, son muchos los pa\u00edses que enfrentan altos niveles de d\u00e9ficit fiscal, lo que ha llevado a la adopci\u00f3n de medidas de ajuste fiscal como recortes en el gasto p\u00fablico, aumento de impuestos y reformas estructurales en \u00e1reas clave como la seguridad social y la educaci\u00f3n.<\/p>\n<p>Sin embargo, estos ajustes no siempre son bien recibidos por la poblaci\u00f3n, lo que puede generar tensiones sociales y pol\u00edticas que a su vez pueden afectar la estabilidad financiera global.<\/p>\n<p>Es importante destacar que el d\u00e9ficit fiscal no es un fen\u00f3meno aislado, sino que est\u00e1 estrechamente relacionado con otros factores econ\u00f3micos como el crecimiento econ\u00f3mico, la pol\u00edtica monetaria y la competitividad internacional. Por ello, su soluci\u00f3n no debe ser tratada \u00fanicamente desde una perspectiva fiscal, sino que requiere un enfoque integral que aborde las causas subyacentes del problema.<\/p>\n<p>En resumen, el d\u00e9ficit fiscal es una amenaza real para la estabilidad financiera global, y su soluci\u00f3n es un desaf\u00edo complejo que requiere la adopci\u00f3n de medidas concertadas y consistentes por parte de los pa\u00edses afectados. La implementaci\u00f3n de pol\u00edticas fiscales responsables, la mejora de la gobernanza econ\u00f3mica y la promoci\u00f3n del crecimiento econ\u00f3mico sostenible son algunos de los elementos clave que deben guiar el camino hacia una situaci\u00f3n financiera global m\u00e1s estable y sostenible.<\/p>\n<p>Nota express publicada por <a href=\"https:\/\/mediastarpress.com\/\" target=\"_blank\" rel=\"noopener\">MediaStar | Agencia de Medios<\/a>.<\/p>\n","protected":false},"excerpt":{"rendered":"<p>El d\u00e9ficit fiscal es un tema que ha sido objeto de preocupaci\u00f3n para muchos pa\u00edses del mundo, no s\u00f3lo por el impacto econ\u00f3mico directo que puede tener en la poblaci\u00f3n, sino tambi\u00e9n por su influencia en la estabilidad financiera global. En este sentido, el d\u00e9ficit fiscal puede considerarse como un desequilibrio entre los ingresos y [&hellip;]<\/p>\n","protected":false},"author":1,"featured_media":4055,"comment_status":"open","ping_status":"open","sticky":false,"template":"","format":"standard","meta":{"inline_featured_image":false,"footnotes":""},"categories":[38],"tags":[],"wf_post_folders":[],"class_list":{"0":"post-4054","1":"post","2":"type-post","3":"status-publish","4":"format-standard","5":"has-post-thumbnail","7":"category-fast-news"},"yoast_head":"<!-- This site is optimized with the Yoast SEO plugin v24.1 - https:\/\/yoast.com\/wordpress\/plugins\/seo\/ -->\n<title>El d\u00e9ficit fiscal amenaza la estabilidad financiera global<\/title>\n<meta name=\"robots\" content=\"index, follow, max-snippet:-1, max-image-preview:large, max-video-preview:-1\" \/>\n<link rel=\"canonical\" href=\"https:\/\/newsmediadirectories.com\/es\/el-deficit-fiscal-amenaza-la-estabilidad-financiera-global-2\/\" \/>\n<meta property=\"og:locale\" content=\"es_ES\" \/>\n<meta property=\"og:type\" content=\"article\" \/>\n<meta property=\"og:title\" content=\"El d\u00e9ficit fiscal amenaza la estabilidad financiera global\" \/>\n<meta property=\"og:description\" content=\"El d\u00e9ficit fiscal es un tema que ha sido objeto de preocupaci\u00f3n para muchos pa\u00edses del mundo, no s\u00f3lo por el impacto econ\u00f3mico directo que puede tener en la poblaci\u00f3n, sino tambi\u00e9n por su influencia en la estabilidad financiera global. En este sentido, el d\u00e9ficit fiscal puede considerarse como un desequilibrio entre los ingresos y [&hellip;]\" \/>\n<meta property=\"og:url\" content=\"https:\/\/newsmediadirectories.com\/es\/el-deficit-fiscal-amenaza-la-estabilidad-financiera-global-2\/\" \/>\n<meta property=\"og:site_name\" content=\"News Media Directories - Noticias Online\" \/>\n<meta property=\"article:published_time\" content=\"2023-05-20T05:23:36+00:00\" \/>\n<meta property=\"og:image\" content=\"https:\/\/newsmediadirectories.com\/es\/wp-content\/uploads\/2023\/05\/01-56.jpg\" \/>\n\t<meta property=\"og:image:width\" content=\"1100\" \/>\n\t<meta property=\"og:image:height\" content=\"619\" \/>\n\t<meta property=\"og:image:type\" content=\"image\/jpeg\" \/>\n<meta name=\"author\" content=\"Valeria Catillo\" \/>\n<meta name=\"twitter:card\" content=\"summary_large_image\" \/>\n<meta name=\"twitter:label1\" content=\"Escrito por\" \/>\n\t<meta name=\"twitter:data1\" content=\"Valeria Catillo\" \/>\n\t<meta name=\"twitter:label2\" content=\"Tiempo de lectura\" \/>\n\t<meta name=\"twitter:data2\" content=\"2 minutos\" \/>\n<script type=\"application\/ld+json\" class=\"yoast-schema-graph\">{\"@context\":\"https:\/\/schema.org\",\"@graph\":[{\"@type\":\"WebPage\",\"@id\":\"https:\/\/newsmediadirectories.com\/es\/el-deficit-fiscal-amenaza-la-estabilidad-financiera-global-2\/\",\"url\":\"https:\/\/newsmediadirectories.com\/es\/el-deficit-fiscal-amenaza-la-estabilidad-financiera-global-2\/\",\"name\":\"El d\u00e9ficit fiscal amenaza la estabilidad financiera global\",\"isPartOf\":{\"@id\":\"https:\/\/newsmediadirectories.com\/es\/#website\"},\"primaryImageOfPage\":{\"@id\":\"https:\/\/newsmediadirectories.com\/es\/el-deficit-fiscal-amenaza-la-estabilidad-financiera-global-2\/#primaryimage\"},\"image\":{\"@id\":\"https:\/\/newsmediadirectories.com\/es\/el-deficit-fiscal-amenaza-la-estabilidad-financiera-global-2\/#primaryimage\"},\"thumbnailUrl\":\"https:\/\/newsmediadirectories.com\/es\/wp-content\/uploads\/2023\/05\/01-56.jpg\",\"datePublished\":\"2023-05-20T05:23:36+00:00\",\"dateModified\":\"2023-05-20T05:23:36+00:00\",\"author\":{\"@id\":\"https:\/\/newsmediadirectories.com\/es\/#\/schema\/person\/d936c9a5f74cd01c7ff4e2b559363063\"},\"inLanguage\":\"es\",\"potentialAction\":[{\"@type\":\"ReadAction\",\"target\":[\"https:\/\/newsmediadirectories.com\/es\/el-deficit-fiscal-amenaza-la-estabilidad-financiera-global-2\/\"]}]},{\"@type\":\"ImageObject\",\"inLanguage\":\"es\",\"@id\":\"https:\/\/newsmediadirectories.com\/es\/el-deficit-fiscal-amenaza-la-estabilidad-financiera-global-2\/#primaryimage\",\"url\":\"https:\/\/newsmediadirectories.com\/es\/wp-content\/uploads\/2023\/05\/01-56.jpg\",\"contentUrl\":\"https:\/\/newsmediadirectories.com\/es\/wp-content\/uploads\/2023\/05\/01-56.jpg\",\"width\":1100,\"height\":619},{\"@type\":\"WebSite\",\"@id\":\"https:\/\/newsmediadirectories.com\/es\/#website\",\"url\":\"https:\/\/newsmediadirectories.com\/es\/\",\"name\":\"News Media Directories - Noticias Online\",\"description\":\"News Media Directories - Noticias Online\",\"potentialAction\":[{\"@type\":\"SearchAction\",\"target\":{\"@type\":\"EntryPoint\",\"urlTemplate\":\"https:\/\/newsmediadirectories.com\/es\/?s={search_term_string}\"},\"query-input\":{\"@type\":\"PropertyValueSpecification\",\"valueRequired\":true,\"valueName\":\"search_term_string\"}}],\"inLanguage\":\"es\"},{\"@type\":\"Person\",\"@id\":\"https:\/\/newsmediadirectories.com\/es\/#\/schema\/person\/d936c9a5f74cd01c7ff4e2b559363063\",\"name\":\"Valeria Catillo\",\"image\":{\"@type\":\"ImageObject\",\"inLanguage\":\"es\",\"@id\":\"https:\/\/newsmediadirectories.com\/es\/#\/schema\/person\/image\/\",\"url\":\"https:\/\/secure.gravatar.com\/avatar\/1b6716d8318da7cd8a049a1c7b480328?s=96&d=mm&r=g\",\"contentUrl\":\"https:\/\/secure.gravatar.com\/avatar\/1b6716d8318da7cd8a049a1c7b480328?s=96&d=mm&r=g\",\"caption\":\"Valeria Catillo\"},\"sameAs\":[\"https:\/\/newsmediadirectories.com\/es\"]}]}<\/script>\n<!-- \/ Yoast SEO plugin. -->","yoast_head_json":{"title":"El d\u00e9ficit fiscal amenaza la estabilidad financiera global","robots":{"index":"index","follow":"follow","max-snippet":"max-snippet:-1","max-image-preview":"max-image-preview:large","max-video-preview":"max-video-preview:-1"},"canonical":"https:\/\/newsmediadirectories.com\/es\/el-deficit-fiscal-amenaza-la-estabilidad-financiera-global-2\/","og_locale":"es_ES","og_type":"article","og_title":"El d\u00e9ficit fiscal amenaza la estabilidad financiera global","og_description":"El d\u00e9ficit fiscal es un tema que ha sido objeto de preocupaci\u00f3n para muchos pa\u00edses del mundo, no s\u00f3lo por el impacto econ\u00f3mico directo que puede tener en la poblaci\u00f3n, sino tambi\u00e9n por su influencia en la estabilidad financiera global. En este sentido, el d\u00e9ficit fiscal puede considerarse como un desequilibrio entre los ingresos y [&hellip;]","og_url":"https:\/\/newsmediadirectories.com\/es\/el-deficit-fiscal-amenaza-la-estabilidad-financiera-global-2\/","og_site_name":"News Media Directories - Noticias Online","article_published_time":"2023-05-20T05:23:36+00:00","og_image":[{"width":1100,"height":619,"url":"https:\/\/newsmediadirectories.com\/es\/wp-content\/uploads\/2023\/05\/01-56.jpg","type":"image\/jpeg"}],"author":"Valeria Catillo","twitter_card":"summary_large_image","twitter_misc":{"Escrito por":"Valeria Catillo","Tiempo de lectura":"2 minutos"},"schema":{"@context":"https:\/\/schema.org","@graph":[{"@type":"WebPage","@id":"https:\/\/newsmediadirectories.com\/es\/el-deficit-fiscal-amenaza-la-estabilidad-financiera-global-2\/","url":"https:\/\/newsmediadirectories.com\/es\/el-deficit-fiscal-amenaza-la-estabilidad-financiera-global-2\/","name":"El d\u00e9ficit fiscal amenaza la estabilidad financiera global","isPartOf":{"@id":"https:\/\/newsmediadirectories.com\/es\/#website"},"primaryImageOfPage":{"@id":"https:\/\/newsmediadirectories.com\/es\/el-deficit-fiscal-amenaza-la-estabilidad-financiera-global-2\/#primaryimage"},"image":{"@id":"https:\/\/newsmediadirectories.com\/es\/el-deficit-fiscal-amenaza-la-estabilidad-financiera-global-2\/#primaryimage"},"thumbnailUrl":"https:\/\/newsmediadirectories.com\/es\/wp-content\/uploads\/2023\/05\/01-56.jpg","datePublished":"2023-05-20T05:23:36+00:00","dateModified":"2023-05-20T05:23:36+00:00","author":{"@id":"https:\/\/newsmediadirectories.com\/es\/#\/schema\/person\/d936c9a5f74cd01c7ff4e2b559363063"},"inLanguage":"es","potentialAction":[{"@type":"ReadAction","target":["https:\/\/newsmediadirectories.com\/es\/el-deficit-fiscal-amenaza-la-estabilidad-financiera-global-2\/"]}]},{"@type":"ImageObject","inLanguage":"es","@id":"https:\/\/newsmediadirectories.com\/es\/el-deficit-fiscal-amenaza-la-estabilidad-financiera-global-2\/#primaryimage","url":"https:\/\/newsmediadirectories.com\/es\/wp-content\/uploads\/2023\/05\/01-56.jpg","contentUrl":"https:\/\/newsmediadirectories.com\/es\/wp-content\/uploads\/2023\/05\/01-56.jpg","width":1100,"height":619},{"@type":"WebSite","@id":"https:\/\/newsmediadirectories.com\/es\/#website","url":"https:\/\/newsmediadirectories.com\/es\/","name":"News Media Directories - Noticias Online","description":"News Media Directories - Noticias Online","potentialAction":[{"@type":"SearchAction","target":{"@type":"EntryPoint","urlTemplate":"https:\/\/newsmediadirectories.com\/es\/?s={search_term_string}"},"query-input":{"@type":"PropertyValueSpecification","valueRequired":true,"valueName":"search_term_string"}}],"inLanguage":"es"},{"@type":"Person","@id":"https:\/\/newsmediadirectories.com\/es\/#\/schema\/person\/d936c9a5f74cd01c7ff4e2b559363063","name":"Valeria Catillo","image":{"@type":"ImageObject","inLanguage":"es","@id":"https:\/\/newsmediadirectories.com\/es\/#\/schema\/person\/image\/","url":"https:\/\/secure.gravatar.com\/avatar\/1b6716d8318da7cd8a049a1c7b480328?s=96&d=mm&r=g","contentUrl":"https:\/\/secure.gravatar.com\/avatar\/1b6716d8318da7cd8a049a1c7b480328?s=96&d=mm&r=g","caption":"Valeria Catillo"},"sameAs":["https:\/\/newsmediadirectories.com\/es"]}]}},"_links":{"self":[{"href":"https:\/\/newsmediadirectories.com\/es\/wp-json\/wp\/v2\/posts\/4054"}],"collection":[{"href":"https:\/\/newsmediadirectories.com\/es\/wp-json\/wp\/v2\/posts"}],"about":[{"href":"https:\/\/newsmediadirectories.com\/es\/wp-json\/wp\/v2\/types\/post"}],"author":[{"embeddable":true,"href":"https:\/\/newsmediadirectories.com\/es\/wp-json\/wp\/v2\/users\/1"}],"replies":[{"embeddable":true,"href":"https:\/\/newsmediadirectories.com\/es\/wp-json\/wp\/v2\/comments?post=4054"}],"version-history":[{"count":0,"href":"https:\/\/newsmediadirectories.com\/es\/wp-json\/wp\/v2\/posts\/4054\/revisions"}],"wp:featuredmedia":[{"embeddable":true,"href":"https:\/\/newsmediadirectories.com\/es\/wp-json\/wp\/v2\/media\/4055"}],"wp:attachment":[{"href":"https:\/\/newsmediadirectories.com\/es\/wp-json\/wp\/v2\/media?parent=4054"}],"wp:term":[{"taxonomy":"category","embeddable":true,"href":"https:\/\/newsmediadirectories.com\/es\/wp-json\/wp\/v2\/categories?post=4054"},{"taxonomy":"post_tag","embeddable":true,"href":"https:\/\/newsmediadirectories.com\/es\/wp-json\/wp\/v2\/tags?post=4054"},{"taxonomy":"wf_post_folders","embeddable":true,"href":"https:\/\/newsmediadirectories.com\/es\/wp-json\/wp\/v2\/wf_post_folders?post=4054"}],"curies":[{"name":"wp","href":"https:\/\/api.w.org\/{rel}","templated":true}]}}