{"id":4046,"date":"2023-05-20T05:23:38","date_gmt":"2023-05-20T05:23:38","guid":{"rendered":"https:\/\/newsmediadirectories.com\/es\/la-estabilidad-economica-mundial-esta-en-riesgo-3\/"},"modified":"2023-05-20T05:23:38","modified_gmt":"2023-05-20T05:23:38","slug":"la-estabilidad-economica-mundial-esta-en-riesgo-3","status":"publish","type":"post","link":"https:\/\/newsmediadirectories.com\/es\/la-estabilidad-economica-mundial-esta-en-riesgo-3\/","title":{"rendered":"La estabilidad econ\u00f3mica mundial est\u00e1 en riesgo"},"content":{"rendered":"<p>La estabilidad econ\u00f3mica mundial se encuentra en una situaci\u00f3n cr\u00edtica en la actualidad, y existen diversas variables que amenazan con empeorar a\u00fan m\u00e1s esta situaci\u00f3n. Desde la pandemia de COVID-19 hasta los conflictos geopol\u00edticos y la inestabilidad pol\u00edtica interna en algunos pa\u00edses, son factores que podr\u00edan desencadenar una crisis econ\u00f3mica a nivel global.<\/p>\n<p>Uno de los principales problemas es la pandemia de COVID-19, que ha generado una recesi\u00f3n econ\u00f3mica sin precedentes en muchos pa\u00edses del mundo. El cierre de muchas empresas y la p\u00e9rdida de millones de puestos de trabajo han generado una ca\u00edda en la demanda y una reducci\u00f3n del consumo, lo que ha afectado a la producci\u00f3n y a las inversiones en diversos sectores.<\/p>\n<p>Adem\u00e1s, los conflictos geopol\u00edticos entre las principales potencias mundiales, como China, Estados Unidos y Rusia, han generado una creciente tensi\u00f3n que podr\u00eda dar lugar a medidas econ\u00f3micas restrictivas, aranceles y represalias comerciales que afectar\u00edan a la econom\u00eda mundial.<\/p>\n<p>En algunos pa\u00edses, la inestabilidad pol\u00edtica interna y el riesgo de conflictos sociales tambi\u00e9n son factores que amenazan la estabilidad econ\u00f3mica. La falta de liderazgo pol\u00edtico en algunos pa\u00edses y la creciente polarizaci\u00f3n social pueden generar una desaceleraci\u00f3n en la econom\u00eda y un aumento en la incertidumbre.<\/p>\n<p>Ante esta situaci\u00f3n, es necesario que se adopten medidas coordinadas a nivel global para garantizar la estabilidad econ\u00f3mica, reducir los riesgos y promover el crecimiento. Se necesitan pol\u00edticas fiscales y monetarias responsables que impulsen la demanda y el crecimiento, incentiven la inversi\u00f3n y la innovaci\u00f3n, y faciliten el comercio internacional.<\/p>\n<p>En conclusi\u00f3n, la estabilidad econ\u00f3mica mundial se encuentra en una situaci\u00f3n de riesgo debido a diversos factores, desde la pandemia de COVID-19 hasta los conflictos geopol\u00edticos y la inestabilidad pol\u00edtica interna. Los l\u00edderes globales deben trabajar juntos para reducir los riesgos y promover el crecimiento, adoptando pol\u00edticas fiscal y monetaria responsables que impulsen el crecimiento y faciliten el comercio internacional.<\/p>\n<p>Nota express publicada por <a href=\"https:\/\/mediastarpress.com\/\" target=\"_blank\" rel=\"noopener\">MediaStar | Agencia de Medios<\/a>.<\/p>\n","protected":false},"excerpt":{"rendered":"<p>La estabilidad econ\u00f3mica mundial se encuentra en una situaci\u00f3n cr\u00edtica en la actualidad, y existen diversas variables que amenazan con empeorar a\u00fan m\u00e1s esta situaci\u00f3n. Desde la pandemia de COVID-19 hasta los conflictos geopol\u00edticos y la inestabilidad pol\u00edtica interna en algunos pa\u00edses, son factores que podr\u00edan desencadenar una crisis econ\u00f3mica a nivel global. Uno de [&hellip;]<\/p>\n","protected":false},"author":1,"featured_media":3684,"comment_status":"open","ping_status":"open","sticky":false,"template":"","format":"standard","meta":{"inline_featured_image":false,"footnotes":""},"categories":[38],"tags":[],"wf_post_folders":[],"class_list":{"0":"post-4046","1":"post","2":"type-post","3":"status-publish","4":"format-standard","5":"has-post-thumbnail","7":"category-fast-news"},"yoast_head":"<!-- This site is optimized with the Yoast SEO plugin v24.1 - https:\/\/yoast.com\/wordpress\/plugins\/seo\/ -->\n<title>La estabilidad econ\u00f3mica mundial est\u00e1 en riesgo<\/title>\n<meta name=\"robots\" content=\"index, follow, max-snippet:-1, max-image-preview:large, max-video-preview:-1\" \/>\n<link rel=\"canonical\" href=\"https:\/\/newsmediadirectories.com\/es\/la-estabilidad-economica-mundial-esta-en-riesgo-3\/\" \/>\n<meta property=\"og:locale\" content=\"es_ES\" \/>\n<meta property=\"og:type\" content=\"article\" \/>\n<meta property=\"og:title\" content=\"La estabilidad econ\u00f3mica mundial est\u00e1 en riesgo\" \/>\n<meta property=\"og:description\" content=\"La estabilidad econ\u00f3mica mundial se encuentra en una situaci\u00f3n cr\u00edtica en la actualidad, y existen diversas variables que amenazan con empeorar a\u00fan m\u00e1s esta situaci\u00f3n. Desde la pandemia de COVID-19 hasta los conflictos geopol\u00edticos y la inestabilidad pol\u00edtica interna en algunos pa\u00edses, son factores que podr\u00edan desencadenar una crisis econ\u00f3mica a nivel global. Uno de [&hellip;]\" \/>\n<meta property=\"og:url\" content=\"https:\/\/newsmediadirectories.com\/es\/la-estabilidad-economica-mundial-esta-en-riesgo-3\/\" \/>\n<meta property=\"og:site_name\" content=\"News Media Directories - Noticias Online\" \/>\n<meta property=\"article:published_time\" content=\"2023-05-20T05:23:38+00:00\" \/>\n<meta property=\"og:image\" content=\"https:\/\/newsmediadirectories.com\/es\/wp-content\/uploads\/2023\/05\/01-12.jpg\" \/>\n\t<meta property=\"og:image:width\" content=\"1100\" \/>\n\t<meta property=\"og:image:height\" content=\"674\" \/>\n\t<meta property=\"og:image:type\" content=\"image\/jpeg\" \/>\n<meta name=\"author\" content=\"Valeria Catillo\" \/>\n<meta name=\"twitter:card\" content=\"summary_large_image\" \/>\n<meta name=\"twitter:label1\" content=\"Escrito por\" \/>\n\t<meta name=\"twitter:data1\" content=\"Valeria Catillo\" \/>\n\t<meta name=\"twitter:label2\" content=\"Tiempo de lectura\" \/>\n\t<meta name=\"twitter:data2\" content=\"2 minutos\" \/>\n<script type=\"application\/ld+json\" class=\"yoast-schema-graph\">{\"@context\":\"https:\/\/schema.org\",\"@graph\":[{\"@type\":\"WebPage\",\"@id\":\"https:\/\/newsmediadirectories.com\/es\/la-estabilidad-economica-mundial-esta-en-riesgo-3\/\",\"url\":\"https:\/\/newsmediadirectories.com\/es\/la-estabilidad-economica-mundial-esta-en-riesgo-3\/\",\"name\":\"La estabilidad econ\u00f3mica mundial est\u00e1 en riesgo\",\"isPartOf\":{\"@id\":\"https:\/\/newsmediadirectories.com\/es\/#website\"},\"primaryImageOfPage\":{\"@id\":\"https:\/\/newsmediadirectories.com\/es\/la-estabilidad-economica-mundial-esta-en-riesgo-3\/#primaryimage\"},\"image\":{\"@id\":\"https:\/\/newsmediadirectories.com\/es\/la-estabilidad-economica-mundial-esta-en-riesgo-3\/#primaryimage\"},\"thumbnailUrl\":\"https:\/\/newsmediadirectories.com\/es\/wp-content\/uploads\/2023\/05\/01-12.jpg\",\"datePublished\":\"2023-05-20T05:23:38+00:00\",\"dateModified\":\"2023-05-20T05:23:38+00:00\",\"author\":{\"@id\":\"https:\/\/newsmediadirectories.com\/es\/#\/schema\/person\/d936c9a5f74cd01c7ff4e2b559363063\"},\"inLanguage\":\"es\",\"potentialAction\":[{\"@type\":\"ReadAction\",\"target\":[\"https:\/\/newsmediadirectories.com\/es\/la-estabilidad-economica-mundial-esta-en-riesgo-3\/\"]}]},{\"@type\":\"ImageObject\",\"inLanguage\":\"es\",\"@id\":\"https:\/\/newsmediadirectories.com\/es\/la-estabilidad-economica-mundial-esta-en-riesgo-3\/#primaryimage\",\"url\":\"https:\/\/newsmediadirectories.com\/es\/wp-content\/uploads\/2023\/05\/01-12.jpg\",\"contentUrl\":\"https:\/\/newsmediadirectories.com\/es\/wp-content\/uploads\/2023\/05\/01-12.jpg\",\"width\":1100,\"height\":674},{\"@type\":\"WebSite\",\"@id\":\"https:\/\/newsmediadirectories.com\/es\/#website\",\"url\":\"https:\/\/newsmediadirectories.com\/es\/\",\"name\":\"News Media Directories - Noticias Online\",\"description\":\"News Media Directories - Noticias Online\",\"potentialAction\":[{\"@type\":\"SearchAction\",\"target\":{\"@type\":\"EntryPoint\",\"urlTemplate\":\"https:\/\/newsmediadirectories.com\/es\/?s={search_term_string}\"},\"query-input\":{\"@type\":\"PropertyValueSpecification\",\"valueRequired\":true,\"valueName\":\"search_term_string\"}}],\"inLanguage\":\"es\"},{\"@type\":\"Person\",\"@id\":\"https:\/\/newsmediadirectories.com\/es\/#\/schema\/person\/d936c9a5f74cd01c7ff4e2b559363063\",\"name\":\"Valeria Catillo\",\"image\":{\"@type\":\"ImageObject\",\"inLanguage\":\"es\",\"@id\":\"https:\/\/newsmediadirectories.com\/es\/#\/schema\/person\/image\/\",\"url\":\"https:\/\/secure.gravatar.com\/avatar\/1b6716d8318da7cd8a049a1c7b480328?s=96&d=mm&r=g\",\"contentUrl\":\"https:\/\/secure.gravatar.com\/avatar\/1b6716d8318da7cd8a049a1c7b480328?s=96&d=mm&r=g\",\"caption\":\"Valeria Catillo\"},\"sameAs\":[\"https:\/\/newsmediadirectories.com\/es\"]}]}<\/script>\n<!-- \/ Yoast SEO plugin. -->","yoast_head_json":{"title":"La estabilidad econ\u00f3mica mundial est\u00e1 en riesgo","robots":{"index":"index","follow":"follow","max-snippet":"max-snippet:-1","max-image-preview":"max-image-preview:large","max-video-preview":"max-video-preview:-1"},"canonical":"https:\/\/newsmediadirectories.com\/es\/la-estabilidad-economica-mundial-esta-en-riesgo-3\/","og_locale":"es_ES","og_type":"article","og_title":"La estabilidad econ\u00f3mica mundial est\u00e1 en riesgo","og_description":"La estabilidad econ\u00f3mica mundial se encuentra en una situaci\u00f3n cr\u00edtica en la actualidad, y existen diversas variables que amenazan con empeorar a\u00fan m\u00e1s esta situaci\u00f3n. Desde la pandemia de COVID-19 hasta los conflictos geopol\u00edticos y la inestabilidad pol\u00edtica interna en algunos pa\u00edses, son factores que podr\u00edan desencadenar una crisis econ\u00f3mica a nivel global. Uno de [&hellip;]","og_url":"https:\/\/newsmediadirectories.com\/es\/la-estabilidad-economica-mundial-esta-en-riesgo-3\/","og_site_name":"News Media Directories - Noticias Online","article_published_time":"2023-05-20T05:23:38+00:00","og_image":[{"width":1100,"height":674,"url":"https:\/\/newsmediadirectories.com\/es\/wp-content\/uploads\/2023\/05\/01-12.jpg","type":"image\/jpeg"}],"author":"Valeria Catillo","twitter_card":"summary_large_image","twitter_misc":{"Escrito por":"Valeria Catillo","Tiempo de lectura":"2 minutos"},"schema":{"@context":"https:\/\/schema.org","@graph":[{"@type":"WebPage","@id":"https:\/\/newsmediadirectories.com\/es\/la-estabilidad-economica-mundial-esta-en-riesgo-3\/","url":"https:\/\/newsmediadirectories.com\/es\/la-estabilidad-economica-mundial-esta-en-riesgo-3\/","name":"La estabilidad econ\u00f3mica mundial est\u00e1 en riesgo","isPartOf":{"@id":"https:\/\/newsmediadirectories.com\/es\/#website"},"primaryImageOfPage":{"@id":"https:\/\/newsmediadirectories.com\/es\/la-estabilidad-economica-mundial-esta-en-riesgo-3\/#primaryimage"},"image":{"@id":"https:\/\/newsmediadirectories.com\/es\/la-estabilidad-economica-mundial-esta-en-riesgo-3\/#primaryimage"},"thumbnailUrl":"https:\/\/newsmediadirectories.com\/es\/wp-content\/uploads\/2023\/05\/01-12.jpg","datePublished":"2023-05-20T05:23:38+00:00","dateModified":"2023-05-20T05:23:38+00:00","author":{"@id":"https:\/\/newsmediadirectories.com\/es\/#\/schema\/person\/d936c9a5f74cd01c7ff4e2b559363063"},"inLanguage":"es","potentialAction":[{"@type":"ReadAction","target":["https:\/\/newsmediadirectories.com\/es\/la-estabilidad-economica-mundial-esta-en-riesgo-3\/"]}]},{"@type":"ImageObject","inLanguage":"es","@id":"https:\/\/newsmediadirectories.com\/es\/la-estabilidad-economica-mundial-esta-en-riesgo-3\/#primaryimage","url":"https:\/\/newsmediadirectories.com\/es\/wp-content\/uploads\/2023\/05\/01-12.jpg","contentUrl":"https:\/\/newsmediadirectories.com\/es\/wp-content\/uploads\/2023\/05\/01-12.jpg","width":1100,"height":674},{"@type":"WebSite","@id":"https:\/\/newsmediadirectories.com\/es\/#website","url":"https:\/\/newsmediadirectories.com\/es\/","name":"News Media Directories - Noticias Online","description":"News Media Directories - Noticias Online","potentialAction":[{"@type":"SearchAction","target":{"@type":"EntryPoint","urlTemplate":"https:\/\/newsmediadirectories.com\/es\/?s={search_term_string}"},"query-input":{"@type":"PropertyValueSpecification","valueRequired":true,"valueName":"search_term_string"}}],"inLanguage":"es"},{"@type":"Person","@id":"https:\/\/newsmediadirectories.com\/es\/#\/schema\/person\/d936c9a5f74cd01c7ff4e2b559363063","name":"Valeria Catillo","image":{"@type":"ImageObject","inLanguage":"es","@id":"https:\/\/newsmediadirectories.com\/es\/#\/schema\/person\/image\/","url":"https:\/\/secure.gravatar.com\/avatar\/1b6716d8318da7cd8a049a1c7b480328?s=96&d=mm&r=g","contentUrl":"https:\/\/secure.gravatar.com\/avatar\/1b6716d8318da7cd8a049a1c7b480328?s=96&d=mm&r=g","caption":"Valeria Catillo"},"sameAs":["https:\/\/newsmediadirectories.com\/es"]}]}},"_links":{"self":[{"href":"https:\/\/newsmediadirectories.com\/es\/wp-json\/wp\/v2\/posts\/4046"}],"collection":[{"href":"https:\/\/newsmediadirectories.com\/es\/wp-json\/wp\/v2\/posts"}],"about":[{"href":"https:\/\/newsmediadirectories.com\/es\/wp-json\/wp\/v2\/types\/post"}],"author":[{"embeddable":true,"href":"https:\/\/newsmediadirectories.com\/es\/wp-json\/wp\/v2\/users\/1"}],"replies":[{"embeddable":true,"href":"https:\/\/newsmediadirectories.com\/es\/wp-json\/wp\/v2\/comments?post=4046"}],"version-history":[{"count":0,"href":"https:\/\/newsmediadirectories.com\/es\/wp-json\/wp\/v2\/posts\/4046\/revisions"}],"wp:featuredmedia":[{"embeddable":true,"href":"https:\/\/newsmediadirectories.com\/es\/wp-json\/wp\/v2\/media\/3684"}],"wp:attachment":[{"href":"https:\/\/newsmediadirectories.com\/es\/wp-json\/wp\/v2\/media?parent=4046"}],"wp:term":[{"taxonomy":"category","embeddable":true,"href":"https:\/\/newsmediadirectories.com\/es\/wp-json\/wp\/v2\/categories?post=4046"},{"taxonomy":"post_tag","embeddable":true,"href":"https:\/\/newsmediadirectories.com\/es\/wp-json\/wp\/v2\/tags?post=4046"},{"taxonomy":"wf_post_folders","embeddable":true,"href":"https:\/\/newsmediadirectories.com\/es\/wp-json\/wp\/v2\/wf_post_folders?post=4046"}],"curies":[{"name":"wp","href":"https:\/\/api.w.org\/{rel}","templated":true}]}}