{"id":4045,"date":"2023-05-20T05:23:38","date_gmt":"2023-05-20T05:23:38","guid":{"rendered":"https:\/\/newsmediadirectories.com\/es\/el-deficit-fiscal-amenaza-la-estabilidad-financiera-global-4\/"},"modified":"2023-05-20T05:23:38","modified_gmt":"2023-05-20T05:23:38","slug":"el-deficit-fiscal-amenaza-la-estabilidad-financiera-global-4","status":"publish","type":"post","link":"https:\/\/newsmediadirectories.com\/es\/el-deficit-fiscal-amenaza-la-estabilidad-financiera-global-4\/","title":{"rendered":"El d\u00e9ficit fiscal amenaza la estabilidad financiera global"},"content":{"rendered":"<p>El d\u00e9ficit fiscal es una problem\u00e1tica que ha estado presente durante muchos a\u00f1os y que no s\u00f3lo afecta a un pa\u00eds en particular, sino que tambi\u00e9n puede tener efectos negativos en la estabilidad financiera global.<\/p>\n<p>El d\u00e9ficit fiscal es un desequilibrio entre los ingresos y gastos del gobierno. Es decir, si los ingresos del gobierno son menores que sus gastos, esto genera un d\u00e9ficit fiscal. Este problema puede tener varias consecuencias negativas para la econom\u00eda del pa\u00eds y, por ende, tambi\u00e9n para la econom\u00eda mundial.<\/p>\n<p>Entre las consecuencias m\u00e1s destacadas del d\u00e9ficit fiscal podemos encontrar:<\/p>\n<p>&#8211; El aumento de la deuda p\u00fablica. Si el gobierno debe gastar m\u00e1s de lo que ingresa, esto genera un d\u00e9ficit fiscal que debe ser financiado a trav\u00e9s de la emisi\u00f3n de deuda p\u00fablica. Esta deuda puede llegar a niveles insostenibles, lo que puede afectar la confianza de los mercados y debilitar la econom\u00eda.<\/p>\n<p>&#8211; La disminuci\u00f3n de la inversi\u00f3n. El d\u00e9ficit fiscal puede llevar a una disminuci\u00f3n de la inversi\u00f3n en infraestructura, educaci\u00f3n y otros sectores importantes para el crecimiento econ\u00f3mico. Esto puede afectar la competitividad del pa\u00eds y reducir su capacidad de generar riqueza.<\/p>\n<p>&#8211; La inflaci\u00f3n. La emisi\u00f3n de deuda p\u00fablica para financiar el d\u00e9ficit fiscal puede generar un aumento de la inflaci\u00f3n, lo que puede afectar el poder adquisitivo de la poblaci\u00f3n y debilitar a\u00fan m\u00e1s la econom\u00eda.<\/p>\n<p>El d\u00e9ficit fiscal es una problem\u00e1tica que requiere de soluciones a largo plazo. Es necesario que los gobiernos sean capaces de equilibrar sus ingresos y gastos, evitando la emisi\u00f3n excesiva de deuda p\u00fablica y promoviendo pol\u00edticas que fomenten el crecimiento econ\u00f3mico. Asimismo, es importante que la comunidad internacional trabaje de forma conjunta para abordar esta problem\u00e1tica y prevenir que el d\u00e9ficit fiscal afecte la estabilidad financiera global.<\/p>\n<p>En resumen, el d\u00e9ficit fiscal representa una amenaza para la estabilidad financiera global. Es fundamental que los gobiernos trabajen para reducir este d\u00e9ficit y promover pol\u00edticas que fomenten el crecimiento econ\u00f3mico de manera sostenible y responsable. Solo as\u00ed se podr\u00e1n prevenir las consecuencias negativas que el d\u00e9ficit fiscal puede generar en la econom\u00eda mundial.<\/p>\n<p>Nota express publicada por <a href=\"https:\/\/mediastarpress.com\/\" target=\"_blank\" rel=\"noopener\">MediaStar | Agencia de Medios<\/a>.<\/p>\n","protected":false},"excerpt":{"rendered":"<p>El d\u00e9ficit fiscal es una problem\u00e1tica que ha estado presente durante muchos a\u00f1os y que no s\u00f3lo afecta a un pa\u00eds en particular, sino que tambi\u00e9n puede tener efectos negativos en la estabilidad financiera global. El d\u00e9ficit fiscal es un desequilibrio entre los ingresos y gastos del gobierno. Es decir, si los ingresos del gobierno [&hellip;]<\/p>\n","protected":false},"author":1,"featured_media":3529,"comment_status":"open","ping_status":"open","sticky":false,"template":"","format":"standard","meta":{"inline_featured_image":false,"footnotes":""},"categories":[38],"tags":[],"wf_post_folders":[],"class_list":{"0":"post-4045","1":"post","2":"type-post","3":"status-publish","4":"format-standard","5":"has-post-thumbnail","7":"category-fast-news"},"yoast_head":"<!-- This site is optimized with the Yoast SEO plugin v24.1 - https:\/\/yoast.com\/wordpress\/plugins\/seo\/ -->\n<title>El d\u00e9ficit fiscal amenaza la estabilidad financiera global<\/title>\n<meta name=\"robots\" content=\"index, follow, max-snippet:-1, max-image-preview:large, max-video-preview:-1\" \/>\n<link rel=\"canonical\" href=\"https:\/\/newsmediadirectories.com\/es\/el-deficit-fiscal-amenaza-la-estabilidad-financiera-global-4\/\" \/>\n<meta property=\"og:locale\" content=\"es_ES\" \/>\n<meta property=\"og:type\" content=\"article\" \/>\n<meta property=\"og:title\" content=\"El d\u00e9ficit fiscal amenaza la estabilidad financiera global\" \/>\n<meta property=\"og:description\" content=\"El d\u00e9ficit fiscal es una problem\u00e1tica que ha estado presente durante muchos a\u00f1os y que no s\u00f3lo afecta a un pa\u00eds en particular, sino que tambi\u00e9n puede tener efectos negativos en la estabilidad financiera global. El d\u00e9ficit fiscal es un desequilibrio entre los ingresos y gastos del gobierno. Es decir, si los ingresos del gobierno [&hellip;]\" \/>\n<meta property=\"og:url\" content=\"https:\/\/newsmediadirectories.com\/es\/el-deficit-fiscal-amenaza-la-estabilidad-financiera-global-4\/\" \/>\n<meta property=\"og:site_name\" content=\"News Media Directories - Noticias Online\" \/>\n<meta property=\"article:published_time\" content=\"2023-05-20T05:23:38+00:00\" \/>\n<meta property=\"og:image\" content=\"https:\/\/newsmediadirectories.com\/es\/wp-content\/uploads\/2023\/05\/0-292.jpg\" \/>\n\t<meta property=\"og:image:width\" content=\"1100\" \/>\n\t<meta property=\"og:image:height\" content=\"619\" \/>\n\t<meta property=\"og:image:type\" content=\"image\/jpeg\" \/>\n<meta name=\"author\" content=\"Valeria Catillo\" \/>\n<meta name=\"twitter:card\" content=\"summary_large_image\" \/>\n<meta name=\"twitter:label1\" content=\"Escrito por\" \/>\n\t<meta name=\"twitter:data1\" content=\"Valeria Catillo\" \/>\n\t<meta name=\"twitter:label2\" content=\"Tiempo de lectura\" \/>\n\t<meta name=\"twitter:data2\" content=\"2 minutos\" \/>\n<script type=\"application\/ld+json\" class=\"yoast-schema-graph\">{\"@context\":\"https:\/\/schema.org\",\"@graph\":[{\"@type\":\"WebPage\",\"@id\":\"https:\/\/newsmediadirectories.com\/es\/el-deficit-fiscal-amenaza-la-estabilidad-financiera-global-4\/\",\"url\":\"https:\/\/newsmediadirectories.com\/es\/el-deficit-fiscal-amenaza-la-estabilidad-financiera-global-4\/\",\"name\":\"El d\u00e9ficit fiscal amenaza la estabilidad financiera global\",\"isPartOf\":{\"@id\":\"https:\/\/newsmediadirectories.com\/es\/#website\"},\"primaryImageOfPage\":{\"@id\":\"https:\/\/newsmediadirectories.com\/es\/el-deficit-fiscal-amenaza-la-estabilidad-financiera-global-4\/#primaryimage\"},\"image\":{\"@id\":\"https:\/\/newsmediadirectories.com\/es\/el-deficit-fiscal-amenaza-la-estabilidad-financiera-global-4\/#primaryimage\"},\"thumbnailUrl\":\"https:\/\/newsmediadirectories.com\/es\/wp-content\/uploads\/2023\/05\/0-292.jpg\",\"datePublished\":\"2023-05-20T05:23:38+00:00\",\"dateModified\":\"2023-05-20T05:23:38+00:00\",\"author\":{\"@id\":\"https:\/\/newsmediadirectories.com\/es\/#\/schema\/person\/d936c9a5f74cd01c7ff4e2b559363063\"},\"inLanguage\":\"es\",\"potentialAction\":[{\"@type\":\"ReadAction\",\"target\":[\"https:\/\/newsmediadirectories.com\/es\/el-deficit-fiscal-amenaza-la-estabilidad-financiera-global-4\/\"]}]},{\"@type\":\"ImageObject\",\"inLanguage\":\"es\",\"@id\":\"https:\/\/newsmediadirectories.com\/es\/el-deficit-fiscal-amenaza-la-estabilidad-financiera-global-4\/#primaryimage\",\"url\":\"https:\/\/newsmediadirectories.com\/es\/wp-content\/uploads\/2023\/05\/0-292.jpg\",\"contentUrl\":\"https:\/\/newsmediadirectories.com\/es\/wp-content\/uploads\/2023\/05\/0-292.jpg\",\"width\":1100,\"height\":619},{\"@type\":\"WebSite\",\"@id\":\"https:\/\/newsmediadirectories.com\/es\/#website\",\"url\":\"https:\/\/newsmediadirectories.com\/es\/\",\"name\":\"News Media Directories - Noticias Online\",\"description\":\"News Media Directories - Noticias Online\",\"potentialAction\":[{\"@type\":\"SearchAction\",\"target\":{\"@type\":\"EntryPoint\",\"urlTemplate\":\"https:\/\/newsmediadirectories.com\/es\/?s={search_term_string}\"},\"query-input\":{\"@type\":\"PropertyValueSpecification\",\"valueRequired\":true,\"valueName\":\"search_term_string\"}}],\"inLanguage\":\"es\"},{\"@type\":\"Person\",\"@id\":\"https:\/\/newsmediadirectories.com\/es\/#\/schema\/person\/d936c9a5f74cd01c7ff4e2b559363063\",\"name\":\"Valeria Catillo\",\"image\":{\"@type\":\"ImageObject\",\"inLanguage\":\"es\",\"@id\":\"https:\/\/newsmediadirectories.com\/es\/#\/schema\/person\/image\/\",\"url\":\"https:\/\/secure.gravatar.com\/avatar\/1b6716d8318da7cd8a049a1c7b480328?s=96&d=mm&r=g\",\"contentUrl\":\"https:\/\/secure.gravatar.com\/avatar\/1b6716d8318da7cd8a049a1c7b480328?s=96&d=mm&r=g\",\"caption\":\"Valeria Catillo\"},\"sameAs\":[\"https:\/\/newsmediadirectories.com\/es\"]}]}<\/script>\n<!-- \/ Yoast SEO plugin. -->","yoast_head_json":{"title":"El d\u00e9ficit fiscal amenaza la estabilidad financiera global","robots":{"index":"index","follow":"follow","max-snippet":"max-snippet:-1","max-image-preview":"max-image-preview:large","max-video-preview":"max-video-preview:-1"},"canonical":"https:\/\/newsmediadirectories.com\/es\/el-deficit-fiscal-amenaza-la-estabilidad-financiera-global-4\/","og_locale":"es_ES","og_type":"article","og_title":"El d\u00e9ficit fiscal amenaza la estabilidad financiera global","og_description":"El d\u00e9ficit fiscal es una problem\u00e1tica que ha estado presente durante muchos a\u00f1os y que no s\u00f3lo afecta a un pa\u00eds en particular, sino que tambi\u00e9n puede tener efectos negativos en la estabilidad financiera global. El d\u00e9ficit fiscal es un desequilibrio entre los ingresos y gastos del gobierno. Es decir, si los ingresos del gobierno [&hellip;]","og_url":"https:\/\/newsmediadirectories.com\/es\/el-deficit-fiscal-amenaza-la-estabilidad-financiera-global-4\/","og_site_name":"News Media Directories - Noticias Online","article_published_time":"2023-05-20T05:23:38+00:00","og_image":[{"width":1100,"height":619,"url":"https:\/\/newsmediadirectories.com\/es\/wp-content\/uploads\/2023\/05\/0-292.jpg","type":"image\/jpeg"}],"author":"Valeria Catillo","twitter_card":"summary_large_image","twitter_misc":{"Escrito por":"Valeria Catillo","Tiempo de lectura":"2 minutos"},"schema":{"@context":"https:\/\/schema.org","@graph":[{"@type":"WebPage","@id":"https:\/\/newsmediadirectories.com\/es\/el-deficit-fiscal-amenaza-la-estabilidad-financiera-global-4\/","url":"https:\/\/newsmediadirectories.com\/es\/el-deficit-fiscal-amenaza-la-estabilidad-financiera-global-4\/","name":"El d\u00e9ficit fiscal amenaza la estabilidad financiera global","isPartOf":{"@id":"https:\/\/newsmediadirectories.com\/es\/#website"},"primaryImageOfPage":{"@id":"https:\/\/newsmediadirectories.com\/es\/el-deficit-fiscal-amenaza-la-estabilidad-financiera-global-4\/#primaryimage"},"image":{"@id":"https:\/\/newsmediadirectories.com\/es\/el-deficit-fiscal-amenaza-la-estabilidad-financiera-global-4\/#primaryimage"},"thumbnailUrl":"https:\/\/newsmediadirectories.com\/es\/wp-content\/uploads\/2023\/05\/0-292.jpg","datePublished":"2023-05-20T05:23:38+00:00","dateModified":"2023-05-20T05:23:38+00:00","author":{"@id":"https:\/\/newsmediadirectories.com\/es\/#\/schema\/person\/d936c9a5f74cd01c7ff4e2b559363063"},"inLanguage":"es","potentialAction":[{"@type":"ReadAction","target":["https:\/\/newsmediadirectories.com\/es\/el-deficit-fiscal-amenaza-la-estabilidad-financiera-global-4\/"]}]},{"@type":"ImageObject","inLanguage":"es","@id":"https:\/\/newsmediadirectories.com\/es\/el-deficit-fiscal-amenaza-la-estabilidad-financiera-global-4\/#primaryimage","url":"https:\/\/newsmediadirectories.com\/es\/wp-content\/uploads\/2023\/05\/0-292.jpg","contentUrl":"https:\/\/newsmediadirectories.com\/es\/wp-content\/uploads\/2023\/05\/0-292.jpg","width":1100,"height":619},{"@type":"WebSite","@id":"https:\/\/newsmediadirectories.com\/es\/#website","url":"https:\/\/newsmediadirectories.com\/es\/","name":"News Media Directories - Noticias Online","description":"News Media Directories - Noticias Online","potentialAction":[{"@type":"SearchAction","target":{"@type":"EntryPoint","urlTemplate":"https:\/\/newsmediadirectories.com\/es\/?s={search_term_string}"},"query-input":{"@type":"PropertyValueSpecification","valueRequired":true,"valueName":"search_term_string"}}],"inLanguage":"es"},{"@type":"Person","@id":"https:\/\/newsmediadirectories.com\/es\/#\/schema\/person\/d936c9a5f74cd01c7ff4e2b559363063","name":"Valeria Catillo","image":{"@type":"ImageObject","inLanguage":"es","@id":"https:\/\/newsmediadirectories.com\/es\/#\/schema\/person\/image\/","url":"https:\/\/secure.gravatar.com\/avatar\/1b6716d8318da7cd8a049a1c7b480328?s=96&d=mm&r=g","contentUrl":"https:\/\/secure.gravatar.com\/avatar\/1b6716d8318da7cd8a049a1c7b480328?s=96&d=mm&r=g","caption":"Valeria Catillo"},"sameAs":["https:\/\/newsmediadirectories.com\/es"]}]}},"_links":{"self":[{"href":"https:\/\/newsmediadirectories.com\/es\/wp-json\/wp\/v2\/posts\/4045"}],"collection":[{"href":"https:\/\/newsmediadirectories.com\/es\/wp-json\/wp\/v2\/posts"}],"about":[{"href":"https:\/\/newsmediadirectories.com\/es\/wp-json\/wp\/v2\/types\/post"}],"author":[{"embeddable":true,"href":"https:\/\/newsmediadirectories.com\/es\/wp-json\/wp\/v2\/users\/1"}],"replies":[{"embeddable":true,"href":"https:\/\/newsmediadirectories.com\/es\/wp-json\/wp\/v2\/comments?post=4045"}],"version-history":[{"count":0,"href":"https:\/\/newsmediadirectories.com\/es\/wp-json\/wp\/v2\/posts\/4045\/revisions"}],"wp:featuredmedia":[{"embeddable":true,"href":"https:\/\/newsmediadirectories.com\/es\/wp-json\/wp\/v2\/media\/3529"}],"wp:attachment":[{"href":"https:\/\/newsmediadirectories.com\/es\/wp-json\/wp\/v2\/media?parent=4045"}],"wp:term":[{"taxonomy":"category","embeddable":true,"href":"https:\/\/newsmediadirectories.com\/es\/wp-json\/wp\/v2\/categories?post=4045"},{"taxonomy":"post_tag","embeddable":true,"href":"https:\/\/newsmediadirectories.com\/es\/wp-json\/wp\/v2\/tags?post=4045"},{"taxonomy":"wf_post_folders","embeddable":true,"href":"https:\/\/newsmediadirectories.com\/es\/wp-json\/wp\/v2\/wf_post_folders?post=4045"}],"curies":[{"name":"wp","href":"https:\/\/api.w.org\/{rel}","templated":true}]}}