{"id":4042,"date":"2023-05-20T05:23:40","date_gmt":"2023-05-20T05:23:40","guid":{"rendered":"https:\/\/newsmediadirectories.com\/es\/presupuesto-justo-y-equitativo-para-todos-2\/"},"modified":"2023-05-20T05:23:40","modified_gmt":"2023-05-20T05:23:40","slug":"presupuesto-justo-y-equitativo-para-todos-2","status":"publish","type":"post","link":"https:\/\/newsmediadirectories.com\/es\/presupuesto-justo-y-equitativo-para-todos-2\/","title":{"rendered":"\u00a1Presupuesto justo y equitativo para todos!"},"content":{"rendered":"<p>En los \u00faltimos a\u00f1os, el tema del presupuesto justo y equitativo ha sido un tema de debate en la sociedad y en el gobierno. La idea de que todas las personas tengan acceso a los recursos necesarios para vivir dignamente es una necesidad b\u00e1sica que deber\u00eda ser prioritaria en la agenda pol\u00edtica.<\/p>\n<p>El presupuesto justo y equitativo se refiere a la distribuci\u00f3n de los recursos disponibles en un pa\u00eds de manera justa y equitativa, sin privilegiar a determinados grupos en detrimento de otros. Es decir, que todas las \u00e1reas y sectores reciban una cantidad justa de recursos que les permita desarrollarse de manera adecuada.<\/p>\n<p>Una de las principales razones por las que es importante contar con un presupuesto justo y equitativo es porque permite reducir la desigualdad social y econ\u00f3mica, en la medida en que las personas tienen acceso a los recursos necesarios para mejorar sus condiciones de vida y, por tanto, tienen la posibilidad de acceder a mejores oportunidades. De esta forma, se fomenta el desarrollo de un sociedad m\u00e1s equitativa.<\/p>\n<p>Adem\u00e1s, el presupuesto justo y equitativo es fundamental para atender las necesidades m\u00e1s b\u00e1sicas de la poblaci\u00f3n, como son la alimentaci\u00f3n, la salud, la educaci\u00f3n, el trabajo y la vivienda. En la medida en que se garantice el acceso a estos recursos, se estar\u00e1 fomentando el bienestar de la poblaci\u00f3n y se estar\u00e1 promoviendo el desarrollo humano.<\/p>\n<p>En este contexto, es fundamental que los gobiernos se comprometan a dise\u00f1ar y ejecutar presupuestos justos y equitativos que permitan mejorar la calidad de vida de la poblaci\u00f3n. Para lograrlo, es importante que se identifiquen las necesidades m\u00e1s urgentes y se les asignen los recursos necesarios para satisfacerlas. Tambi\u00e9n es importante que se eval\u00fae constantemente la efectividad de los recursos invertidos y se ajuste el presupuesto en funci\u00f3n de los resultados obtenidos.<\/p>\n<p>En conclusi\u00f3n, el presupuesto justo y equitativo es una necesidad fundamental para el bienestar de la poblaci\u00f3n y el desarrollo humano. Es importante que los gobiernos se comprometan a garantizar este tipo de presupuestos y que se adopten medidas efectivas para evaluar su impacto y ajustarlos en funci\u00f3n de las necesidades de la poblaci\u00f3n. Solo de esta manera se podr\u00e1 avanzar en el camino hacia una sociedad m\u00e1s justa e igualitaria.<\/p>\n<p>Nota express publicada por <a href=\"https:\/\/mediastarpress.com\/\" target=\"_blank\" rel=\"noopener\">MediaStar | Agencia de Medios<\/a>.<\/p>\n","protected":false},"excerpt":{"rendered":"<p>En los \u00faltimos a\u00f1os, el tema del presupuesto justo y equitativo ha sido un tema de debate en la sociedad y en el gobierno. La idea de que todas las personas tengan acceso a los recursos necesarios para vivir dignamente es una necesidad b\u00e1sica que deber\u00eda ser prioritaria en la agenda pol\u00edtica. El presupuesto justo [&hellip;]<\/p>\n","protected":false},"author":1,"featured_media":3539,"comment_status":"open","ping_status":"open","sticky":false,"template":"","format":"standard","meta":{"inline_featured_image":false,"footnotes":""},"categories":[38],"tags":[],"wf_post_folders":[],"class_list":{"0":"post-4042","1":"post","2":"type-post","3":"status-publish","4":"format-standard","5":"has-post-thumbnail","7":"category-fast-news"},"yoast_head":"<!-- This site is optimized with the Yoast SEO plugin v24.1 - https:\/\/yoast.com\/wordpress\/plugins\/seo\/ -->\n<title>\u00a1Presupuesto justo y equitativo para todos!<\/title>\n<meta name=\"robots\" content=\"index, follow, max-snippet:-1, max-image-preview:large, max-video-preview:-1\" \/>\n<link rel=\"canonical\" href=\"https:\/\/newsmediadirectories.com\/es\/presupuesto-justo-y-equitativo-para-todos-2\/\" \/>\n<meta property=\"og:locale\" content=\"es_ES\" \/>\n<meta property=\"og:type\" content=\"article\" \/>\n<meta property=\"og:title\" content=\"\u00a1Presupuesto justo y equitativo para todos!\" \/>\n<meta property=\"og:description\" content=\"En los \u00faltimos a\u00f1os, el tema del presupuesto justo y equitativo ha sido un tema de debate en la sociedad y en el gobierno. La idea de que todas las personas tengan acceso a los recursos necesarios para vivir dignamente es una necesidad b\u00e1sica que deber\u00eda ser prioritaria en la agenda pol\u00edtica. El presupuesto justo [&hellip;]\" \/>\n<meta property=\"og:url\" content=\"https:\/\/newsmediadirectories.com\/es\/presupuesto-justo-y-equitativo-para-todos-2\/\" \/>\n<meta property=\"og:site_name\" content=\"News Media Directories - Noticias Online\" \/>\n<meta property=\"article:published_time\" content=\"2023-05-20T05:23:40+00:00\" \/>\n<meta property=\"og:image\" content=\"https:\/\/newsmediadirectories.com\/es\/wp-content\/uploads\/2023\/05\/0-235.jpg\" \/>\n\t<meta property=\"og:image:width\" content=\"1100\" \/>\n\t<meta property=\"og:image:height\" content=\"660\" \/>\n\t<meta property=\"og:image:type\" content=\"image\/jpeg\" \/>\n<meta name=\"author\" content=\"Valeria Catillo\" \/>\n<meta name=\"twitter:card\" content=\"summary_large_image\" \/>\n<meta name=\"twitter:label1\" content=\"Escrito por\" \/>\n\t<meta name=\"twitter:data1\" content=\"Valeria Catillo\" \/>\n\t<meta name=\"twitter:label2\" content=\"Tiempo de lectura\" \/>\n\t<meta name=\"twitter:data2\" content=\"2 minutos\" \/>\n<script type=\"application\/ld+json\" class=\"yoast-schema-graph\">{\"@context\":\"https:\/\/schema.org\",\"@graph\":[{\"@type\":\"WebPage\",\"@id\":\"https:\/\/newsmediadirectories.com\/es\/presupuesto-justo-y-equitativo-para-todos-2\/\",\"url\":\"https:\/\/newsmediadirectories.com\/es\/presupuesto-justo-y-equitativo-para-todos-2\/\",\"name\":\"\u00a1Presupuesto justo y equitativo para todos!\",\"isPartOf\":{\"@id\":\"https:\/\/newsmediadirectories.com\/es\/#website\"},\"primaryImageOfPage\":{\"@id\":\"https:\/\/newsmediadirectories.com\/es\/presupuesto-justo-y-equitativo-para-todos-2\/#primaryimage\"},\"image\":{\"@id\":\"https:\/\/newsmediadirectories.com\/es\/presupuesto-justo-y-equitativo-para-todos-2\/#primaryimage\"},\"thumbnailUrl\":\"https:\/\/newsmediadirectories.com\/es\/wp-content\/uploads\/2023\/05\/0-235.jpg\",\"datePublished\":\"2023-05-20T05:23:40+00:00\",\"dateModified\":\"2023-05-20T05:23:40+00:00\",\"author\":{\"@id\":\"https:\/\/newsmediadirectories.com\/es\/#\/schema\/person\/d936c9a5f74cd01c7ff4e2b559363063\"},\"inLanguage\":\"es\",\"potentialAction\":[{\"@type\":\"ReadAction\",\"target\":[\"https:\/\/newsmediadirectories.com\/es\/presupuesto-justo-y-equitativo-para-todos-2\/\"]}]},{\"@type\":\"ImageObject\",\"inLanguage\":\"es\",\"@id\":\"https:\/\/newsmediadirectories.com\/es\/presupuesto-justo-y-equitativo-para-todos-2\/#primaryimage\",\"url\":\"https:\/\/newsmediadirectories.com\/es\/wp-content\/uploads\/2023\/05\/0-235.jpg\",\"contentUrl\":\"https:\/\/newsmediadirectories.com\/es\/wp-content\/uploads\/2023\/05\/0-235.jpg\",\"width\":1100,\"height\":660},{\"@type\":\"WebSite\",\"@id\":\"https:\/\/newsmediadirectories.com\/es\/#website\",\"url\":\"https:\/\/newsmediadirectories.com\/es\/\",\"name\":\"News Media Directories - Noticias Online\",\"description\":\"News Media Directories - Noticias Online\",\"potentialAction\":[{\"@type\":\"SearchAction\",\"target\":{\"@type\":\"EntryPoint\",\"urlTemplate\":\"https:\/\/newsmediadirectories.com\/es\/?s={search_term_string}\"},\"query-input\":{\"@type\":\"PropertyValueSpecification\",\"valueRequired\":true,\"valueName\":\"search_term_string\"}}],\"inLanguage\":\"es\"},{\"@type\":\"Person\",\"@id\":\"https:\/\/newsmediadirectories.com\/es\/#\/schema\/person\/d936c9a5f74cd01c7ff4e2b559363063\",\"name\":\"Valeria Catillo\",\"image\":{\"@type\":\"ImageObject\",\"inLanguage\":\"es\",\"@id\":\"https:\/\/newsmediadirectories.com\/es\/#\/schema\/person\/image\/\",\"url\":\"https:\/\/secure.gravatar.com\/avatar\/1b6716d8318da7cd8a049a1c7b480328?s=96&d=mm&r=g\",\"contentUrl\":\"https:\/\/secure.gravatar.com\/avatar\/1b6716d8318da7cd8a049a1c7b480328?s=96&d=mm&r=g\",\"caption\":\"Valeria Catillo\"},\"sameAs\":[\"https:\/\/newsmediadirectories.com\/es\"]}]}<\/script>\n<!-- \/ Yoast SEO plugin. -->","yoast_head_json":{"title":"\u00a1Presupuesto justo y equitativo para todos!","robots":{"index":"index","follow":"follow","max-snippet":"max-snippet:-1","max-image-preview":"max-image-preview:large","max-video-preview":"max-video-preview:-1"},"canonical":"https:\/\/newsmediadirectories.com\/es\/presupuesto-justo-y-equitativo-para-todos-2\/","og_locale":"es_ES","og_type":"article","og_title":"\u00a1Presupuesto justo y equitativo para todos!","og_description":"En los \u00faltimos a\u00f1os, el tema del presupuesto justo y equitativo ha sido un tema de debate en la sociedad y en el gobierno. La idea de que todas las personas tengan acceso a los recursos necesarios para vivir dignamente es una necesidad b\u00e1sica que deber\u00eda ser prioritaria en la agenda pol\u00edtica. El presupuesto justo [&hellip;]","og_url":"https:\/\/newsmediadirectories.com\/es\/presupuesto-justo-y-equitativo-para-todos-2\/","og_site_name":"News Media Directories - Noticias Online","article_published_time":"2023-05-20T05:23:40+00:00","og_image":[{"width":1100,"height":660,"url":"https:\/\/newsmediadirectories.com\/es\/wp-content\/uploads\/2023\/05\/0-235.jpg","type":"image\/jpeg"}],"author":"Valeria Catillo","twitter_card":"summary_large_image","twitter_misc":{"Escrito por":"Valeria Catillo","Tiempo de lectura":"2 minutos"},"schema":{"@context":"https:\/\/schema.org","@graph":[{"@type":"WebPage","@id":"https:\/\/newsmediadirectories.com\/es\/presupuesto-justo-y-equitativo-para-todos-2\/","url":"https:\/\/newsmediadirectories.com\/es\/presupuesto-justo-y-equitativo-para-todos-2\/","name":"\u00a1Presupuesto justo y equitativo para todos!","isPartOf":{"@id":"https:\/\/newsmediadirectories.com\/es\/#website"},"primaryImageOfPage":{"@id":"https:\/\/newsmediadirectories.com\/es\/presupuesto-justo-y-equitativo-para-todos-2\/#primaryimage"},"image":{"@id":"https:\/\/newsmediadirectories.com\/es\/presupuesto-justo-y-equitativo-para-todos-2\/#primaryimage"},"thumbnailUrl":"https:\/\/newsmediadirectories.com\/es\/wp-content\/uploads\/2023\/05\/0-235.jpg","datePublished":"2023-05-20T05:23:40+00:00","dateModified":"2023-05-20T05:23:40+00:00","author":{"@id":"https:\/\/newsmediadirectories.com\/es\/#\/schema\/person\/d936c9a5f74cd01c7ff4e2b559363063"},"inLanguage":"es","potentialAction":[{"@type":"ReadAction","target":["https:\/\/newsmediadirectories.com\/es\/presupuesto-justo-y-equitativo-para-todos-2\/"]}]},{"@type":"ImageObject","inLanguage":"es","@id":"https:\/\/newsmediadirectories.com\/es\/presupuesto-justo-y-equitativo-para-todos-2\/#primaryimage","url":"https:\/\/newsmediadirectories.com\/es\/wp-content\/uploads\/2023\/05\/0-235.jpg","contentUrl":"https:\/\/newsmediadirectories.com\/es\/wp-content\/uploads\/2023\/05\/0-235.jpg","width":1100,"height":660},{"@type":"WebSite","@id":"https:\/\/newsmediadirectories.com\/es\/#website","url":"https:\/\/newsmediadirectories.com\/es\/","name":"News Media Directories - Noticias Online","description":"News Media Directories - Noticias Online","potentialAction":[{"@type":"SearchAction","target":{"@type":"EntryPoint","urlTemplate":"https:\/\/newsmediadirectories.com\/es\/?s={search_term_string}"},"query-input":{"@type":"PropertyValueSpecification","valueRequired":true,"valueName":"search_term_string"}}],"inLanguage":"es"},{"@type":"Person","@id":"https:\/\/newsmediadirectories.com\/es\/#\/schema\/person\/d936c9a5f74cd01c7ff4e2b559363063","name":"Valeria Catillo","image":{"@type":"ImageObject","inLanguage":"es","@id":"https:\/\/newsmediadirectories.com\/es\/#\/schema\/person\/image\/","url":"https:\/\/secure.gravatar.com\/avatar\/1b6716d8318da7cd8a049a1c7b480328?s=96&d=mm&r=g","contentUrl":"https:\/\/secure.gravatar.com\/avatar\/1b6716d8318da7cd8a049a1c7b480328?s=96&d=mm&r=g","caption":"Valeria Catillo"},"sameAs":["https:\/\/newsmediadirectories.com\/es"]}]}},"_links":{"self":[{"href":"https:\/\/newsmediadirectories.com\/es\/wp-json\/wp\/v2\/posts\/4042"}],"collection":[{"href":"https:\/\/newsmediadirectories.com\/es\/wp-json\/wp\/v2\/posts"}],"about":[{"href":"https:\/\/newsmediadirectories.com\/es\/wp-json\/wp\/v2\/types\/post"}],"author":[{"embeddable":true,"href":"https:\/\/newsmediadirectories.com\/es\/wp-json\/wp\/v2\/users\/1"}],"replies":[{"embeddable":true,"href":"https:\/\/newsmediadirectories.com\/es\/wp-json\/wp\/v2\/comments?post=4042"}],"version-history":[{"count":0,"href":"https:\/\/newsmediadirectories.com\/es\/wp-json\/wp\/v2\/posts\/4042\/revisions"}],"wp:featuredmedia":[{"embeddable":true,"href":"https:\/\/newsmediadirectories.com\/es\/wp-json\/wp\/v2\/media\/3539"}],"wp:attachment":[{"href":"https:\/\/newsmediadirectories.com\/es\/wp-json\/wp\/v2\/media?parent=4042"}],"wp:term":[{"taxonomy":"category","embeddable":true,"href":"https:\/\/newsmediadirectories.com\/es\/wp-json\/wp\/v2\/categories?post=4042"},{"taxonomy":"post_tag","embeddable":true,"href":"https:\/\/newsmediadirectories.com\/es\/wp-json\/wp\/v2\/tags?post=4042"},{"taxonomy":"wf_post_folders","embeddable":true,"href":"https:\/\/newsmediadirectories.com\/es\/wp-json\/wp\/v2\/wf_post_folders?post=4042"}],"curies":[{"name":"wp","href":"https:\/\/api.w.org\/{rel}","templated":true}]}}