{"id":3952,"date":"2023-05-20T05:23:33","date_gmt":"2023-05-20T05:23:33","guid":{"rendered":"https:\/\/newsmediadirectories.com\/es\/el-proteccionismo-beneficiario-o-danino-para-la-economia-global\/"},"modified":"2023-05-20T05:23:33","modified_gmt":"2023-05-20T05:23:33","slug":"el-proteccionismo-beneficiario-o-danino-para-la-economia-global","status":"publish","type":"post","link":"https:\/\/newsmediadirectories.com\/es\/el-proteccionismo-beneficiario-o-danino-para-la-economia-global\/","title":{"rendered":"El proteccionismo: \u00bfbeneficiario o da\u00f1ino para la econom\u00eda global?"},"content":{"rendered":"<p>El proteccionismo es un tema que ha sido objeto de gran controversia en los \u00faltimos a\u00f1os, especialmente en el contexto de la econom\u00eda global. Para algunos, el proteccionismo representa una herramienta necesaria para salvaguardar los intereses nacionales y proteger las industrias nacionales de la competencia extranjera. Para otros, el proteccionismo es perjudicial para la econom\u00eda global, ya que limita el comercio internacional y socava la eficiencia y la productividad de los mercados globales.<\/p>\n<p>En una econom\u00eda global interconectada, el proteccionismo puede ser beneficioso para las industrias nacionales al brindar un ambiente m\u00e1s seguro para la competencia. Por ejemplo, el establecimiento de barreras comerciales puede proteger a las empresas nacionales de la competencia desleal y del dumping de productos extranjeros a precios extremadamente bajos.<\/p>\n<p>No obstante, los defensores del libre comercio retractan la postura del proteccionismo argumentando que \u00e9ste limita la capacidad de las industrias para competir globalmente, limitando el acceso a los mejores recursos y tecnolog\u00edas disponibles. Tambi\u00e9n se\u00f1alan que el establecimiento de barreras comerciales y la implementaci\u00f3n de pol\u00edticas proteccionistas pueden desatar una guerra comercial en la que todos pierden. Esta idea ha sido reforzada a trav\u00e9s de los conflictos comerciales entre Estados Unidos y China que, a pesar de las conversaciones, parecen seguir en una espiral de conflictos impuestos por barreras comerciales.<\/p>\n<p>El proteccionismo tambi\u00e9n puede aumentar los precios de los productos nacionales debido a la falta de competencia exterior. Esto puede llevar a una disminuci\u00f3n en la demanda nacional, una p\u00e9rdida de empleos y un menor crecimiento econ\u00f3mico.<\/p>\n<p>Es evidente que el debate sobre el proteccionismo est\u00e1 lejos de resolverse. Mientras algunos defienden la aplicaci\u00f3n de barreras comerciales para proteger las industrias nacionales, otros argumentan que estas medidas son perjudiciales para la econom\u00eda global. Al final del d\u00eda, es importante recordar que el comercio internacional es importante, y su regulaci\u00f3n debe ser cuidadosa para equilibrar los intereses de todas las partes.<\/p>\n<p>Nota express publicada por <a href=\"https:\/\/mediastarpress.com\/\" target=\"_blank\" rel=\"noopener\">MediaStar | Agencia de Medios<\/a>.<\/p>\n","protected":false},"excerpt":{"rendered":"<p>El proteccionismo es un tema que ha sido objeto de gran controversia en los \u00faltimos a\u00f1os, especialmente en el contexto de la econom\u00eda global. Para algunos, el proteccionismo representa una herramienta necesaria para salvaguardar los intereses nacionales y proteger las industrias nacionales de la competencia extranjera. Para otros, el proteccionismo es perjudicial para la econom\u00eda [&hellip;]<\/p>\n","protected":false},"author":1,"featured_media":3933,"comment_status":"open","ping_status":"open","sticky":false,"template":"","format":"standard","meta":{"inline_featured_image":false,"footnotes":""},"categories":[38],"tags":[],"wf_post_folders":[],"class_list":{"0":"post-3952","1":"post","2":"type-post","3":"status-publish","4":"format-standard","5":"has-post-thumbnail","7":"category-fast-news"},"yoast_head":"<!-- This site is optimized with the Yoast SEO plugin v24.1 - https:\/\/yoast.com\/wordpress\/plugins\/seo\/ -->\n<title>El proteccionismo: \u00bfbeneficiario o da\u00f1ino para la econom\u00eda global?<\/title>\n<meta name=\"robots\" content=\"index, follow, max-snippet:-1, max-image-preview:large, max-video-preview:-1\" \/>\n<link rel=\"canonical\" href=\"https:\/\/newsmediadirectories.com\/es\/el-proteccionismo-beneficiario-o-danino-para-la-economia-global\/\" \/>\n<meta property=\"og:locale\" content=\"es_ES\" \/>\n<meta property=\"og:type\" content=\"article\" \/>\n<meta property=\"og:title\" content=\"El proteccionismo: \u00bfbeneficiario o da\u00f1ino para la econom\u00eda global?\" \/>\n<meta property=\"og:description\" content=\"El proteccionismo es un tema que ha sido objeto de gran controversia en los \u00faltimos a\u00f1os, especialmente en el contexto de la econom\u00eda global. Para algunos, el proteccionismo representa una herramienta necesaria para salvaguardar los intereses nacionales y proteger las industrias nacionales de la competencia extranjera. Para otros, el proteccionismo es perjudicial para la econom\u00eda [&hellip;]\" \/>\n<meta property=\"og:url\" content=\"https:\/\/newsmediadirectories.com\/es\/el-proteccionismo-beneficiario-o-danino-para-la-economia-global\/\" \/>\n<meta property=\"og:site_name\" content=\"News Media Directories - Noticias Online\" \/>\n<meta property=\"article:published_time\" content=\"2023-05-20T05:23:33+00:00\" \/>\n<meta property=\"og:image\" content=\"https:\/\/newsmediadirectories.com\/es\/wp-content\/uploads\/2023\/05\/0-331.jpg\" \/>\n\t<meta property=\"og:image:width\" content=\"1100\" \/>\n\t<meta property=\"og:image:height\" content=\"619\" \/>\n\t<meta property=\"og:image:type\" content=\"image\/jpeg\" \/>\n<meta name=\"author\" content=\"Valeria Catillo\" \/>\n<meta name=\"twitter:card\" content=\"summary_large_image\" \/>\n<meta name=\"twitter:label1\" content=\"Escrito por\" \/>\n\t<meta name=\"twitter:data1\" content=\"Valeria Catillo\" \/>\n\t<meta name=\"twitter:label2\" content=\"Tiempo de lectura\" \/>\n\t<meta name=\"twitter:data2\" content=\"2 minutos\" \/>\n<script type=\"application\/ld+json\" class=\"yoast-schema-graph\">{\"@context\":\"https:\/\/schema.org\",\"@graph\":[{\"@type\":\"WebPage\",\"@id\":\"https:\/\/newsmediadirectories.com\/es\/el-proteccionismo-beneficiario-o-danino-para-la-economia-global\/\",\"url\":\"https:\/\/newsmediadirectories.com\/es\/el-proteccionismo-beneficiario-o-danino-para-la-economia-global\/\",\"name\":\"El proteccionismo: \u00bfbeneficiario o da\u00f1ino para la econom\u00eda global?\",\"isPartOf\":{\"@id\":\"https:\/\/newsmediadirectories.com\/es\/#website\"},\"primaryImageOfPage\":{\"@id\":\"https:\/\/newsmediadirectories.com\/es\/el-proteccionismo-beneficiario-o-danino-para-la-economia-global\/#primaryimage\"},\"image\":{\"@id\":\"https:\/\/newsmediadirectories.com\/es\/el-proteccionismo-beneficiario-o-danino-para-la-economia-global\/#primaryimage\"},\"thumbnailUrl\":\"https:\/\/newsmediadirectories.com\/es\/wp-content\/uploads\/2023\/05\/0-331.jpg\",\"datePublished\":\"2023-05-20T05:23:33+00:00\",\"dateModified\":\"2023-05-20T05:23:33+00:00\",\"author\":{\"@id\":\"https:\/\/newsmediadirectories.com\/es\/#\/schema\/person\/d936c9a5f74cd01c7ff4e2b559363063\"},\"inLanguage\":\"es\",\"potentialAction\":[{\"@type\":\"ReadAction\",\"target\":[\"https:\/\/newsmediadirectories.com\/es\/el-proteccionismo-beneficiario-o-danino-para-la-economia-global\/\"]}]},{\"@type\":\"ImageObject\",\"inLanguage\":\"es\",\"@id\":\"https:\/\/newsmediadirectories.com\/es\/el-proteccionismo-beneficiario-o-danino-para-la-economia-global\/#primaryimage\",\"url\":\"https:\/\/newsmediadirectories.com\/es\/wp-content\/uploads\/2023\/05\/0-331.jpg\",\"contentUrl\":\"https:\/\/newsmediadirectories.com\/es\/wp-content\/uploads\/2023\/05\/0-331.jpg\",\"width\":1100,\"height\":619},{\"@type\":\"WebSite\",\"@id\":\"https:\/\/newsmediadirectories.com\/es\/#website\",\"url\":\"https:\/\/newsmediadirectories.com\/es\/\",\"name\":\"News Media Directories - Noticias Online\",\"description\":\"News Media Directories - Noticias Online\",\"potentialAction\":[{\"@type\":\"SearchAction\",\"target\":{\"@type\":\"EntryPoint\",\"urlTemplate\":\"https:\/\/newsmediadirectories.com\/es\/?s={search_term_string}\"},\"query-input\":{\"@type\":\"PropertyValueSpecification\",\"valueRequired\":true,\"valueName\":\"search_term_string\"}}],\"inLanguage\":\"es\"},{\"@type\":\"Person\",\"@id\":\"https:\/\/newsmediadirectories.com\/es\/#\/schema\/person\/d936c9a5f74cd01c7ff4e2b559363063\",\"name\":\"Valeria Catillo\",\"image\":{\"@type\":\"ImageObject\",\"inLanguage\":\"es\",\"@id\":\"https:\/\/newsmediadirectories.com\/es\/#\/schema\/person\/image\/\",\"url\":\"https:\/\/secure.gravatar.com\/avatar\/1b6716d8318da7cd8a049a1c7b480328?s=96&d=mm&r=g\",\"contentUrl\":\"https:\/\/secure.gravatar.com\/avatar\/1b6716d8318da7cd8a049a1c7b480328?s=96&d=mm&r=g\",\"caption\":\"Valeria Catillo\"},\"sameAs\":[\"https:\/\/newsmediadirectories.com\/es\"]}]}<\/script>\n<!-- \/ Yoast SEO plugin. -->","yoast_head_json":{"title":"El proteccionismo: \u00bfbeneficiario o da\u00f1ino para la econom\u00eda global?","robots":{"index":"index","follow":"follow","max-snippet":"max-snippet:-1","max-image-preview":"max-image-preview:large","max-video-preview":"max-video-preview:-1"},"canonical":"https:\/\/newsmediadirectories.com\/es\/el-proteccionismo-beneficiario-o-danino-para-la-economia-global\/","og_locale":"es_ES","og_type":"article","og_title":"El proteccionismo: \u00bfbeneficiario o da\u00f1ino para la econom\u00eda global?","og_description":"El proteccionismo es un tema que ha sido objeto de gran controversia en los \u00faltimos a\u00f1os, especialmente en el contexto de la econom\u00eda global. Para algunos, el proteccionismo representa una herramienta necesaria para salvaguardar los intereses nacionales y proteger las industrias nacionales de la competencia extranjera. Para otros, el proteccionismo es perjudicial para la econom\u00eda [&hellip;]","og_url":"https:\/\/newsmediadirectories.com\/es\/el-proteccionismo-beneficiario-o-danino-para-la-economia-global\/","og_site_name":"News Media Directories - Noticias Online","article_published_time":"2023-05-20T05:23:33+00:00","og_image":[{"width":1100,"height":619,"url":"https:\/\/newsmediadirectories.com\/es\/wp-content\/uploads\/2023\/05\/0-331.jpg","type":"image\/jpeg"}],"author":"Valeria Catillo","twitter_card":"summary_large_image","twitter_misc":{"Escrito por":"Valeria Catillo","Tiempo de lectura":"2 minutos"},"schema":{"@context":"https:\/\/schema.org","@graph":[{"@type":"WebPage","@id":"https:\/\/newsmediadirectories.com\/es\/el-proteccionismo-beneficiario-o-danino-para-la-economia-global\/","url":"https:\/\/newsmediadirectories.com\/es\/el-proteccionismo-beneficiario-o-danino-para-la-economia-global\/","name":"El proteccionismo: \u00bfbeneficiario o da\u00f1ino para la econom\u00eda global?","isPartOf":{"@id":"https:\/\/newsmediadirectories.com\/es\/#website"},"primaryImageOfPage":{"@id":"https:\/\/newsmediadirectories.com\/es\/el-proteccionismo-beneficiario-o-danino-para-la-economia-global\/#primaryimage"},"image":{"@id":"https:\/\/newsmediadirectories.com\/es\/el-proteccionismo-beneficiario-o-danino-para-la-economia-global\/#primaryimage"},"thumbnailUrl":"https:\/\/newsmediadirectories.com\/es\/wp-content\/uploads\/2023\/05\/0-331.jpg","datePublished":"2023-05-20T05:23:33+00:00","dateModified":"2023-05-20T05:23:33+00:00","author":{"@id":"https:\/\/newsmediadirectories.com\/es\/#\/schema\/person\/d936c9a5f74cd01c7ff4e2b559363063"},"inLanguage":"es","potentialAction":[{"@type":"ReadAction","target":["https:\/\/newsmediadirectories.com\/es\/el-proteccionismo-beneficiario-o-danino-para-la-economia-global\/"]}]},{"@type":"ImageObject","inLanguage":"es","@id":"https:\/\/newsmediadirectories.com\/es\/el-proteccionismo-beneficiario-o-danino-para-la-economia-global\/#primaryimage","url":"https:\/\/newsmediadirectories.com\/es\/wp-content\/uploads\/2023\/05\/0-331.jpg","contentUrl":"https:\/\/newsmediadirectories.com\/es\/wp-content\/uploads\/2023\/05\/0-331.jpg","width":1100,"height":619},{"@type":"WebSite","@id":"https:\/\/newsmediadirectories.com\/es\/#website","url":"https:\/\/newsmediadirectories.com\/es\/","name":"News Media Directories - Noticias Online","description":"News Media Directories - Noticias Online","potentialAction":[{"@type":"SearchAction","target":{"@type":"EntryPoint","urlTemplate":"https:\/\/newsmediadirectories.com\/es\/?s={search_term_string}"},"query-input":{"@type":"PropertyValueSpecification","valueRequired":true,"valueName":"search_term_string"}}],"inLanguage":"es"},{"@type":"Person","@id":"https:\/\/newsmediadirectories.com\/es\/#\/schema\/person\/d936c9a5f74cd01c7ff4e2b559363063","name":"Valeria Catillo","image":{"@type":"ImageObject","inLanguage":"es","@id":"https:\/\/newsmediadirectories.com\/es\/#\/schema\/person\/image\/","url":"https:\/\/secure.gravatar.com\/avatar\/1b6716d8318da7cd8a049a1c7b480328?s=96&d=mm&r=g","contentUrl":"https:\/\/secure.gravatar.com\/avatar\/1b6716d8318da7cd8a049a1c7b480328?s=96&d=mm&r=g","caption":"Valeria Catillo"},"sameAs":["https:\/\/newsmediadirectories.com\/es"]}]}},"_links":{"self":[{"href":"https:\/\/newsmediadirectories.com\/es\/wp-json\/wp\/v2\/posts\/3952"}],"collection":[{"href":"https:\/\/newsmediadirectories.com\/es\/wp-json\/wp\/v2\/posts"}],"about":[{"href":"https:\/\/newsmediadirectories.com\/es\/wp-json\/wp\/v2\/types\/post"}],"author":[{"embeddable":true,"href":"https:\/\/newsmediadirectories.com\/es\/wp-json\/wp\/v2\/users\/1"}],"replies":[{"embeddable":true,"href":"https:\/\/newsmediadirectories.com\/es\/wp-json\/wp\/v2\/comments?post=3952"}],"version-history":[{"count":0,"href":"https:\/\/newsmediadirectories.com\/es\/wp-json\/wp\/v2\/posts\/3952\/revisions"}],"wp:featuredmedia":[{"embeddable":true,"href":"https:\/\/newsmediadirectories.com\/es\/wp-json\/wp\/v2\/media\/3933"}],"wp:attachment":[{"href":"https:\/\/newsmediadirectories.com\/es\/wp-json\/wp\/v2\/media?parent=3952"}],"wp:term":[{"taxonomy":"category","embeddable":true,"href":"https:\/\/newsmediadirectories.com\/es\/wp-json\/wp\/v2\/categories?post=3952"},{"taxonomy":"post_tag","embeddable":true,"href":"https:\/\/newsmediadirectories.com\/es\/wp-json\/wp\/v2\/tags?post=3952"},{"taxonomy":"wf_post_folders","embeddable":true,"href":"https:\/\/newsmediadirectories.com\/es\/wp-json\/wp\/v2\/wf_post_folders?post=3952"}],"curies":[{"name":"wp","href":"https:\/\/api.w.org\/{rel}","templated":true}]}}