{"id":3950,"date":"2023-05-20T05:23:33","date_gmt":"2023-05-20T05:23:33","guid":{"rendered":"https:\/\/newsmediadirectories.com\/es\/aumenta-el-superavit-fiscal-a-nivel-mundial-2\/"},"modified":"2023-05-20T05:23:33","modified_gmt":"2023-05-20T05:23:33","slug":"aumenta-el-superavit-fiscal-a-nivel-mundial-2","status":"publish","type":"post","link":"https:\/\/newsmediadirectories.com\/es\/aumenta-el-superavit-fiscal-a-nivel-mundial-2\/","title":{"rendered":"Aumenta el super\u00e1vit fiscal a nivel mundial"},"content":{"rendered":"<p>En los \u00faltimos a\u00f1os, el super\u00e1vit fiscal a nivel mundial ha aumentado significativamente. Seg\u00fan los datos recogidos por el Fondo Monetario Internacional, el super\u00e1vit fiscal promedio de los pa\u00edses miembros del G-20 se ha situado en torno al 3,5% del PIB, llegando incluso a superar el 5% en algunos pa\u00edses como Arabia Saudita o Rusia.<\/p>\n<p>Este aumento del super\u00e1vit fiscal ha sido resultado de la recuperaci\u00f3n econ\u00f3mica mundial tras la crisis financiera de 2008. La mejora del empleo, el aumento de la inversi\u00f3n y el crecimiento del comercio internacional han permitido un incremento en los ingresos fiscales de los gobiernos alrededor del mundo, al mismo tiempo que se han mantenido bajo control los gastos p\u00fablicos.<\/p>\n<p>Sin embargo, cabe se\u00f1alar que el super\u00e1vit fiscal no es indiferente al debate econ\u00f3mico actual. Mientras algunos expertos ven en el aumento del super\u00e1vit fiscal una se\u00f1al de fortaleza econ\u00f3mica y fiscal, otros argumentan que este exceso de ingresos puede frenar la inversi\u00f3n y la innovaci\u00f3n, o incluso impulsar pol\u00edticas proteccionistas en algunos pa\u00edses.<\/p>\n<p>En este sentido, existe una importante debate entre los economistas acerca de cu\u00e1l debe ser el uso dado a los fondos generados por el super\u00e1vit fiscal. Mientras algunos apuntan a que deben ser destinados a reducir la deuda p\u00fablica, otros afirman que deben ser utilizados para invertir en proyectos sociales o para financiar iniciativas que fomenten el crecimiento econ\u00f3mico a largo plazo.<\/p>\n<p>En cualquier caso, lo que parece claro es que el aumento del super\u00e1vit fiscal a nivel mundial es un s\u00edntoma de la recuperaci\u00f3n econ\u00f3mica actual, pero que su impacto a largo plazo depender\u00e1 principalmente de la manera en que los gobiernos decidan utilizarlo para fomentar el desarrollo econ\u00f3mico y social.<\/p>\n<p>Nota express publicada por <a href=\"https:\/\/mediastarpress.com\/\" target=\"_blank\" rel=\"noopener\">MediaStar | Agencia de Medios<\/a>.<\/p>\n","protected":false},"excerpt":{"rendered":"<p>En los \u00faltimos a\u00f1os, el super\u00e1vit fiscal a nivel mundial ha aumentado significativamente. Seg\u00fan los datos recogidos por el Fondo Monetario Internacional, el super\u00e1vit fiscal promedio de los pa\u00edses miembros del G-20 se ha situado en torno al 3,5% del PIB, llegando incluso a superar el 5% en algunos pa\u00edses como Arabia Saudita o Rusia. [&hellip;]<\/p>\n","protected":false},"author":1,"featured_media":3595,"comment_status":"open","ping_status":"open","sticky":false,"template":"","format":"standard","meta":{"inline_featured_image":false,"footnotes":""},"categories":[38],"tags":[],"wf_post_folders":[],"class_list":{"0":"post-3950","1":"post","2":"type-post","3":"status-publish","4":"format-standard","5":"has-post-thumbnail","7":"category-fast-news"},"yoast_head":"<!-- This site is optimized with the Yoast SEO plugin v24.1 - https:\/\/yoast.com\/wordpress\/plugins\/seo\/ -->\n<title>Aumenta el super\u00e1vit fiscal a nivel mundial<\/title>\n<meta name=\"robots\" content=\"index, follow, max-snippet:-1, max-image-preview:large, max-video-preview:-1\" \/>\n<link rel=\"canonical\" href=\"https:\/\/newsmediadirectories.com\/es\/aumenta-el-superavit-fiscal-a-nivel-mundial-2\/\" \/>\n<meta property=\"og:locale\" content=\"es_ES\" \/>\n<meta property=\"og:type\" content=\"article\" \/>\n<meta property=\"og:title\" content=\"Aumenta el super\u00e1vit fiscal a nivel mundial\" \/>\n<meta property=\"og:description\" content=\"En los \u00faltimos a\u00f1os, el super\u00e1vit fiscal a nivel mundial ha aumentado significativamente. Seg\u00fan los datos recogidos por el Fondo Monetario Internacional, el super\u00e1vit fiscal promedio de los pa\u00edses miembros del G-20 se ha situado en torno al 3,5% del PIB, llegando incluso a superar el 5% en algunos pa\u00edses como Arabia Saudita o Rusia. [&hellip;]\" \/>\n<meta property=\"og:url\" content=\"https:\/\/newsmediadirectories.com\/es\/aumenta-el-superavit-fiscal-a-nivel-mundial-2\/\" \/>\n<meta property=\"og:site_name\" content=\"News Media Directories - Noticias Online\" \/>\n<meta property=\"article:published_time\" content=\"2023-05-20T05:23:33+00:00\" \/>\n<meta property=\"og:image\" content=\"https:\/\/newsmediadirectories.com\/es\/wp-content\/uploads\/2023\/05\/0-35.jpg\" \/>\n\t<meta property=\"og:image:width\" content=\"1100\" \/>\n\t<meta property=\"og:image:height\" content=\"619\" \/>\n\t<meta property=\"og:image:type\" content=\"image\/jpeg\" \/>\n<meta name=\"author\" content=\"Valeria Catillo\" \/>\n<meta name=\"twitter:card\" content=\"summary_large_image\" \/>\n<meta name=\"twitter:label1\" content=\"Escrito por\" \/>\n\t<meta name=\"twitter:data1\" content=\"Valeria Catillo\" \/>\n\t<meta name=\"twitter:label2\" content=\"Tiempo de lectura\" \/>\n\t<meta name=\"twitter:data2\" content=\"2 minutos\" \/>\n<script type=\"application\/ld+json\" class=\"yoast-schema-graph\">{\"@context\":\"https:\/\/schema.org\",\"@graph\":[{\"@type\":\"WebPage\",\"@id\":\"https:\/\/newsmediadirectories.com\/es\/aumenta-el-superavit-fiscal-a-nivel-mundial-2\/\",\"url\":\"https:\/\/newsmediadirectories.com\/es\/aumenta-el-superavit-fiscal-a-nivel-mundial-2\/\",\"name\":\"Aumenta el super\u00e1vit fiscal a nivel mundial\",\"isPartOf\":{\"@id\":\"https:\/\/newsmediadirectories.com\/es\/#website\"},\"primaryImageOfPage\":{\"@id\":\"https:\/\/newsmediadirectories.com\/es\/aumenta-el-superavit-fiscal-a-nivel-mundial-2\/#primaryimage\"},\"image\":{\"@id\":\"https:\/\/newsmediadirectories.com\/es\/aumenta-el-superavit-fiscal-a-nivel-mundial-2\/#primaryimage\"},\"thumbnailUrl\":\"https:\/\/newsmediadirectories.com\/es\/wp-content\/uploads\/2023\/05\/0-35.jpg\",\"datePublished\":\"2023-05-20T05:23:33+00:00\",\"dateModified\":\"2023-05-20T05:23:33+00:00\",\"author\":{\"@id\":\"https:\/\/newsmediadirectories.com\/es\/#\/schema\/person\/d936c9a5f74cd01c7ff4e2b559363063\"},\"inLanguage\":\"es\",\"potentialAction\":[{\"@type\":\"ReadAction\",\"target\":[\"https:\/\/newsmediadirectories.com\/es\/aumenta-el-superavit-fiscal-a-nivel-mundial-2\/\"]}]},{\"@type\":\"ImageObject\",\"inLanguage\":\"es\",\"@id\":\"https:\/\/newsmediadirectories.com\/es\/aumenta-el-superavit-fiscal-a-nivel-mundial-2\/#primaryimage\",\"url\":\"https:\/\/newsmediadirectories.com\/es\/wp-content\/uploads\/2023\/05\/0-35.jpg\",\"contentUrl\":\"https:\/\/newsmediadirectories.com\/es\/wp-content\/uploads\/2023\/05\/0-35.jpg\",\"width\":1100,\"height\":619},{\"@type\":\"WebSite\",\"@id\":\"https:\/\/newsmediadirectories.com\/es\/#website\",\"url\":\"https:\/\/newsmediadirectories.com\/es\/\",\"name\":\"News Media Directories - Noticias Online\",\"description\":\"News Media Directories - Noticias Online\",\"potentialAction\":[{\"@type\":\"SearchAction\",\"target\":{\"@type\":\"EntryPoint\",\"urlTemplate\":\"https:\/\/newsmediadirectories.com\/es\/?s={search_term_string}\"},\"query-input\":{\"@type\":\"PropertyValueSpecification\",\"valueRequired\":true,\"valueName\":\"search_term_string\"}}],\"inLanguage\":\"es\"},{\"@type\":\"Person\",\"@id\":\"https:\/\/newsmediadirectories.com\/es\/#\/schema\/person\/d936c9a5f74cd01c7ff4e2b559363063\",\"name\":\"Valeria Catillo\",\"image\":{\"@type\":\"ImageObject\",\"inLanguage\":\"es\",\"@id\":\"https:\/\/newsmediadirectories.com\/es\/#\/schema\/person\/image\/\",\"url\":\"https:\/\/secure.gravatar.com\/avatar\/1b6716d8318da7cd8a049a1c7b480328?s=96&d=mm&r=g\",\"contentUrl\":\"https:\/\/secure.gravatar.com\/avatar\/1b6716d8318da7cd8a049a1c7b480328?s=96&d=mm&r=g\",\"caption\":\"Valeria Catillo\"},\"sameAs\":[\"https:\/\/newsmediadirectories.com\/es\"]}]}<\/script>\n<!-- \/ Yoast SEO plugin. -->","yoast_head_json":{"title":"Aumenta el super\u00e1vit fiscal a nivel mundial","robots":{"index":"index","follow":"follow","max-snippet":"max-snippet:-1","max-image-preview":"max-image-preview:large","max-video-preview":"max-video-preview:-1"},"canonical":"https:\/\/newsmediadirectories.com\/es\/aumenta-el-superavit-fiscal-a-nivel-mundial-2\/","og_locale":"es_ES","og_type":"article","og_title":"Aumenta el super\u00e1vit fiscal a nivel mundial","og_description":"En los \u00faltimos a\u00f1os, el super\u00e1vit fiscal a nivel mundial ha aumentado significativamente. Seg\u00fan los datos recogidos por el Fondo Monetario Internacional, el super\u00e1vit fiscal promedio de los pa\u00edses miembros del G-20 se ha situado en torno al 3,5% del PIB, llegando incluso a superar el 5% en algunos pa\u00edses como Arabia Saudita o Rusia. [&hellip;]","og_url":"https:\/\/newsmediadirectories.com\/es\/aumenta-el-superavit-fiscal-a-nivel-mundial-2\/","og_site_name":"News Media Directories - Noticias Online","article_published_time":"2023-05-20T05:23:33+00:00","og_image":[{"width":1100,"height":619,"url":"https:\/\/newsmediadirectories.com\/es\/wp-content\/uploads\/2023\/05\/0-35.jpg","type":"image\/jpeg"}],"author":"Valeria Catillo","twitter_card":"summary_large_image","twitter_misc":{"Escrito por":"Valeria Catillo","Tiempo de lectura":"2 minutos"},"schema":{"@context":"https:\/\/schema.org","@graph":[{"@type":"WebPage","@id":"https:\/\/newsmediadirectories.com\/es\/aumenta-el-superavit-fiscal-a-nivel-mundial-2\/","url":"https:\/\/newsmediadirectories.com\/es\/aumenta-el-superavit-fiscal-a-nivel-mundial-2\/","name":"Aumenta el super\u00e1vit fiscal a nivel mundial","isPartOf":{"@id":"https:\/\/newsmediadirectories.com\/es\/#website"},"primaryImageOfPage":{"@id":"https:\/\/newsmediadirectories.com\/es\/aumenta-el-superavit-fiscal-a-nivel-mundial-2\/#primaryimage"},"image":{"@id":"https:\/\/newsmediadirectories.com\/es\/aumenta-el-superavit-fiscal-a-nivel-mundial-2\/#primaryimage"},"thumbnailUrl":"https:\/\/newsmediadirectories.com\/es\/wp-content\/uploads\/2023\/05\/0-35.jpg","datePublished":"2023-05-20T05:23:33+00:00","dateModified":"2023-05-20T05:23:33+00:00","author":{"@id":"https:\/\/newsmediadirectories.com\/es\/#\/schema\/person\/d936c9a5f74cd01c7ff4e2b559363063"},"inLanguage":"es","potentialAction":[{"@type":"ReadAction","target":["https:\/\/newsmediadirectories.com\/es\/aumenta-el-superavit-fiscal-a-nivel-mundial-2\/"]}]},{"@type":"ImageObject","inLanguage":"es","@id":"https:\/\/newsmediadirectories.com\/es\/aumenta-el-superavit-fiscal-a-nivel-mundial-2\/#primaryimage","url":"https:\/\/newsmediadirectories.com\/es\/wp-content\/uploads\/2023\/05\/0-35.jpg","contentUrl":"https:\/\/newsmediadirectories.com\/es\/wp-content\/uploads\/2023\/05\/0-35.jpg","width":1100,"height":619},{"@type":"WebSite","@id":"https:\/\/newsmediadirectories.com\/es\/#website","url":"https:\/\/newsmediadirectories.com\/es\/","name":"News Media Directories - Noticias Online","description":"News Media Directories - Noticias Online","potentialAction":[{"@type":"SearchAction","target":{"@type":"EntryPoint","urlTemplate":"https:\/\/newsmediadirectories.com\/es\/?s={search_term_string}"},"query-input":{"@type":"PropertyValueSpecification","valueRequired":true,"valueName":"search_term_string"}}],"inLanguage":"es"},{"@type":"Person","@id":"https:\/\/newsmediadirectories.com\/es\/#\/schema\/person\/d936c9a5f74cd01c7ff4e2b559363063","name":"Valeria Catillo","image":{"@type":"ImageObject","inLanguage":"es","@id":"https:\/\/newsmediadirectories.com\/es\/#\/schema\/person\/image\/","url":"https:\/\/secure.gravatar.com\/avatar\/1b6716d8318da7cd8a049a1c7b480328?s=96&d=mm&r=g","contentUrl":"https:\/\/secure.gravatar.com\/avatar\/1b6716d8318da7cd8a049a1c7b480328?s=96&d=mm&r=g","caption":"Valeria Catillo"},"sameAs":["https:\/\/newsmediadirectories.com\/es"]}]}},"_links":{"self":[{"href":"https:\/\/newsmediadirectories.com\/es\/wp-json\/wp\/v2\/posts\/3950"}],"collection":[{"href":"https:\/\/newsmediadirectories.com\/es\/wp-json\/wp\/v2\/posts"}],"about":[{"href":"https:\/\/newsmediadirectories.com\/es\/wp-json\/wp\/v2\/types\/post"}],"author":[{"embeddable":true,"href":"https:\/\/newsmediadirectories.com\/es\/wp-json\/wp\/v2\/users\/1"}],"replies":[{"embeddable":true,"href":"https:\/\/newsmediadirectories.com\/es\/wp-json\/wp\/v2\/comments?post=3950"}],"version-history":[{"count":0,"href":"https:\/\/newsmediadirectories.com\/es\/wp-json\/wp\/v2\/posts\/3950\/revisions"}],"wp:featuredmedia":[{"embeddable":true,"href":"https:\/\/newsmediadirectories.com\/es\/wp-json\/wp\/v2\/media\/3595"}],"wp:attachment":[{"href":"https:\/\/newsmediadirectories.com\/es\/wp-json\/wp\/v2\/media?parent=3950"}],"wp:term":[{"taxonomy":"category","embeddable":true,"href":"https:\/\/newsmediadirectories.com\/es\/wp-json\/wp\/v2\/categories?post=3950"},{"taxonomy":"post_tag","embeddable":true,"href":"https:\/\/newsmediadirectories.com\/es\/wp-json\/wp\/v2\/tags?post=3950"},{"taxonomy":"wf_post_folders","embeddable":true,"href":"https:\/\/newsmediadirectories.com\/es\/wp-json\/wp\/v2\/wf_post_folders?post=3950"}],"curies":[{"name":"wp","href":"https:\/\/api.w.org\/{rel}","templated":true}]}}