{"id":2518,"date":"2023-03-31T13:47:55","date_gmt":"2023-03-31T13:47:55","guid":{"rendered":"https:\/\/newsmediadirectories.com\/es\/el-cuidado-infantil-protegiendo-a-nuestros-pequenos\/"},"modified":"2023-12-19T13:20:55","modified_gmt":"2023-12-19T13:20:55","slug":"el-cuidado-infantil-protegiendo-a-nuestros-pequenos","status":"publish","type":"post","link":"https:\/\/newsmediadirectories.com\/es\/el-cuidado-infantil-protegiendo-a-nuestros-pequenos\/","title":{"rendered":"El cuidado infantil: protegiendo a nuestros peque\u00f1os"},"content":{"rendered":"<p>El cuidado infantil: protegiendo a nuestros peque\u00f1os<\/p>\n<p>La seguridad y el bienestar de nuestros hijos es primordial para cualquier padre o cuidador. En la actualidad, el cuidado infantil es una necesidad para muchas familias, ya que muchos padres trabajan a tiempo completo y necesitan dejar a sus hijos con cuidadores mientras ellos trabajan fuera de casa. Por ello, en este art\u00edculo hablaremos sobre la importancia del cuidado infantil y daremos consejos \u00fatiles para proteger a nuestros peque\u00f1os.<\/p>\n<p>1. La importancia del cuidado infantil<\/p>\n<p>El cuidado infantil es esencial para el desarrollo de nuestros hijos. Un buen cuidado garantiza que nuestros hijos est\u00e9n seguros, felices y bien atendidos mientras los padres est\u00e1n fuera de casa. Adem\u00e1s, los cuidadores pueden brindar un ambiente de aprendizaje divertido, seguro y estimulante para los peque\u00f1os. Un cuidado de calidad y una atenci\u00f3n personalizada pueden ayudar a preparar a nuestros hijos para su futuro acad\u00e9mico y emocional.<\/p>\n<p>2. Consejos \u00fatiles para proteger a nuestros peque\u00f1os<\/p>\n<p>&#8211; Seleccione cuidadosamente a su cuidador: Cuando elija un cuidador para su hijo, aseg\u00farese de investigar sus antecedentes y referencias. Si un adulto desconocido cuidar\u00e1 a su hijo, solicite comprobaciones de antecedentes y averig\u00fce si ha pasado una verificaci\u00f3n de antecedentes.<br \/>\n&#8211; Establezca reglas claras: Aseg\u00farese de que el cuidador est\u00e9 informado de las principales reglas, como las dietas, los horarios de medicaci\u00f3n, el tiempo asignado para la actividad f\u00edsica y las actividades permitidas. Adem\u00e1s, establezca l\u00edmites claros en cuanto a la permisividad en las actividades de los ni\u00f1os, as\u00ed como en las restricciones a actividades de juego peligrosas o extremas.<br \/>\n&#8211; Asegure la seguridad de su hogar: Realice una inspecci\u00f3n del hogar para asegurarse de que las \u00e1reas donde el cuidador y su hijo pasar\u00e1n tiempo est\u00e9n seguras y libres de peligros, como productos de limpieza, medicamentos inseguros, enchufes sueltos, etc. Adem\u00e1s, aseg\u00farese de que las herramientas de seguridad apropiadas, como rejas de seguridad y cubiertas de tomas de corriente, est\u00e9n instaladas correctamente.<\/p>\n<p>3. Conclusi\u00f3n<\/p>\n<p>Cuidar de los ni\u00f1os puede ser abrumador, pero con los cuidadores adecuados, las reglas claras y el ambiente seguro, puede mantener a sus hijos seguros mientras est\u00e1 fuera de casa. El cuidado infantil es una necesidad en nuestra sociedad actual, y es importante tomar medidas para garantizar que nuestros hijos est\u00e9n felices, seguros y bien atendidos. Esperamos que estos consejos hayan sido \u00fatiles y que pueda seguir poniendo en pr\u00e1ctica una atenci\u00f3n amorosa y responsable para su peque\u00f1o.<\/p>\n","protected":false},"excerpt":{"rendered":"<p>El cuidado infantil: protegiendo a nuestros peque\u00f1os La seguridad y el bienestar de nuestros hijos es primordial para cualquier padre o cuidador. En la actualidad, el cuidado infantil es una necesidad para muchas familias, ya que muchos padres trabajan a tiempo completo y necesitan dejar a sus hijos con cuidadores mientras ellos trabajan fuera de [&hellip;]<\/p>\n","protected":false},"author":12,"featured_media":1036,"comment_status":"open","ping_status":"open","sticky":false,"template":"","format":"standard","meta":{"inline_featured_image":false,"footnotes":""},"categories":[53],"tags":[],"wf_post_folders":[],"class_list":{"0":"post-2518","1":"post","2":"type-post","3":"status-publish","4":"format-standard","5":"has-post-thumbnail","7":"category-maternidad"},"yoast_head":"<!-- This site is optimized with the Yoast SEO plugin v24.1 - https:\/\/yoast.com\/wordpress\/plugins\/seo\/ -->\n<title>El cuidado infantil: protegiendo a nuestros peque\u00f1os<\/title>\n<meta name=\"robots\" content=\"index, follow, max-snippet:-1, max-image-preview:large, max-video-preview:-1\" \/>\n<link rel=\"canonical\" href=\"https:\/\/newsmediadirectories.com\/es\/el-cuidado-infantil-protegiendo-a-nuestros-pequenos\/\" \/>\n<meta property=\"og:locale\" content=\"es_ES\" \/>\n<meta property=\"og:type\" content=\"article\" \/>\n<meta property=\"og:title\" content=\"El cuidado infantil: protegiendo a nuestros peque\u00f1os\" \/>\n<meta property=\"og:description\" content=\"El cuidado infantil: protegiendo a nuestros peque\u00f1os La seguridad y el bienestar de nuestros hijos es primordial para cualquier padre o cuidador. En la actualidad, el cuidado infantil es una necesidad para muchas familias, ya que muchos padres trabajan a tiempo completo y necesitan dejar a sus hijos con cuidadores mientras ellos trabajan fuera de [&hellip;]\" \/>\n<meta property=\"og:url\" content=\"https:\/\/newsmediadirectories.com\/es\/el-cuidado-infantil-protegiendo-a-nuestros-pequenos\/\" \/>\n<meta property=\"og:site_name\" content=\"News Media Directories - Noticias Online\" \/>\n<meta property=\"article:published_time\" content=\"2023-03-31T13:47:55+00:00\" \/>\n<meta property=\"article:modified_time\" content=\"2023-12-19T13:20:55+00:00\" \/>\n<meta property=\"og:image\" content=\"https:\/\/newsmediadirectories.com\/es\/wp-content\/uploads\/2023\/03\/maternidad-13.jpg\" \/>\n\t<meta property=\"og:image:width\" content=\"1000\" \/>\n\t<meta property=\"og:image:height\" content=\"667\" \/>\n\t<meta property=\"og:image:type\" content=\"image\/jpeg\" \/>\n<meta name=\"author\" content=\"Elena Ortega\" \/>\n<meta name=\"twitter:card\" content=\"summary_large_image\" \/>\n<meta name=\"twitter:label1\" content=\"Escrito por\" \/>\n\t<meta name=\"twitter:data1\" content=\"Elena Ortega\" \/>\n\t<meta name=\"twitter:label2\" content=\"Tiempo de lectura\" \/>\n\t<meta name=\"twitter:data2\" content=\"2 minutos\" \/>\n<script type=\"application\/ld+json\" class=\"yoast-schema-graph\">{\"@context\":\"https:\/\/schema.org\",\"@graph\":[{\"@type\":\"WebPage\",\"@id\":\"https:\/\/newsmediadirectories.com\/es\/el-cuidado-infantil-protegiendo-a-nuestros-pequenos\/\",\"url\":\"https:\/\/newsmediadirectories.com\/es\/el-cuidado-infantil-protegiendo-a-nuestros-pequenos\/\",\"name\":\"El cuidado infantil: protegiendo a nuestros peque\u00f1os\",\"isPartOf\":{\"@id\":\"https:\/\/newsmediadirectories.com\/es\/#website\"},\"primaryImageOfPage\":{\"@id\":\"https:\/\/newsmediadirectories.com\/es\/el-cuidado-infantil-protegiendo-a-nuestros-pequenos\/#primaryimage\"},\"image\":{\"@id\":\"https:\/\/newsmediadirectories.com\/es\/el-cuidado-infantil-protegiendo-a-nuestros-pequenos\/#primaryimage\"},\"thumbnailUrl\":\"https:\/\/newsmediadirectories.com\/es\/wp-content\/uploads\/2023\/03\/maternidad-13.jpg\",\"datePublished\":\"2023-03-31T13:47:55+00:00\",\"dateModified\":\"2023-12-19T13:20:55+00:00\",\"author\":{\"@id\":\"https:\/\/newsmediadirectories.com\/es\/#\/schema\/person\/c0fb1dcf2d5ee4e042632344c943ccd6\"},\"inLanguage\":\"es\",\"potentialAction\":[{\"@type\":\"ReadAction\",\"target\":[\"https:\/\/newsmediadirectories.com\/es\/el-cuidado-infantil-protegiendo-a-nuestros-pequenos\/\"]}]},{\"@type\":\"ImageObject\",\"inLanguage\":\"es\",\"@id\":\"https:\/\/newsmediadirectories.com\/es\/el-cuidado-infantil-protegiendo-a-nuestros-pequenos\/#primaryimage\",\"url\":\"https:\/\/newsmediadirectories.com\/es\/wp-content\/uploads\/2023\/03\/maternidad-13.jpg\",\"contentUrl\":\"https:\/\/newsmediadirectories.com\/es\/wp-content\/uploads\/2023\/03\/maternidad-13.jpg\",\"width\":1000,\"height\":667},{\"@type\":\"WebSite\",\"@id\":\"https:\/\/newsmediadirectories.com\/es\/#website\",\"url\":\"https:\/\/newsmediadirectories.com\/es\/\",\"name\":\"News Media Directories - Noticias Online\",\"description\":\"News Media Directories - Noticias Online\",\"potentialAction\":[{\"@type\":\"SearchAction\",\"target\":{\"@type\":\"EntryPoint\",\"urlTemplate\":\"https:\/\/newsmediadirectories.com\/es\/?s={search_term_string}\"},\"query-input\":{\"@type\":\"PropertyValueSpecification\",\"valueRequired\":true,\"valueName\":\"search_term_string\"}}],\"inLanguage\":\"es\"},{\"@type\":\"Person\",\"@id\":\"https:\/\/newsmediadirectories.com\/es\/#\/schema\/person\/c0fb1dcf2d5ee4e042632344c943ccd6\",\"name\":\"Elena Ortega\",\"image\":{\"@type\":\"ImageObject\",\"inLanguage\":\"es\",\"@id\":\"https:\/\/newsmediadirectories.com\/es\/#\/schema\/person\/image\/\",\"url\":\"https:\/\/secure.gravatar.com\/avatar\/0d22b4fcb95d02d293a06ba5c7454bc6?s=96&d=mm&r=g\",\"contentUrl\":\"https:\/\/secure.gravatar.com\/avatar\/0d22b4fcb95d02d293a06ba5c7454bc6?s=96&d=mm&r=g\",\"caption\":\"Elena Ortega\"},\"description\":\"Como mam\u00e1 y consejera, acompa\u00f1o a otras madres en el camino de la maternidad. Juntas descubriremos el amor m\u00e1s profundo. Aparece en peri\u00f3dicos digitales y domina los buscadores, Inf\u00f3rmate aqu\u00ed.\"}]}<\/script>\n<!-- \/ Yoast SEO plugin. -->","yoast_head_json":{"title":"El cuidado infantil: protegiendo a nuestros peque\u00f1os","robots":{"index":"index","follow":"follow","max-snippet":"max-snippet:-1","max-image-preview":"max-image-preview:large","max-video-preview":"max-video-preview:-1"},"canonical":"https:\/\/newsmediadirectories.com\/es\/el-cuidado-infantil-protegiendo-a-nuestros-pequenos\/","og_locale":"es_ES","og_type":"article","og_title":"El cuidado infantil: protegiendo a nuestros peque\u00f1os","og_description":"El cuidado infantil: protegiendo a nuestros peque\u00f1os La seguridad y el bienestar de nuestros hijos es primordial para cualquier padre o cuidador. En la actualidad, el cuidado infantil es una necesidad para muchas familias, ya que muchos padres trabajan a tiempo completo y necesitan dejar a sus hijos con cuidadores mientras ellos trabajan fuera de [&hellip;]","og_url":"https:\/\/newsmediadirectories.com\/es\/el-cuidado-infantil-protegiendo-a-nuestros-pequenos\/","og_site_name":"News Media Directories - Noticias Online","article_published_time":"2023-03-31T13:47:55+00:00","article_modified_time":"2023-12-19T13:20:55+00:00","og_image":[{"width":1000,"height":667,"url":"https:\/\/newsmediadirectories.com\/es\/wp-content\/uploads\/2023\/03\/maternidad-13.jpg","type":"image\/jpeg"}],"author":"Elena Ortega","twitter_card":"summary_large_image","twitter_misc":{"Escrito por":"Elena Ortega","Tiempo de lectura":"2 minutos"},"schema":{"@context":"https:\/\/schema.org","@graph":[{"@type":"WebPage","@id":"https:\/\/newsmediadirectories.com\/es\/el-cuidado-infantil-protegiendo-a-nuestros-pequenos\/","url":"https:\/\/newsmediadirectories.com\/es\/el-cuidado-infantil-protegiendo-a-nuestros-pequenos\/","name":"El cuidado infantil: protegiendo a nuestros peque\u00f1os","isPartOf":{"@id":"https:\/\/newsmediadirectories.com\/es\/#website"},"primaryImageOfPage":{"@id":"https:\/\/newsmediadirectories.com\/es\/el-cuidado-infantil-protegiendo-a-nuestros-pequenos\/#primaryimage"},"image":{"@id":"https:\/\/newsmediadirectories.com\/es\/el-cuidado-infantil-protegiendo-a-nuestros-pequenos\/#primaryimage"},"thumbnailUrl":"https:\/\/newsmediadirectories.com\/es\/wp-content\/uploads\/2023\/03\/maternidad-13.jpg","datePublished":"2023-03-31T13:47:55+00:00","dateModified":"2023-12-19T13:20:55+00:00","author":{"@id":"https:\/\/newsmediadirectories.com\/es\/#\/schema\/person\/c0fb1dcf2d5ee4e042632344c943ccd6"},"inLanguage":"es","potentialAction":[{"@type":"ReadAction","target":["https:\/\/newsmediadirectories.com\/es\/el-cuidado-infantil-protegiendo-a-nuestros-pequenos\/"]}]},{"@type":"ImageObject","inLanguage":"es","@id":"https:\/\/newsmediadirectories.com\/es\/el-cuidado-infantil-protegiendo-a-nuestros-pequenos\/#primaryimage","url":"https:\/\/newsmediadirectories.com\/es\/wp-content\/uploads\/2023\/03\/maternidad-13.jpg","contentUrl":"https:\/\/newsmediadirectories.com\/es\/wp-content\/uploads\/2023\/03\/maternidad-13.jpg","width":1000,"height":667},{"@type":"WebSite","@id":"https:\/\/newsmediadirectories.com\/es\/#website","url":"https:\/\/newsmediadirectories.com\/es\/","name":"News Media Directories - Noticias Online","description":"News Media Directories - Noticias Online","potentialAction":[{"@type":"SearchAction","target":{"@type":"EntryPoint","urlTemplate":"https:\/\/newsmediadirectories.com\/es\/?s={search_term_string}"},"query-input":{"@type":"PropertyValueSpecification","valueRequired":true,"valueName":"search_term_string"}}],"inLanguage":"es"},{"@type":"Person","@id":"https:\/\/newsmediadirectories.com\/es\/#\/schema\/person\/c0fb1dcf2d5ee4e042632344c943ccd6","name":"Elena Ortega","image":{"@type":"ImageObject","inLanguage":"es","@id":"https:\/\/newsmediadirectories.com\/es\/#\/schema\/person\/image\/","url":"https:\/\/secure.gravatar.com\/avatar\/0d22b4fcb95d02d293a06ba5c7454bc6?s=96&d=mm&r=g","contentUrl":"https:\/\/secure.gravatar.com\/avatar\/0d22b4fcb95d02d293a06ba5c7454bc6?s=96&d=mm&r=g","caption":"Elena Ortega"},"description":"Como mam\u00e1 y consejera, acompa\u00f1o a otras madres en el camino de la maternidad. Juntas descubriremos el amor m\u00e1s profundo. Aparece en peri\u00f3dicos digitales y domina los buscadores, Inf\u00f3rmate aqu\u00ed."}]}},"_links":{"self":[{"href":"https:\/\/newsmediadirectories.com\/es\/wp-json\/wp\/v2\/posts\/2518"}],"collection":[{"href":"https:\/\/newsmediadirectories.com\/es\/wp-json\/wp\/v2\/posts"}],"about":[{"href":"https:\/\/newsmediadirectories.com\/es\/wp-json\/wp\/v2\/types\/post"}],"author":[{"embeddable":true,"href":"https:\/\/newsmediadirectories.com\/es\/wp-json\/wp\/v2\/users\/12"}],"replies":[{"embeddable":true,"href":"https:\/\/newsmediadirectories.com\/es\/wp-json\/wp\/v2\/comments?post=2518"}],"version-history":[{"count":1,"href":"https:\/\/newsmediadirectories.com\/es\/wp-json\/wp\/v2\/posts\/2518\/revisions"}],"predecessor-version":[{"id":3119,"href":"https:\/\/newsmediadirectories.com\/es\/wp-json\/wp\/v2\/posts\/2518\/revisions\/3119"}],"wp:featuredmedia":[{"embeddable":true,"href":"https:\/\/newsmediadirectories.com\/es\/wp-json\/wp\/v2\/media\/1036"}],"wp:attachment":[{"href":"https:\/\/newsmediadirectories.com\/es\/wp-json\/wp\/v2\/media?parent=2518"}],"wp:term":[{"taxonomy":"category","embeddable":true,"href":"https:\/\/newsmediadirectories.com\/es\/wp-json\/wp\/v2\/categories?post=2518"},{"taxonomy":"post_tag","embeddable":true,"href":"https:\/\/newsmediadirectories.com\/es\/wp-json\/wp\/v2\/tags?post=2518"},{"taxonomy":"wf_post_folders","embeddable":true,"href":"https:\/\/newsmediadirectories.com\/es\/wp-json\/wp\/v2\/wf_post_folders?post=2518"}],"curies":[{"name":"wp","href":"https:\/\/api.w.org\/{rel}","templated":true}]}}